{"id":175348,"date":"2026-06-14T16:06:07","date_gmt":"2026-06-14T16:06:07","guid":{"rendered":"https:\/\/www.europesays.com\/ch-fr\/175348\/"},"modified":"2026-06-14T16:06:07","modified_gmt":"2026-06-14T16:06:07","slug":"la-population-de-la-singine-noie-la-future-piscine-de-planfayon","status":"publish","type":"post","link":"https:\/\/www.europesays.com\/ch-fr\/175348\/","title":{"rendered":"La population de la Singine noie la future piscine de Planfayon"},"content":{"rendered":"<p>\n                Teaserbild-Quelle: DR, Commune de Planfayon, Sensler Bad\n            <\/p>\n<p>La<br \/>\nconstruction d\u2019un complexe aquatique devait doter la r\u00e9gion al\u00e9manique du<br \/>\ncanton d\u2019un \u00e9quipement sportif en synergie avec son d\u00e9veloppement. Le projet<br \/>\nest finalement recal\u00e9 au nombre de voix, alors que les communes concern\u00e9es l\u2019ont<br \/>\nvot\u00e9 du bout des l\u00e8vres.<\/p>\n<p>        <img decoding=\"async\" src=\"https:\/\/www.europesays.com\/ch-fr\/wp-content\/uploads\/2026\/06\/31447_1.jpg\" alt=\"Piscine Planfayon 2\" class=\"img-responsive\"\/><\/p>\n<p class=\"font-size-14 mt-2 mb-0\">Cr\u00e9dit image: DR, Commune de Planfayon, Sensler Bad<\/p>\n<p class=\"font-size-14 mb-4\">La piscine devait combler un manque d\u2019\u00e9quipements, pour les \u00e9coles surtout.<\/p>\n<p>La<br \/>\npartie al\u00e9manique du canton de Fribourg serait-elle n\u00e9glig\u00e9e\u00a0? Les<br \/>\npartisans de la construction d\u2019une piscine \u00e0 Planfayon le pensent. Mais le<br \/>\nprojet a d\u00e9chain\u00e9 les passions, allant jusqu\u2019\u00e0 \u00eatre recal\u00e9 au nombre de voix<br \/>\npar les \u00e9lecteurs des communes concern\u00e9es. \u00a0Le choix du terrain provoque un d\u00e9ferlement<br \/>\nd\u2019opposition, ainsi que le co\u00fbt global et la participation attendue des<br \/>\ncommunes du district de la Singine.<\/p>\n<p>La<br \/>\ncommune de Planfayon est dot\u00e9e d\u2019atouts touristiques ind\u00e9niables. Comme le site<br \/>\ndu Lac Noir, autrefois si fr\u00e9quent\u00e9 par l\u2019arm\u00e9e et qui subit actuellement une<br \/>\nvraie m\u00e9tamorphose sportive. Mais la collectivit\u00e9 locale paie d\u00e9j\u00e0 le prix fort<br \/>\nde ce d\u00e9veloppement, ont d\u00e9nonc\u00e9 les opposants au projet de piscine. Pour les<br \/>\nautres, la construction d\u2019un complexe sportif aurait permis \u00e0 la population<br \/>\nlocale de ne plus migrer pour s\u2019adonner \u00e0 des activit\u00e9s nautiques.<\/p>\n<p>Tout sur le bassin<br \/>Les 15<br \/>\ncommunes de la Singine ne devaient la main \u00e0 leur porte-monnaie que pour le<br \/>\ncomplexe de natation, le projet \u00e9tait bien plus vaste. Il comprenait aussi<br \/>\ndivers \u00e9quipements sportifs et de loisirs, ainsi que des commerces, des bureaux,<br \/>\nun espace de coworking et un parking souterrain. La r\u00e9alisation d\u2019une centrale<br \/>\nde chauffage et d\u2019un nouveau d\u00e9p\u00f4t de bus \u00e9taient \u00e9galement envisag\u00e9e sur<br \/>\nplace. Le montage du projet reposait sur la r\u00e9alisation de la piscine, mais<br \/>\ndivers autres partenaires avaient d\u00e9j\u00e0 manifest\u00e9 leur int\u00e9r\u00eat \u00e0 venir y occuper<br \/>\ndes surfaces. <\/p>\n<p>Les<br \/>\nfinances, pierre d&rsquo;achoppement<br \/>Le complexe devait compl\u00e9ter l\u2019offre de l\u2019\u00e9cole obligatoire locale et agir en<br \/>\nsynergie avec les installations du Lac Noir. La commune de Planfayon, concern\u00e9e<br \/>\nau premier chef, a accept\u00e9 le projet, \u00e0 l\u2019instar de la majorit\u00e9 des communes.<br \/>\nSeulement, le vote populaire a fait pencher la balance dans le camp des<br \/>\nopposants. \u00a0Les \u00e9l\u00e8ves singinois devront<br \/>\nde ce fait continuer de suivre leurs cours de natation dans d\u2019autres piscines<br \/>\nfribourgeoises, dans la partie francophone du canton en particulier. L\u2019argument<br \/>\nfinancier ayant pr\u00e9valu, le canton attendra de se prononcer sur le projet. \u00a0Cela pour autant que de nouveaux investisseurs<br \/>\npriv\u00e9s se manifestent, rapporte le m\u00e9dia num\u00e9rique fribourgeois Frapp.ch<\/p>\n","protected":false},"excerpt":{"rendered":"Teaserbild-Quelle: DR, Commune de Planfayon, Sensler Bad La construction d\u2019un complexe aquatique devait doter la r\u00e9gion al\u00e9manique du&hellip;\n","protected":false},"author":2,"featured_media":175349,"comment_status":"","ping_status":"","sticky":false,"template":"","format":"standard","meta":{"footnotes":"","_share_on_mastodon":"0"},"categories":[6],"tags":[8523,5977,45,2224,4750,44,43,669,211,1163,92,1162,23],"class_list":["post-175348","post","type-post","status-publish","format-standard","has-post-thumbnail","category-economie","tag-architecture-et-construction","tag-associations","tag-business","tag-constructions-nouvelles","tag-developpement","tag-economie","tag-economy","tag-formation","tag-fribourg","tag-gef_news","tag-politique","tag-rub_projets","tag-suisse"],"share_on_mastodon":{"url":"https:\/\/pubeurope.com\/@ch_fr\/116749322800521035","error":""},"_links":{"self":[{"href":"https:\/\/www.europesays.com\/ch-fr\/wp-json\/wp\/v2\/posts\/175348","targetHints":{"allow":["GET"]}}],"collection":[{"href":"https:\/\/www.europesays.com\/ch-fr\/wp-json\/wp\/v2\/posts"}],"about":[{"href":"https:\/\/www.europesays.com\/ch-fr\/wp-json\/wp\/v2\/types\/post"}],"author":[{"embeddable":true,"href":"https:\/\/www.europesays.com\/ch-fr\/wp-json\/wp\/v2\/users\/2"}],"replies":[{"embeddable":true,"href":"https:\/\/www.europesays.com\/ch-fr\/wp-json\/wp\/v2\/comments?post=175348"}],"version-history":[{"count":0,"href":"https:\/\/www.europesays.com\/ch-fr\/wp-json\/wp\/v2\/posts\/175348\/revisions"}],"wp:featuredmedia":[{"embeddable":true,"href":"https:\/\/www.europesays.com\/ch-fr\/wp-json\/wp\/v2\/media\/175349"}],"wp:attachment":[{"href":"https:\/\/www.europesays.com\/ch-fr\/wp-json\/wp\/v2\/media?parent=175348"}],"wp:term":[{"taxonomy":"category","embeddable":true,"href":"https:\/\/www.europesays.com\/ch-fr\/wp-json\/wp\/v2\/categories?post=175348"},{"taxonomy":"post_tag","embeddable":true,"href":"https:\/\/www.europesays.com\/ch-fr\/wp-json\/wp\/v2\/tags?post=175348"}],"curies":[{"name":"wp","href":"https:\/\/api.w.org\/{rel}","templated":true}]}}