{"id":175502,"date":"2026-06-14T18:10:15","date_gmt":"2026-06-14T18:10:15","guid":{"rendered":"https:\/\/www.europesays.com\/ch-fr\/175502\/"},"modified":"2026-06-14T18:10:15","modified_gmt":"2026-06-14T18:10:15","slug":"ca-fait-longtemps-quon-attend-pour-se-retrouver-florent-pagny-en-pleine-forme-prouve-a-forest-national-quil-reste-un-incontournable","status":"publish","type":"post","link":"https:\/\/www.europesays.com\/ch-fr\/175502\/","title":{"rendered":"\u00ab\u00a0\u00c7a fait longtemps qu\u2019on attend pour se retrouver\u00a0\u00bb: Florent Pagny, en pleine forme, prouve \u00e0 Forest National qu&rsquo;il reste un incontournable"},"content":{"rendered":"<p>Un show \u00e0 l&rsquo;ancienne<\/p>\n<p class=\"ap-StoryElement ap-StoryElement--mb ap-StoryText\">\u00ab\u00a0Allez, \u00e7a fait quinze mois qu&rsquo;on attend\u00a0\u00bb, s&rsquo;impatiente une fan au moment o\u00f9 les lumi\u00e8res s&rsquo;\u00e9teignent en se rem\u00e9morant le jour o\u00f9 elle a r\u00e9ussi \u00e0 obtenir un pr\u00e9cieux s\u00e9same pour venir voir son idole. Les spectateurs, avertis de la m\u00e9thode employ\u00e9e les soirs pr\u00e9c\u00e9dents, pointent d\u00e9j\u00e0 l&rsquo;objectif de leur t\u00e9l\u00e9phone vers la sortie de la fosse d&rsquo;o\u00f9 le chanteur jaillira quelques instants plus tard sur \u00ab\u00a0Ma libert\u00e9 de penser\u00a0\u00bb.<\/p>\n<p><a href=\"https:\/\/www.dhnet.be\/lifestyle\/people\/2026\/06\/09\/cetait-un-lieu-sacre-la-maison-de-florent-pagny-en-patagonie-a-provoque-des-polemiques-video-COQZGZNRGRFRBKTBEUE7WETYUM\/\" target=\"_self\" class=\"ap-StoryInterstitialLink ap-StoryElement ap-StoryElement--mb\" rel=\"nofollow noopener\">\u00ab\u00a0C&rsquo;\u00e9tait un lieu sacr\u00e9\u00a0\u00bb : la maison de Florent Pagny en Patagonie a provoqu\u00e9 des pol\u00e9miques (VID\u00c9O)<\/a><\/p>\n<p class=\"ap-StoryElement ap-StoryElement--mb ap-StoryText\">\u00ab\u00a0Bonsoir Bruxelles ! Bienvenue et merci pour cet accueil. \u00c7a fait longtemps qu&rsquo;on attend pour se retrouver. Avec mes amis musiciens, on va tout faire pour que vous n&rsquo;ayez pas attendu pour rien aussi longtemps\u00a0\u00bb, promet d&rsquo;entr\u00e9e Florent Pagny, visiblement en pleine forme, au moment de s&rsquo;installer sur une sc\u00e8ne qu&rsquo;il conna\u00eet par c\u0153ur. Tout sourire, il se permettra m\u00eame une petite blague : \u00ab\u00a0J&rsquo;aurais pu arriver du plafond accroch\u00e9 \u00e0 un fil mais je n&rsquo;ai plus l&rsquo;\u00e2ge pour \u00e7a\u00a0\u00bb.<\/p>\n<p class=\"ap-StoryElement ap-StoryElement--mb ap-StoryText\">Avec l&rsquo;interpr\u00e8te de \u00ab\u00a0Caruso\u00a0\u00bb, bien loin des artifices, le spectacle vient avant tout de la puissance de sa voix et des notes qu&rsquo;il peut encore atteindre. La foule a d&rsquo;ailleurs droit \u00e0 certains de ses incontournables (\u00ab\u00a0Savoir aimer\u00a0\u00bb, \u00ab\u00a0Et un jour, une femme\u00a0\u00bb, \u00ab\u00a0Les murs porteurs\u00a0\u00bb\u2026), comme il les appelle, mais aussi \u00e0 une immersion en trois parties dans des th\u00e9matiques qui lui tiennent \u00e0 c\u0153ur et qui composent son dernier album Grandeur nature comme la nature justement, l&rsquo;amour, les liens sociaux ou l&rsquo;introspection.<\/p>\n<p>Cancer et duo avec Il Cello<\/p>\n<p class=\"ap-StoryElement ap-StoryElement--mb ap-StoryText\">Le natif de Chalon-sur-Sa\u00f4ne se livre \u00e0 la fois sur des sujets l\u00e9gers, comme en d\u00e9voilant la chanson pr\u00e9f\u00e9r\u00e9e de sa femme (\u00ab\u00a0Compter les bisons\u00a0\u00bb), et sur des exp\u00e9riences plus lourdes avec, notamment, l&rsquo;histoire derri\u00e8re le titre r\u00e9cent \u00ab\u00a0T&rsquo;aimer encore\u00a0\u00bb. Tout en pudeur, il revient alors sans le nommer sur le cancer qui l&rsquo;a touch\u00e9 en 2022. \u00ab\u00a0\u00c7a ne m&#8217;emp\u00eachait pas d&rsquo;honorer certains de mes engagements comme &lsquo;The Voice'\u00a0\u00bb, retrace-t-il avant d&rsquo;expliquer que sa situation avait inspir\u00e9 Vianney \u00e0 lui \u00e9crire cette chanson. Une \u00e9motion palpable qui lui vaudra d&rsquo;ailleurs sa premi\u00e8re standing ovation.<\/p>\n<p><a href=\"https:\/\/www.dhnet.be\/medias\/television\/2026\/05\/31\/les-adieux-de-florent-pagny-a-the-voice-qui-sait-je-reviendrai-peut-etre-MKEPFT5EVVEMDHKBCV5VPQQY3I\/\" target=\"_self\" class=\"ap-StoryInterstitialLink ap-StoryElement ap-StoryElement--mb\" rel=\"nofollow noopener\">Les adieux de Florent Pagny \u00e0 \u00ab\u00a0The Voice\u00a0\u00bb : \u00ab\u00a0Qui sait, je reviendrai peut-\u00eatre\u00a0\u00bb<\/a><\/p>\n<p class=\"ap-StoryElement ap-StoryElement--mb ap-StoryText\">Au cours d&rsquo;un concert r\u00e9gl\u00e9 comme du papier \u00e0 musique, Florent Pagny invite \u00e9galement le groupe Il Cello, vainqueur de la saison 14 de \u00ab\u00a0The Voice : la plus belle voix\u00a0\u00bb, pour partager le titre \u00ab\u00a0Lo le canto per te\u00a0\u00bb apr\u00e8s que le trio ait assur\u00e9 sa premi\u00e8re partie plus t\u00f4t dans la soir\u00e9e comme c&rsquo;est le cas depuis le d\u00e9but de la tourn\u00e9e de leur ancien coach. Le public se l\u00e8vera \u00e0 nouveau \u00e0 l&rsquo;unisson, notamment pour applaudir le r\u00e9gional de l&rsquo;\u00e9tape, Salvatore.<\/p>\n<p>Olympia et retour \u00e0 Forest National<\/p>\n<p class=\"ap-StoryElement ap-StoryElement--mb ap-StoryText\">Apr\u00e8s avoir remerci\u00e9 ses fans et exprim\u00e9 son plaisir de faire encore de la musique, Florent Pagny rappellera encore qu&rsquo;il n&rsquo;a pas \u00e9t\u00e9 autoris\u00e9 par son m\u00e9decin \u00e0 se soumettre au petit jeu des photos et des d\u00e9dicaces apr\u00e8s le show. Il rassurera toutefois la foule en leur promettant de revenir rapidement. \u00ab\u00a0\u00c0 la prochaine ? \u00c0 la prochaine !\u00a0\u00bb, insistera-t-il.<\/p>\n<p><a href=\"https:\/\/www.dhnet.be\/lifestyle\/people\/2026\/04\/06\/il-ne-faut-pas-penser-quon-est-eternel-florent-pagny-quitte-the-voice-france-mais-reviendra-pour-cette-seule-et-unique-raison-P3GVF6A675DJPP3UDXWFN2LZKM\/\" target=\"_self\" class=\"ap-StoryInterstitialLink ap-StoryElement ap-StoryElement--mb\" rel=\"nofollow noopener\">\u00ab\u00a0Il ne faut pas penser qu&rsquo;on est \u00e9ternel\u00a0\u00bb : Florent Pagny quitte The Voice France mais reviendra pour cette seule et unique raison<\/a><\/p>\n<p class=\"ap-StoryElement ap-StoryElement--mb ap-StoryText\">Florent Pagny s&rsquo;appr\u00eate d\u00e9sormais \u00e0 entrer en r\u00e9sidence d\u00e8s mardi \u00e0 l&rsquo;Olympia de Paris et ce pendant pr\u00e8s de cinq semaines. Il reviendra dans quelques mois en Belgique, le 19 novembre prochain, pour une nouvelle date \u00e0 Forest National. Il aura f\u00eat\u00e9 ses 65 ans quelques jours plus t\u00f4t.<\/p>\n","protected":false},"excerpt":{"rendered":"Un show \u00e0 l&rsquo;ancienne \u00ab\u00a0Allez, \u00e7a fait quinze mois qu&rsquo;on attend\u00a0\u00bb, s&rsquo;impatiente une fan au moment o\u00f9 les&hellip;\n","protected":false},"author":2,"featured_media":175503,"comment_status":"","ping_status":"","sticky":false,"template":"","format":"standard","meta":{"footnotes":"","_share_on_mastodon":"0"},"categories":[15],"tags":[1297,158,157,113,112,3004,16615,141,159,23],"class_list":["post-175502","post","type-post","status-publish","format-standard","has-post-thumbnail","category-people","tag-belgique","tag-celebrities","tag-celebrity","tag-divertissement","tag-entertainment","tag-florent-pagny","tag-forest-national","tag-musique","tag-people","tag-suisse"],"share_on_mastodon":{"url":"https:\/\/pubeurope.com\/@ch_fr\/116749810200486412","error":""},"_links":{"self":[{"href":"https:\/\/www.europesays.com\/ch-fr\/wp-json\/wp\/v2\/posts\/175502","targetHints":{"allow":["GET"]}}],"collection":[{"href":"https:\/\/www.europesays.com\/ch-fr\/wp-json\/wp\/v2\/posts"}],"about":[{"href":"https:\/\/www.europesays.com\/ch-fr\/wp-json\/wp\/v2\/types\/post"}],"author":[{"embeddable":true,"href":"https:\/\/www.europesays.com\/ch-fr\/wp-json\/wp\/v2\/users\/2"}],"replies":[{"embeddable":true,"href":"https:\/\/www.europesays.com\/ch-fr\/wp-json\/wp\/v2\/comments?post=175502"}],"version-history":[{"count":0,"href":"https:\/\/www.europesays.com\/ch-fr\/wp-json\/wp\/v2\/posts\/175502\/revisions"}],"wp:featuredmedia":[{"embeddable":true,"href":"https:\/\/www.europesays.com\/ch-fr\/wp-json\/wp\/v2\/media\/175503"}],"wp:attachment":[{"href":"https:\/\/www.europesays.com\/ch-fr\/wp-json\/wp\/v2\/media?parent=175502"}],"wp:term":[{"taxonomy":"category","embeddable":true,"href":"https:\/\/www.europesays.com\/ch-fr\/wp-json\/wp\/v2\/categories?post=175502"},{"taxonomy":"post_tag","embeddable":true,"href":"https:\/\/www.europesays.com\/ch-fr\/wp-json\/wp\/v2\/tags?post=175502"}],"curies":[{"name":"wp","href":"https:\/\/api.w.org\/{rel}","templated":true}]}}