{"id":177845,"date":"2026-06-16T09:07:07","date_gmt":"2026-06-16T09:07:07","guid":{"rendered":"https:\/\/www.europesays.com\/ch-fr\/177845\/"},"modified":"2026-06-16T09:07:07","modified_gmt":"2026-06-16T09:07:07","slug":"le-jura-renforce-la-lutte-contre-les-plantes-envahissantes","status":"publish","type":"post","link":"https:\/\/www.europesays.com\/ch-fr\/177845\/","title":{"rendered":"Le Jura renforce la lutte contre les plantes envahissantes"},"content":{"rendered":"<p>\u00a0<\/p>\n<p class=\"wysiwyg-h4\">Les esp\u00e8ces exotiques envahissantes, ou n\u00e9ophytes envahissantes, repr\u00e9sentent une menace croissante pour la biodiversit\u00e9 locale, la sant\u00e9 et les activit\u00e9s agricoles. \u00c0 celles-ci s&rsquo;ajoutent certaines esp\u00e8ces indig\u00e8nes envahissantes pouvant \u00e9galement poser probl\u00e8me pour l&rsquo;agriculture. Face \u00e0 leur progression, le Canton du Jura renforce sa strat\u00e9gie de lutte en se dotant de directives \u00e9tablissant des seuils de densit\u00e9, \u00e0 partir desquels des mesures peuvent \u00eatre exig\u00e9es. \u00c9labor\u00e9es conjointement par l&rsquo;Office de l&rsquo;environnement et le Service de l&rsquo;\u00e9conomie rurale, ces directives offrent ainsi un cadre d&rsquo;action clair, proportionn\u00e9 et coordonn\u00e9 sur l&rsquo;ensemble du territoire.<\/p>\n<p>Les esp\u00e8ces exotiques envahissantes constituent une menace croissante pour la biodiversit\u00e9, la sant\u00e9 publique et les activit\u00e9s agricoles. Certaines esp\u00e8ces indig\u00e8nes peuvent \u00e9galement occasionner d&rsquo;importants dommages \u00e0 l&rsquo;agriculture. Face \u00e0 ces enjeux, le Canton du Jura renforce son dispositif de lutte en se dotant de nouvelles directives d\u00e9finissant des seuils d&rsquo;intervention.<\/p>\n<p>\u00c9labor\u00e9es conjointement par l&rsquo;Office de l&rsquo;environnement (ENV) et le Service de l&rsquo;\u00e9conomie rurale (ECR), ces directives fixent, pour chaque esp\u00e8ce concern\u00e9e, un seuil de densit\u00e9 exprim\u00e9 par are (100 m\u00b2). Au-del\u00e0 de ce seuil, l&rsquo;Etat peut exiger la mise en \u0153uvre de mesures de lutte ou, si n\u00e9cessaire, les faire ex\u00e9cuter aux frais du propri\u00e9taire ou de l&rsquo;exploitant. Les directives fournissent ainsi un cadre uniforme et transparent pour l&rsquo;ensemble des acteurs concern\u00e9s.<\/p>\n<p>Les seuils ont \u00e9t\u00e9 d\u00e9finis en tenant compte de l&rsquo;impact de chaque esp\u00e8ce ainsi que de son degr\u00e9 d&rsquo;implantation sur le territoire jurassien. Ils concernent aussi bien plusieurs esp\u00e8ces exotiques envahissantes que trois esp\u00e8ces indig\u00e8nes particuli\u00e8rement probl\u00e9matiques pour l&rsquo;agriculture: le chardon des champs, le rumex \u00e0 feuilles obtuses et le s\u00e9ne\u00e7on jacob\u00e9e.<\/p>\n<p>L&rsquo;objectif poursuivi est pragmatique. Pour certaines esp\u00e8ces d\u00e9sormais largement r\u00e9pandues, une \u00e9radication compl\u00e8te n&rsquo;est plus r\u00e9aliste. Les efforts doivent d\u00e8s lors se concentrer sur la limitation de leur propagation et la r\u00e9duction des dommages qu&rsquo;elles causent. Les seuils d\u00e9finis marquent le point \u00e0 partir duquel une intervention formelle de l&rsquo;Etat peut \u00eatre engag\u00e9e. Ils ne constituent toutefois pas un objectif de gestion: pour garantir une lutte efficace, il demeure essentiel d&rsquo;intervenir d\u00e8s l&rsquo;apparition des premi\u00e8res plantes sur une parcelle, bien avant que ces seuils ne soient atteints.<\/p>\n<p>Le cadre l\u00e9gal jurassien impose d\u00e9j\u00e0 aux propri\u00e9taires fonciers et aux exploitants de prendre les mesures n\u00e9cessaires pour lutter contre ces esp\u00e8ces. Cette obligation concerne les particuliers propri\u00e9taires de terrains en zone \u00e0 b\u00e2tir, les agriculteurs, les propri\u00e9taires forestiers, les collectivit\u00e9s publiques ainsi que les gestionnaires d&rsquo;infrastructures routi\u00e8res et ferroviaires. Le long des eaux de surface, cette responsabilit\u00e9 incombe aux communes.<\/p>\n<p>Lorsqu&rsquo;un d\u00e9passement de seuil est constat\u00e9, l&rsquo;ENV ou l&rsquo;ECR \u2013 selon la zone concern\u00e9e (zone \u00e0 b\u00e2tir, for\u00eat ou zone agricole) \u2013 peut impartir un d\u00e9lai d&rsquo;intervention au propri\u00e9taire, \u00e0 l&rsquo;exploitant ou \u00e0 la commune. En l&rsquo;absence de r\u00e9action, une d\u00e9cision formelle peut \u00eatre rendue et les mesures n\u00e9cessaires ordonn\u00e9es. En zone agricole, une r\u00e9duction des paiements directs peut \u00e9galement \u00eatre appliqu\u00e9e.<\/p>\n<p>Ces nouvelles directives s&rsquo;inscrivent dans la continuit\u00e9 des actions men\u00e9es depuis plus de dix ans dans le canton pour lutter contre les esp\u00e8ces probl\u00e9matiques. Elles compl\u00e8tent notamment les mesures d&rsquo;interdiction de commercialisation de certaines esp\u00e8ces, les actions de sensibilisation du public ainsi que la mobilisation croissante des communes, des propri\u00e9taires, des exploitants et des associations.<\/p>\n<p>Les nouvelles directives, la description des esp\u00e8ces et les modalit\u00e9s de leur lutte sont disponibles sur: <a href=\"http:\/\/www.jura.ch\/env\" target=\"_blank\" rel=\"nofollow noopener\">www.jura.ch\/env<\/a>.<\/p>\n","protected":false},"excerpt":{"rendered":"\u00a0 Les esp\u00e8ces exotiques envahissantes, ou n\u00e9ophytes envahissantes, repr\u00e9sentent une menace croissante pour la biodiversit\u00e9 locale, la sant\u00e9&hellip;\n","protected":false},"author":2,"featured_media":177846,"comment_status":"","ping_status":"","sticky":false,"template":"","format":"standard","meta":{"footnotes":"","_share_on_mastodon":"0"},"categories":[3],"tags":[3779,3798,3780,3792,3778,3788,3797,121,3775,3794,119,3784,3787,122,3785,3795,118,3781,120,3786,3793,3789,3782,3776,3777,3783,23,3796,3791,3790],"class_list":["post-177845","post","type-post","status-publish","format-standard","has-post-thumbnail","category-suisse","tag-3779","tag-23-giugno","tag-23-juin","tag-23rd-of-june","tag-administration","tag-administrazion","tag-adminitrazione","tag-ajoie","tag-canton","tag-cantone","tag-delemont","tag-delsberg","tag-doubs","tag-franches-montagnes","tag-freiberge","tag-giura","tag-jura","tag-kanton","tag-porrentruy","tag-pruntrut","tag-repubblica-e-canton-giura","tag-republic","tag-republik-und-kanton-jura","tag-republique-et-canton","tag-saint-ursanne","tag-schweiz","tag-suisse","tag-svizzera","tag-switzerland","tag-website"],"share_on_mastodon":{"url":"https:\/\/pubeurope.com\/@ch_fr\/116758999882516967","error":""},"_links":{"self":[{"href":"https:\/\/www.europesays.com\/ch-fr\/wp-json\/wp\/v2\/posts\/177845","targetHints":{"allow":["GET"]}}],"collection":[{"href":"https:\/\/www.europesays.com\/ch-fr\/wp-json\/wp\/v2\/posts"}],"about":[{"href":"https:\/\/www.europesays.com\/ch-fr\/wp-json\/wp\/v2\/types\/post"}],"author":[{"embeddable":true,"href":"https:\/\/www.europesays.com\/ch-fr\/wp-json\/wp\/v2\/users\/2"}],"replies":[{"embeddable":true,"href":"https:\/\/www.europesays.com\/ch-fr\/wp-json\/wp\/v2\/comments?post=177845"}],"version-history":[{"count":0,"href":"https:\/\/www.europesays.com\/ch-fr\/wp-json\/wp\/v2\/posts\/177845\/revisions"}],"wp:featuredmedia":[{"embeddable":true,"href":"https:\/\/www.europesays.com\/ch-fr\/wp-json\/wp\/v2\/media\/177846"}],"wp:attachment":[{"href":"https:\/\/www.europesays.com\/ch-fr\/wp-json\/wp\/v2\/media?parent=177845"}],"wp:term":[{"taxonomy":"category","embeddable":true,"href":"https:\/\/www.europesays.com\/ch-fr\/wp-json\/wp\/v2\/categories?post=177845"},{"taxonomy":"post_tag","embeddable":true,"href":"https:\/\/www.europesays.com\/ch-fr\/wp-json\/wp\/v2\/tags?post=177845"}],"curies":[{"name":"wp","href":"https:\/\/api.w.org\/{rel}","templated":true}]}}