{"id":178373,"date":"2026-06-16T15:53:35","date_gmt":"2026-06-16T15:53:35","guid":{"rendered":"https:\/\/www.europesays.com\/ch-fr\/178373\/"},"modified":"2026-06-16T15:53:35","modified_gmt":"2026-06-16T15:53:35","slug":"benjamin-voisin-ne-sera-pas-le-seul-a-incarner-johnny-hallyday-dans-son-biopic","status":"publish","type":"post","link":"https:\/\/www.europesays.com\/ch-fr\/178373\/","title":{"rendered":"Benjamin Voisin ne sera pas le seul \u00e0 incarner Johnny Hallyday dans son biopic"},"content":{"rendered":"<p><img alt=\"Connu pour \u00eatre le meilleur sosie vocal de Johnny Hallyday, le chanteur Jean-Baptiste Gu\u00e9gan a \u00e9t\u00e9 approch\u00e9 pour aider \u00e0 reproduire la voix du Taulier \u00e0 l'\u00e9cran.\" loading=\"lazy\" width=\"960\" height=\"639\" decoding=\"async\" data-nimg=\"1\" class=\"rounded-lg\" style=\"color:transparent\" src=\"https:\/\/www.europesays.com\/ch-fr\/wp-content\/uploads\/2026\/06\/0382684473233d77be382c25d94ac4bb.jpeg\"\/><\/p>\n<p>GUILLAUME SOUVANT \/ AFP Connu pour \u00eatre le meilleur sosie vocal de Johnny Hallyday, le chanteur Jean-Baptiste Gu\u00e9gan a \u00e9t\u00e9 approch\u00e9 pour aider \u00e0 reproduire la voix du Taulier \u00e0 l&rsquo;\u00e9cran.<\/p>\n<p class=\"mb-4 text-lg md:leading-8 break-words\">Le d\u00e9but du tournage du biopic sur Johnny Hallyday, r\u00e9alis\u00e9 par le cin\u00e9aste C\u00e9dric Jimenez et dans lequel <a rel=\"nofollow noopener\" class=\"link  yahoo-link\" href=\"https:\/\/fr.news.yahoo.com\/adaptation-l-%C3%A9tranger-fran%C3%A7ois-ozon-103731268.html\" data-i13n=\"cpos:1;pos:1\" data-ylk=\"elm:link;elmt:article_link;slk:l&#039;acteur Benjamin Voisin;cpos:1;pos:1;itc:0;sec:content-canvas;outcm:mb_qualified_link;_E:mb_qualified_link;ct:story;\" data-yga=\"{&quot;yLinkPosition&quot;:&quot;1&quot;,&quot;yLinkElement&quot;:&quot;context_link&quot;,&quot;yPosition&quot;:&quot;1&quot;,&quot;yModuleName&quot;:&quot;content-canvas&quot;,&quot;yLinkText&quot;:&quot;l&#039;acteur Benjamin Voisin&quot;,&quot;yHasCommerce&quot;:false}\" target=\"_blank\">l&rsquo;acteur Benjamin Voisin<\/a> campera la star de la chanson fran\u00e7aise a d\u00e9but\u00e9 d\u00e9but juin.<\/p>\n<p class=\"mb-4 text-lg md:leading-8 break-words\">Si les informations sont encore rares sur <a rel=\"nofollow noopener\" class=\"link  yahoo-link\" href=\"https:\/\/fr.news.yahoo.com\/rapha%C3%ABl-quenard-n-incarnera-finalement-093720602.html\" data-i13n=\"cpos:2;pos:1\" data-ylk=\"elm:link;elmt:article_link;slk:ce film biographique;cpos:2;pos:1;itc:0;sec:content-canvas;outcm:mb_qualified_link;_E:mb_qualified_link;ct:story;\" data-yga=\"{&quot;yLinkPosition&quot;:&quot;2&quot;,&quot;yLinkElement&quot;:&quot;context_link&quot;,&quot;yPosition&quot;:&quot;1&quot;,&quot;yModuleName&quot;:&quot;content-canvas&quot;,&quot;yLinkText&quot;:&quot;ce film biographique&quot;,&quot;yHasCommerce&quot;:false}\" target=\"_blank\">ce film biographique<\/a>, en dehors de son casting et de la p\u00e9riode historique qu&rsquo;il compte couvrir, <a class=\"link \" href=\"https:\/\/www.leparisien.fr\/culture-loisirs\/musique\/il-collabore-au-projet-jean-baptiste-guegan-sosie-vocal-de-johnny-donnera-de-la-voix-pour-le-biopic-du-chanteur-15-06-2026-KIEBAMADDFGCTH52VPXYFVWJYY.php\" data-i13n=\"cpos:3;pos:1\" rel=\"nofollow noopener\" target=\"_blank\" data-ylk=\"elm:link;elmt:article_link;slk:Le Parisien;cpos:3;pos:1;itc:0;sec:content-canvas\" data-yga=\"{&quot;yLinkPosition&quot;:&quot;3&quot;,&quot;yLinkElement&quot;:&quot;context_link&quot;,&quot;yPosition&quot;:&quot;1&quot;,&quot;yModuleName&quot;:&quot;content-canvas&quot;,&quot;yLinkText&quot;:&quot;Le Parisien&quot;,&quot;yHasCommerce&quot;:false}\">Le Parisien<\/a> a d\u00e9voil\u00e9 une information cruciale ce lundi 15\u00a0juin\u00a0: Benjamin Voisin ne sera pas exactement le seul \u00e0 incarner <a rel=\"nofollow noopener\" class=\"link  yahoo-link\" href=\"https:\/\/fr.news.yahoo.com\/johnny-hallyday-michel-berger-retour-150420833.html\" data-i13n=\"cpos:4;pos:1\" data-ylk=\"elm:link;elmt:article_link;slk:Johnny Hallyday;cpos:4;pos:1;itc:0;sec:content-canvas;outcm:mb_qualified_link;_E:mb_qualified_link;ct:story;\" data-yga=\"{&quot;yLinkPosition&quot;:&quot;4&quot;,&quot;yLinkElement&quot;:&quot;context_link&quot;,&quot;yPosition&quot;:&quot;1&quot;,&quot;yModuleName&quot;:&quot;content-canvas&quot;,&quot;yLinkText&quot;:&quot;Johnny Hallyday&quot;,&quot;yHasCommerce&quot;:false}\" target=\"_blank\">Johnny Hallyday<\/a>. En effet, Jean-Baptiste Gu\u00e9gan, que les fans de Johnny connaissent bien, donnera de la voix pour se rapprocher au plus pr\u00e8s de celui dont il est le sosie vocal depuis de nombreuses ann\u00e9es.<\/p>\n<p class=\"mb-4 text-lg md:leading-8 break-words\"><a rel=\"nofollow noopener\" class=\"link  yahoo-link\" href=\"https:\/\/fr.news.yahoo.com\/sport\/premi%C3%A8re-image-biopic-johnny-hallyday-185405774.html\" data-i13n=\"cpos:5;pos:1\" data-ylk=\"elm:link;elmt:article_link;slk:La premi\u00e8re image du biopic sur Johnny Hallyday officialise qui jouera \u00ab\u00a0l&#039;idole des jeunes\u00a0\u00bb;cpos:5;pos:1;itc:0;sec:content-canvas;outcm:mb_qualified_link;_E:mb_qualified_link;ct:story;\" data-yga=\"{&quot;yLinkPosition&quot;:&quot;5&quot;,&quot;yLinkElement&quot;:&quot;context_link&quot;,&quot;yPosition&quot;:&quot;1&quot;,&quot;yModuleName&quot;:&quot;content-canvas&quot;,&quot;yLinkText&quot;:&quot;La premi\u00e8re image du biopic sur Johnny Hallyday officialise qui jouera \u00ab&amp;nbsp&quot;,&quot;yHasCommerce&quot;:false}\" target=\"_blank\">La premi\u00e8re image du biopic sur Johnny Hallyday officialise qui jouera \u00ab\u00a0l&rsquo;idole des jeunes\u00a0\u00bb<\/a><\/p>\n<p class=\"mb-4 text-lg md:leading-8 break-words\">L&rsquo;artiste de 43\u00a0ans qui avait remport\u00e9 La France a un Incroyable Talent en 2018 \u00ab\u00a0collabore au projet\u00a0\u00bb, confirme au journal le producteur du biopic sur Johnny, <a rel=\"nofollow noopener\" class=\"link  yahoo-link\" href=\"https:\/\/fr.news.yahoo.com\/producteur-biopic-johnny-hallyday-balaye-094507792.html\" data-i13n=\"cpos:6;pos:1\" data-ylk=\"elm:link;elmt:article_link;slk:Hugo S\u00e9lignac;cpos:6;pos:1;itc:0;sec:content-canvas;outcm:mb_qualified_link;_E:mb_qualified_link;ct:story;\" data-yga=\"{&quot;yLinkPosition&quot;:&quot;6&quot;,&quot;yLinkElement&quot;:&quot;context_link&quot;,&quot;yPosition&quot;:&quot;1&quot;,&quot;yModuleName&quot;:&quot;content-canvas&quot;,&quot;yLinkText&quot;:&quot;Hugo S\u00e9lignac&quot;,&quot;yHasCommerce&quot;:false}\" target=\"_blank\">Hugo S\u00e9lignac<\/a>. La voix de l&rsquo;iconique chanteur d&rsquo;Allumer le feu et Je te promets sera ainsi reconstitu\u00e9e dans le film \u00e0 partir de plusieurs sources dont Jean-Baptiste Gu\u00e9gan.<\/p>\n<p class=\"mb-4 text-lg md:leading-8 break-words\">Un gage de qualit\u00e9 pour le long-m\u00e9trage tant sa voix est fid\u00e8le \u00e0 celle du Taulier. Au point d&rsquo;avoir convaincu l&rsquo;ancien parolier de Johnny Hallyday (Michel Mallory) de lui proposer des morceaux qui \u00e9taient \u00e0 l&rsquo;origine destin\u00e9s \u00e0 Jean-Philippe Smet. La production pr\u00e9cise par ailleurs que \u00ab\u00a0la voix finale sera un m\u00e9lange de plusieurs techniques, qui ne sont pas li\u00e9es \u00e0 l&rsquo;IA\u00a0\u00bb.<\/p>\n<p>\u00ab\u00a0On ne fera jamais mieux que le vrai Johnny\u00a0\u00bb<\/p>\n<p class=\"mb-4 text-lg md:leading-8 break-words\">Si la voix de Johnny sera recr\u00e9\u00e9e pour interpr\u00e9ter ses chansons dans le film, la bande originale restera toutefois celle du vrai Johnny glisse Hugo S\u00e9lignac. \u00ab\u00a0Il y aura une bande originale du film, mais avec uniquement les chansons originales de Johnny, pas les versions du long-m\u00e9trage. On ne fera jamais mieux que le vrai Johnny\u00a0\u00bb, admet-il.<\/p>\n<p class=\"mb-4 text-lg md:leading-8 break-words\">Le film, dont la date de sortie est fix\u00e9e au 8\u00a0d\u00e9cembre\u00a02027 r\u00e9unira autour de Benjamin Voisin (Rapha\u00ebl Quenard devait au d\u00e9part incarner le chanteur) un casting comptant <a rel=\"nofollow noopener\" class=\"link  yahoo-link\" href=\"https:\/\/fr.news.yahoo.com\/laura-smet-rend-hommage-premi%C3%A8re-184818625.html\" data-i13n=\"cpos:7;pos:1\" data-ylk=\"elm:link;elmt:article_link;slk:Laura Smet, la fille de Johnny Hallyday;cpos:7;pos:1;itc:0;sec:content-canvas;outcm:mb_qualified_link;_E:mb_qualified_link;ct:story;\" data-yga=\"{&quot;yLinkPosition&quot;:&quot;7&quot;,&quot;yLinkElement&quot;:&quot;context_link&quot;,&quot;yPosition&quot;:&quot;1&quot;,&quot;yModuleName&quot;:&quot;content-canvas&quot;,&quot;yLinkText&quot;:&quot;Laura Smet, la fille de Johnny Hallyday&quot;,&quot;yHasCommerce&quot;:false}\" target=\"_blank\">Laura Smet, la fille de Johnny Hallyday<\/a>, mais aussi William Lebghil, Marie Colomb, Fred Testot ou encore Nina Meurisse. Quant au film, il couvrira l&rsquo;histoire personnelle et professionnelle du c\u00e9l\u00e8bre chanteur de ses d\u00e9buts sur sc\u00e8ne jusqu&rsquo;au concert donn\u00e9 pour ses 50\u00a0ans en 1993\u00a0au Parc des Princes.<\/p>\n<p class=\"mb-4 text-lg md:leading-8 break-words\"><a rel=\"nofollow noopener\" class=\"link  yahoo-link\" href=\"https:\/\/fr.news.yahoo.com\/voiture-unique-johnny-hallyday-panther-075908504.html\" data-i13n=\"cpos:8;pos:1\" data-ylk=\"elm:link;elmt:article_link;slk:Cette voiture unique de Johnny Hallyday, une Panther DeVille a \u00e9t\u00e9 vendue trois fois l&#039;estimation;cpos:8;pos:1;itc:0;sec:content-canvas;outcm:mb_qualified_link;_E:mb_qualified_link;ct:story;\" data-yga=\"{&quot;yLinkPosition&quot;:&quot;8&quot;,&quot;yLinkElement&quot;:&quot;context_link&quot;,&quot;yPosition&quot;:&quot;1&quot;,&quot;yModuleName&quot;:&quot;content-canvas&quot;,&quot;yLinkText&quot;:&quot;Cette voiture unique de Johnny Hallyday, une Panther DeVille a \u00e9t\u00e9 vendue trois fois l&#039;estimation&quot;,&quot;yHasCommerce&quot;:false}\" target=\"_blank\">Cette voiture unique de Johnny Hallyday, une Panther DeVille a \u00e9t\u00e9 vendue trois fois l&rsquo;estimation<\/a><\/p>\n<p class=\"mb-4 text-lg md:leading-8 break-words\"><a rel=\"nofollow noopener\" class=\"link  yahoo-link\" href=\"https:\/\/fr.news.yahoo.com\/sport\/madonna-donn%C3%A9-%C3%A0-times-square-104111746.html\" data-i13n=\"cpos:9;pos:1\" data-ylk=\"elm:link;elmt:article_link;slk:Madonna a donn\u00e9 \u00e0 Times Square le coup d&#039;envoi du mois des fiert\u00e9s comme il fallait;cpos:9;pos:1;itc:0;sec:content-canvas;outcm:mb_qualified_link;_E:mb_qualified_link;ct:story;\" data-yga=\"{&quot;yLinkPosition&quot;:&quot;9&quot;,&quot;yLinkElement&quot;:&quot;context_link&quot;,&quot;yPosition&quot;:&quot;1&quot;,&quot;yModuleName&quot;:&quot;content-canvas&quot;,&quot;yLinkText&quot;:&quot;Madonna a donn\u00e9 \u00e0 Times Square le coup d&#039;envoi du mois des fiert\u00e9s comme il fallait&quot;,&quot;yHasCommerce&quot;:false}\" target=\"_blank\">Madonna a donn\u00e9 \u00e0 Times Square le coup d&rsquo;envoi du mois des fiert\u00e9s comme il fallait<\/a><\/p>\n","protected":false},"excerpt":{"rendered":"GUILLAUME SOUVANT \/ AFP Connu pour \u00eatre le meilleur sosie vocal de Johnny Hallyday, le chanteur Jean-Baptiste Gu\u00e9gan&hellip;\n","protected":false},"author":2,"featured_media":178374,"comment_status":"","ping_status":"","sticky":false,"template":"","format":"standard","meta":{"footnotes":"","_share_on_mastodon":"0"},"categories":[15],"tags":[32121,158,157,113,112,41969,41861,2562,4205,159,23],"class_list":["post-178373","post","type-post","status-publish","format-standard","has-post-thumbnail","category-people","tag-benjamin-voisin","tag-celebrities","tag-celebrity","tag-divertissement","tag-entertainment","tag-jean-baptiste","tag-jean-baptiste-guegan","tag-johnny-hallyday","tag-le-chanteur","tag-people","tag-suisse"],"share_on_mastodon":{"url":"https:\/\/pubeurope.com\/@ch_fr\/116760595939308840","error":""},"_links":{"self":[{"href":"https:\/\/www.europesays.com\/ch-fr\/wp-json\/wp\/v2\/posts\/178373","targetHints":{"allow":["GET"]}}],"collection":[{"href":"https:\/\/www.europesays.com\/ch-fr\/wp-json\/wp\/v2\/posts"}],"about":[{"href":"https:\/\/www.europesays.com\/ch-fr\/wp-json\/wp\/v2\/types\/post"}],"author":[{"embeddable":true,"href":"https:\/\/www.europesays.com\/ch-fr\/wp-json\/wp\/v2\/users\/2"}],"replies":[{"embeddable":true,"href":"https:\/\/www.europesays.com\/ch-fr\/wp-json\/wp\/v2\/comments?post=178373"}],"version-history":[{"count":0,"href":"https:\/\/www.europesays.com\/ch-fr\/wp-json\/wp\/v2\/posts\/178373\/revisions"}],"wp:featuredmedia":[{"embeddable":true,"href":"https:\/\/www.europesays.com\/ch-fr\/wp-json\/wp\/v2\/media\/178374"}],"wp:attachment":[{"href":"https:\/\/www.europesays.com\/ch-fr\/wp-json\/wp\/v2\/media?parent=178373"}],"wp:term":[{"taxonomy":"category","embeddable":true,"href":"https:\/\/www.europesays.com\/ch-fr\/wp-json\/wp\/v2\/categories?post=178373"},{"taxonomy":"post_tag","embeddable":true,"href":"https:\/\/www.europesays.com\/ch-fr\/wp-json\/wp\/v2\/tags?post=178373"}],"curies":[{"name":"wp","href":"https:\/\/api.w.org\/{rel}","templated":true}]}}