{"id":178629,"date":"2026-06-16T19:10:17","date_gmt":"2026-06-16T19:10:17","guid":{"rendered":"https:\/\/www.europesays.com\/ch-fr\/178629\/"},"modified":"2026-06-16T19:10:17","modified_gmt":"2026-06-16T19:10:17","slug":"un-miroir-geant-pour-un-opera-sur-le-lac-de-constance","status":"publish","type":"post","link":"https:\/\/www.europesays.com\/ch-fr\/178629\/","title":{"rendered":"Un miroir g\u00e9ant pour un op\u00e9ra sur le lac de Constance"},"content":{"rendered":"<p>\n                Teaserbild-Quelle: Liebherr.\n            <\/p>\n<p>Une grue Liebherr a pris en charge l\u2019installation d\u2019un d\u00e9cor de 86 fragments servant de cadre \u00e0 l\u2019interpr\u00e9tation de \u00ab La Traviata \u00bb de Giuseppe Verdi. Le prestigieux festival de Bregenz accueillera ainsi une \u0153uvre majeure dans le cadre in\u00e9dit de sa sc\u00e8ne flottante.<\/p>\n<p>        <img decoding=\"async\" src=\"https:\/\/www.europesays.com\/ch-fr\/wp-content\/uploads\/2026\/06\/31467_1.jpg\" alt=\"A son point le plus haut, le mur de miroirs s'\u00e9l\u00e8ve \u00e0 25 m au-dessus de la surface de l'eau et couvre environ 700 m\u00b2.\" class=\"img-responsive\"\/><\/p>\n<p class=\"font-size-14 mt-2 mb-0\">Cr\u00e9dit image: Liebherr.<\/p>\n<p class=\"font-size-14 mb-4\">La structure de verre domine la surface du lac.<\/p>\n<p>A l\u2019occasion du prochain festival de musique de Bregenz,<br \/>\nen Autriche, le d\u00e9cor de La Traviata\u202ffigure un miroir bris\u00e9. La structure<br \/>\natteint 25\u202fm de hauteur et couvre pr\u00e8s de 700\u202fm\u00b2 et est r\u00e9parti en 86<br \/>\nfragments. Le public aura l\u2019occasion de l\u2019admirer d\u00e8s le 22 juillet, date de la<br \/>\npremi\u00e8re repr\u00e9sentation de cet op\u00e9ra de Verdi.<\/p>\n<p>Les diff\u00e9rentes surfaces ont \u00e9t\u00e9 pr\u00e9par\u00e9es dans le hall<br \/>\nde montage sous forme d&rsquo;\u00e9l\u00e9ments en bois frais\u00e9s, puis recouvertes de films<br \/>\nimprim\u00e9s. Au total, 28 entreprises participent \u00e0 la construction de la sc\u00e8ne<br \/>\nflottante, dont Liebherr. Une \u00ab Liebherr 150 EC-B 8 Litronic \u00bb, mont\u00e9e sur un<br \/>\nch\u00e2ssis ancr\u00e9 dans l\u2019eau, a \u00e9t\u00e9 utilis\u00e9e pour la mise en place de la structure<br \/>\nen acier et le levage des \u00e9l\u00e9ments.<\/p>\n<p>Conception compacte sans fl\u00e8che<br \/>L\u2019engin de chantier bullois est en \u00a0fait une<br \/>\ngrue \u00e0 fl\u00e8che horizontale (flat-top) d&rsquo;une hauteur sous crochet de 32,8 m et<br \/>\nd&rsquo;une port\u00e9e de 55 m, indique l\u2019entreprise dans un communiqu\u00e9. La conception<br \/>\ncompacte sans fl\u00e8che a facilit\u00e9 son utilisation sur le chantier au bord de<br \/>\nl&rsquo;eau, o\u00f9 plusieurs corps de m\u00e9tier travaillaient en parall\u00e8le.<\/p>\n<p>        <img decoding=\"async\" src=\"https:\/\/www.europesays.com\/ch-fr\/wp-content\/uploads\/2026\/06\/31468_1.jpg\" alt=\"Les r\u00e9p\u00e9titions sc\u00e9niques battent actuellement leur plein. La premi\u00e8re de \u00abLa traviata\u00bb aura lieu le 22 juillet 2026.\" class=\"img-responsive\"\/><\/p>\n<p class=\"font-size-14 mt-2 mb-0\">Cr\u00e9dit image: Liebherr.<\/p>\n<p class=\"font-size-14 mb-4\">Apr\u00e8s la construction, place aux r\u00e9p\u00e9titions et aux repr\u00e9sentations.<\/p>\n<p>Les travaux de construction de la sc\u00e8ne flottante se sont<br \/>\nachev\u00e9s d\u00e9but avril. Les r\u00e9p\u00e9titions de l&rsquo;op\u00e9ra sur le lac d\u00e9butent. Au total,<br \/>\n28 repr\u00e9sentations sont pr\u00e9vues jusqu&rsquo;au 23 ao\u00fbt prochain. Depuis P\u00e2ques, le<br \/>\nspectacle sur le lac affiche complet \u2013 une premi\u00e8re dans les 80 ans d&rsquo;histoire<br \/>\ndu festival.\u00a0<\/p>\n<p>\u00a0<\/p>\n","protected":false},"excerpt":{"rendered":"Teaserbild-Quelle: Liebherr. Une grue Liebherr a pris en charge l\u2019installation d\u2019un d\u00e9cor de 86 fragments servant de cadre&hellip;\n","protected":false},"author":2,"featured_media":178630,"comment_status":"","ping_status":"","sticky":false,"template":"","format":"standard","meta":{"footnotes":"","_share_on_mastodon":"0"},"categories":[10],"tags":[2904,8523,414,2957,2224,4750,113,112,17970,721,9038,23],"class_list":["post-178629","post","type-post","status-publish","format-standard","has-post-thumbnail","category-divertissement","tag-architecture","tag-architecture-et-construction","tag-arts","tag-construction","tag-constructions-nouvelles","tag-developpement","tag-divertissement","tag-entertainment","tag-gef_technique","tag-infrastructure","tag-rub_divers","tag-suisse"],"share_on_mastodon":{"url":"https:\/\/pubeurope.com\/@ch_fr\/116761370944123568","error":""},"_links":{"self":[{"href":"https:\/\/www.europesays.com\/ch-fr\/wp-json\/wp\/v2\/posts\/178629","targetHints":{"allow":["GET"]}}],"collection":[{"href":"https:\/\/www.europesays.com\/ch-fr\/wp-json\/wp\/v2\/posts"}],"about":[{"href":"https:\/\/www.europesays.com\/ch-fr\/wp-json\/wp\/v2\/types\/post"}],"author":[{"embeddable":true,"href":"https:\/\/www.europesays.com\/ch-fr\/wp-json\/wp\/v2\/users\/2"}],"replies":[{"embeddable":true,"href":"https:\/\/www.europesays.com\/ch-fr\/wp-json\/wp\/v2\/comments?post=178629"}],"version-history":[{"count":0,"href":"https:\/\/www.europesays.com\/ch-fr\/wp-json\/wp\/v2\/posts\/178629\/revisions"}],"wp:featuredmedia":[{"embeddable":true,"href":"https:\/\/www.europesays.com\/ch-fr\/wp-json\/wp\/v2\/media\/178630"}],"wp:attachment":[{"href":"https:\/\/www.europesays.com\/ch-fr\/wp-json\/wp\/v2\/media?parent=178629"}],"wp:term":[{"taxonomy":"category","embeddable":true,"href":"https:\/\/www.europesays.com\/ch-fr\/wp-json\/wp\/v2\/categories?post=178629"},{"taxonomy":"post_tag","embeddable":true,"href":"https:\/\/www.europesays.com\/ch-fr\/wp-json\/wp\/v2\/tags?post=178629"}],"curies":[{"name":"wp","href":"https:\/\/api.w.org\/{rel}","templated":true}]}}