{"id":180770,"date":"2026-06-18T08:05:12","date_gmt":"2026-06-18T08:05:12","guid":{"rendered":"https:\/\/www.europesays.com\/ch-fr\/180770\/"},"modified":"2026-06-18T08:05:12","modified_gmt":"2026-06-18T08:05:12","slug":"coupe-du-monde-2026-celebrer-avec-passion-et-respect","status":"publish","type":"post","link":"https:\/\/www.europesays.com\/ch-fr\/180770\/","title":{"rendered":"Coupe du monde 2026 : c\u00e9l\u00e9brer avec passion et respect"},"content":{"rendered":"<p>Date : 18.06.2026 09:25:00 <\/p>\n<p>La Coupe du monde de football fait vibrer les supporters du monde entier. Dans le Jura, plusieurs lieux de rassemblement ont \u00e9t\u00e9 pr\u00e9vus pour regarder les matchs entre amateurs de ballon rond. \u00c0 cette occasion, la police jurassienne invite les supporters \u00e0 profiter pleinement de l&rsquo;\u00e9v\u00e9nement tout en veillant \u00e0 la s\u00e9curit\u00e9 de chacun ainsi qu&rsquo;au respect de la tranquillit\u00e9 publique.<\/p>\n<p>Jusqu\u2019au 19 juillet, les regards des amateurs de football sont tourn\u00e9s vers les \u00c9tats-Unis, le Canada et le Mexique, pays h\u00f4tes de cette nouvelle \u00e9dition de la Coupe du monde. Les \u00e9motions sont au rendez-vous, tout comme les c\u00e9l\u00e9brations qui pourraient suivre certaines rencontres.<\/p>\n<p>\u00c0 l&rsquo;issue des matchs, des rassemblements spontan\u00e9s ou des cort\u00e8ges de v\u00e9hicules pourraient se former pour exprimer la joie ou la d\u00e9ception des supporters. La police jurassienne ne favorisera pas ces rassemblements. Toutefois, lorsque les horaires des rencontres sont compatibles avec la tranquillit\u00e9 publique et pour autant qu&rsquo;ils ne perturbent pas excessivement la circulation ou l&rsquo;ordre public, ils pourront \u00eatre tol\u00e9r\u00e9s durant une p\u00e9riode maximale de soixante minutes apr\u00e8s la fin des matchs, mais en aucun cas au-del\u00e0 de minuit. Durant cette p\u00e9riode, des mesures de gestion du trafic pourront \u00eatre mises en place et certaines circulations d\u00e9vi\u00e9es si la situation l&rsquo;exige.<\/p>\n<p>La police rappelle que la passion du sport ne dispense pas du respect des r\u00e8gles de circulation. Les infractions graves seront syst\u00e9matiquement sanctionn\u00e9es, notamment le non-respect des priorit\u00e9s, des limitations de vitesse ou tout comportement mettant en danger les pi\u00e9tons, les passagers ainsi que les autres usagers de la route.<\/p>\n<p>Au terme du d\u00e9lai de tol\u00e9rance, les dispositions l\u00e9gales en vigueur seront appliqu\u00e9es avec rigueur. Les infractions constat\u00e9es, notamment l&rsquo;usage abusif des avertisseurs sonores, feront l&rsquo;objet de sanctions. Compte tenu du d\u00e9calage horaire avec l&rsquo;Am\u00e9rique du Nord, plusieurs rencontres se d\u00e9rouleront en soir\u00e9e ou durant la nuit. La police jurassienne invite donc chacun \u00e0 c\u00e9l\u00e9brer les r\u00e9sultats sportifs avec enthousiasme, mais \u00e9galement avec respect et fair-play, afin de pr\u00e9server le repos nocturne et la qualit\u00e9 de vie de l&rsquo;ensemble de la population.<\/p>\n<p>Profitons ensemble de cette grande f\u00eate du football dans un esprit de convivialit\u00e9, de respect et de s\u00e9curit\u00e9.<\/p>\n<p>\t<a href=\"https:\/\/www.jura.ch\/fr\/Autorites\/Administration\/DSJP\/POC\/Medias\/Communiques-de-presse-de-la-Police.html\" class=\"btn\" rel=\"nofollow noopener\" target=\"_blank\">\u00ab\u00a0\u00a0Retour<\/a>\t<\/p>\n","protected":false},"excerpt":{"rendered":"Date : 18.06.2026 09:25:00 La Coupe du monde de football fait vibrer les supporters du monde entier. Dans&hellip;\n","protected":false},"author":2,"featured_media":180771,"comment_status":"","ping_status":"","sticky":false,"template":"","format":"standard","meta":{"footnotes":"","_share_on_mastodon":"0"},"categories":[8],"tags":[3779,3798,3780,3792,3778,3788,3797,121,3775,3794,119,3784,3787,122,3785,3795,118,3781,120,3786,3793,3789,3782,3776,3777,3783,75,23,3796,3791,3790],"class_list":["post-180770","post","type-post","status-publish","format-standard","has-post-thumbnail","category-sports","tag-3779","tag-23-giugno","tag-23-juin","tag-23rd-of-june","tag-administration","tag-administrazion","tag-adminitrazione","tag-ajoie","tag-canton","tag-cantone","tag-delemont","tag-delsberg","tag-doubs","tag-franches-montagnes","tag-freiberge","tag-giura","tag-jura","tag-kanton","tag-porrentruy","tag-pruntrut","tag-repubblica-e-canton-giura","tag-republic","tag-republik-und-kanton-jura","tag-republique-et-canton","tag-saint-ursanne","tag-schweiz","tag-sports","tag-suisse","tag-svizzera","tag-switzerland","tag-website"],"share_on_mastodon":{"url":"https:\/\/pubeurope.com\/@ch_fr\/116770080409895130","error":""},"_links":{"self":[{"href":"https:\/\/www.europesays.com\/ch-fr\/wp-json\/wp\/v2\/posts\/180770","targetHints":{"allow":["GET"]}}],"collection":[{"href":"https:\/\/www.europesays.com\/ch-fr\/wp-json\/wp\/v2\/posts"}],"about":[{"href":"https:\/\/www.europesays.com\/ch-fr\/wp-json\/wp\/v2\/types\/post"}],"author":[{"embeddable":true,"href":"https:\/\/www.europesays.com\/ch-fr\/wp-json\/wp\/v2\/users\/2"}],"replies":[{"embeddable":true,"href":"https:\/\/www.europesays.com\/ch-fr\/wp-json\/wp\/v2\/comments?post=180770"}],"version-history":[{"count":0,"href":"https:\/\/www.europesays.com\/ch-fr\/wp-json\/wp\/v2\/posts\/180770\/revisions"}],"wp:featuredmedia":[{"embeddable":true,"href":"https:\/\/www.europesays.com\/ch-fr\/wp-json\/wp\/v2\/media\/180771"}],"wp:attachment":[{"href":"https:\/\/www.europesays.com\/ch-fr\/wp-json\/wp\/v2\/media?parent=180770"}],"wp:term":[{"taxonomy":"category","embeddable":true,"href":"https:\/\/www.europesays.com\/ch-fr\/wp-json\/wp\/v2\/categories?post=180770"},{"taxonomy":"post_tag","embeddable":true,"href":"https:\/\/www.europesays.com\/ch-fr\/wp-json\/wp\/v2\/tags?post=180770"}],"curies":[{"name":"wp","href":"https:\/\/api.w.org\/{rel}","templated":true}]}}