{"id":180836,"date":"2026-06-18T09:00:08","date_gmt":"2026-06-18T09:00:08","guid":{"rendered":"https:\/\/www.europesays.com\/ch-fr\/180836\/"},"modified":"2026-06-18T09:00:08","modified_gmt":"2026-06-18T09:00:08","slug":"appel-a-candidatures-pour-la-4eme-edition-du-prix-ceqf","status":"publish","type":"post","link":"https:\/\/www.europesays.com\/ch-fr\/180836\/","title":{"rendered":"Appel \u00e0 candidatures pour la 4\u00e8me \u00e9dition du Prix CEQF"},"content":{"rendered":"<p>Date : 18.06.2026 10:30:00 <\/p>\n<p>\u00a0<\/p>\n<p class=\"wysiwyg-h4\">Fruit de la coop\u00e9ration entre le Jura et Qu\u00e9bec, le Prix CEQF vise \u00e0 consacrer un travail remarquable qui questionne et r\u00e9v\u00e8le les \u00e9changes et les interactions au sein de la Francophonie. Cette distinction, d\u00e9cern\u00e9e par un jury international, est organis\u00e9e par le Centre suisse d\u2019\u00e9tudes sur le Qu\u00e9bec et la Francophonie (CEQF), en partenariat avec la R\u00e9publique et Canton du Jura et avec le soutien de l\u2019entreprise horlog\u00e8re Richard Mille.<\/p>\n<p>Un appel \u00e0 candidatures est lanc\u00e9 du 20 juin au 15 novembre 2026 pour la quatri\u00e8me \u00e9dition du Prix CEQF \u00abLa francophonie en d\u00e9bat\u00bb. Remis pour la premi\u00e8re fois en 2021, il a pour but de soutenir la production et la diffusion d&rsquo;\u0153uvres en langue fran\u00e7aise, artistiques ou acad\u00e9miques, de jeunes artistes ou de jeunes chercheuses et chercheurs domicili\u00e9s dans un pays membre &#8211; de plein droit, associ\u00e9 et observateur &#8211; de l&rsquo;Organisation Internationale de la Francophonie (OIF) ou de l\u2019Assembl\u00e9e parlementaire de la Francophonie (APF). Ce Prix s\u2019inscrit dans la poursuite des riches collaborations entre le Canton du Jura et le Qu\u00e9bec, avec notamment la r\u00e9alisation de l\u2019horloge monumentale Richard Mille offerte \u00e0 la Ville de Qu\u00e9bec en 2014.<\/p>\n<p>L\u2019\u0153uvre r\u00e9compens\u00e9e doit aider \u00e0 penser et \u00e0 illustrer les relations, les \u00e9changes et les interactions \u00e0 l\u2019int\u00e9rieur de la Francophonie sur le plan culturel, historique, \u00e9conomique ou social. Il peut s\u2019agir d\u2019une recherche in\u00e9dite en sciences humaines et sociales (histoire, sociologie, sciences politiques, sciences du langage, litt\u00e9rature, etc.) ou d\u2019une cr\u00e9ation artistique originale (texte litt\u00e9raire, chanson, th\u00e9\u00e2tre, production audiovisuelle, arts graphiques, etc.).<\/p>\n<p>Le Prix est ouvert aux jeunes domicili\u00e9s dans un pays de l\u2019OIF et \u00e2g\u00e9s au minimum de 18 ans et au maximum de 35 ans \u00e0 la date-limite pr\u00e9vue pour le d\u00e9p\u00f4t des dossiers, soit le 15 novembre 2026. Il est dot\u00e9 d\u2019un montant de 15&rsquo;000 francs suisses, dont le tiers est \u00e0 consacrer \u00e0 la promotion du Prix et de l\u2019\u0153uvre r\u00e9compens\u00e9e. La pr\u00e9sentation des \u0153uvres prim\u00e9es se d\u00e9roule \u00e0 Qu\u00e9bec et dans le Jura, g\u00e9n\u00e9ralement au cours de la Semaine de la langue fran\u00e7aise et de la francophonie organis\u00e9e chaque ann\u00e9e en mars.<\/p>\n<p>Les candidatures doivent \u00eatre transmises d\u2019ici le 15 novembre 2026 \u00e0 l\u2019adresse:\u00a0<a href=\"mailto:ceqf@unifr.ch\">ceqf@unifr.ch<\/a>.<\/p>\n<p>Le r\u00e8glement complet se trouve en ligne, sur le <a href=\"https:\/\/www.ceqf.ch\/prix-ceqf.html\" rel=\"nofollow noopener\" target=\"_blank\">site Internet du CEQF<\/a>.<\/p>\n<p class=\"wysiwyg-h7\">La premi\u00e8re \u00e9dition a r\u00e9compens\u00e9 Sara Del Rossi et Suzie Telep, pour leurs th\u00e8ses respectives O\u00f9 va le conte\u00a0? Dynamique transculturelle de l\u2019oraliture ha\u00eftienne et Whitiser, c\u2019est parler comme un Blanc. Langage, subjectivit\u00e9 et postcolonialit\u00e9 chez des militants afrodescendants d\u2019origine camerounaise \u00e0 Paris. La laur\u00e9ate de la seconde \u00e9dition a \u00e9t\u00e9 Eva Baehler, pour sa th\u00e8se Composer avec la Chronique coloniale: l\u2019intertextualit\u00e9 comme \u00ab strat\u00e9gie du brouillage \u00bb dans l\u2019\u0153uvre de Patrick Chamoiseau. Le laur\u00e9at de la troisi\u00e8me \u00e9dition a \u00e9t\u00e9 Diadi\u00e9 Demb\u00e9l\u00e9 pour son roman Deux grands hommes et demi, paru chez J.-C. Latt\u00e8s.<\/p>\n<p class=\"wysiwyg-color-bg2\">Le Centre suisse d\u2019\u00e9tudes sur le Qu\u00e9bec et la Francophonie (CEQF) a \u00e9t\u00e9 fond\u00e9 en 2010, en partenariat entre l\u2019Universit\u00e9 de Fribourg et le Canton du Jura. Il vise \u00e0 f\u00e9d\u00e9rer et stimuler, au niveau suisse, les \u00e9tudes et les recherches portant sur les relations entre la Suisse et le Qu\u00e9bec dans le cadre de la francophonie. <a href=\"http:\/\/www.ceqf.ch\" rel=\"nofollow noopener\" target=\"_blank\">www.ceqf.ch<\/a><\/p>\n<p>\t<a href=\"https:\/\/www.jura.ch\/fr\/Autorites\/Administration\/CHA\/SIC\/Centre-medias\/Communiques-2026.html\" class=\"btn\" rel=\"nofollow noopener\" target=\"_blank\">\u00ab\u00a0\u00a0Retour<\/a>\t<\/p>\n","protected":false},"excerpt":{"rendered":"Date : 18.06.2026 10:30:00 \u00a0 Fruit de la coop\u00e9ration entre le Jura et Qu\u00e9bec, le Prix CEQF vise&hellip;\n","protected":false},"author":2,"featured_media":180837,"comment_status":"","ping_status":"","sticky":false,"template":"","format":"standard","meta":{"footnotes":"","_share_on_mastodon":"0"},"categories":[10],"tags":[3779,3798,3780,3792,3778,3788,3797,121,3775,3794,119,3784,113,3787,112,122,3785,3795,118,3781,120,3786,3793,3789,3782,3776,3777,3783,23,3796,3791,3790],"class_list":["post-180836","post","type-post","status-publish","format-standard","has-post-thumbnail","category-divertissement","tag-3779","tag-23-giugno","tag-23-juin","tag-23rd-of-june","tag-administration","tag-administrazion","tag-adminitrazione","tag-ajoie","tag-canton","tag-cantone","tag-delemont","tag-delsberg","tag-divertissement","tag-doubs","tag-entertainment","tag-franches-montagnes","tag-freiberge","tag-giura","tag-jura","tag-kanton","tag-porrentruy","tag-pruntrut","tag-repubblica-e-canton-giura","tag-republic","tag-republik-und-kanton-jura","tag-republique-et-canton","tag-saint-ursanne","tag-schweiz","tag-suisse","tag-svizzera","tag-switzerland","tag-website"],"share_on_mastodon":{"url":"https:\/\/pubeurope.com\/@ch_fr\/116770296864376937","error":""},"_links":{"self":[{"href":"https:\/\/www.europesays.com\/ch-fr\/wp-json\/wp\/v2\/posts\/180836","targetHints":{"allow":["GET"]}}],"collection":[{"href":"https:\/\/www.europesays.com\/ch-fr\/wp-json\/wp\/v2\/posts"}],"about":[{"href":"https:\/\/www.europesays.com\/ch-fr\/wp-json\/wp\/v2\/types\/post"}],"author":[{"embeddable":true,"href":"https:\/\/www.europesays.com\/ch-fr\/wp-json\/wp\/v2\/users\/2"}],"replies":[{"embeddable":true,"href":"https:\/\/www.europesays.com\/ch-fr\/wp-json\/wp\/v2\/comments?post=180836"}],"version-history":[{"count":0,"href":"https:\/\/www.europesays.com\/ch-fr\/wp-json\/wp\/v2\/posts\/180836\/revisions"}],"wp:featuredmedia":[{"embeddable":true,"href":"https:\/\/www.europesays.com\/ch-fr\/wp-json\/wp\/v2\/media\/180837"}],"wp:attachment":[{"href":"https:\/\/www.europesays.com\/ch-fr\/wp-json\/wp\/v2\/media?parent=180836"}],"wp:term":[{"taxonomy":"category","embeddable":true,"href":"https:\/\/www.europesays.com\/ch-fr\/wp-json\/wp\/v2\/categories?post=180836"},{"taxonomy":"post_tag","embeddable":true,"href":"https:\/\/www.europesays.com\/ch-fr\/wp-json\/wp\/v2\/tags?post=180836"}],"curies":[{"name":"wp","href":"https:\/\/api.w.org\/{rel}","templated":true}]}}