{"id":181352,"date":"2026-06-18T14:54:20","date_gmt":"2026-06-18T14:54:20","guid":{"rendered":"https:\/\/www.europesays.com\/ch-fr\/181352\/"},"modified":"2026-06-18T14:54:20","modified_gmt":"2026-06-18T14:54:20","slug":"en-larmes-romy-secret-story-evoque-sa-relation-actuelle-avec-les-candidats-de-sa-saison","status":"publish","type":"post","link":"https:\/\/www.europesays.com\/ch-fr\/181352\/","title":{"rendered":"En larmes, Romy (Secret Story) \u00e9voque sa relation actuelle avec les candidats de sa saison"},"content":{"rendered":"<p>Un an apr\u00e8s la derni\u00e8re \u00e9dition de <a href=\"https:\/\/www.programme-tv.net\/news\/tele-realite\/384879-romy-gagnante-de-secret-story-2025-fait-une-mise-au-point-sur-sa-relation-avec-mayer-je-n-ai-jamais-doute-de-mes-sentiments\/\" data-api-deeplink=\"teleloisirs:\/\/news\/384879\" rel=\"nofollow noopener\" target=\"_blank\">Secret Story<\/a> remport\u00e9e par Romy et alors qu&rsquo;une nouvelle saison doit d\u00e9buter sur TF1 ce mardi 23 juin 2026,<a href=\"https:\/\/www.programme-tv.net\/news\/tele-realite\/384866-romy-secret-story-2025-revient-sur-sa-victoire-gagner-avec-72-des-votes-c-est-spectaculaire\/\" data-api-deeplink=\"teleloisirs:\/\/news\/384866\" rel=\"nofollow noopener\" target=\"_blank\"> la derni\u00e8re gagnante<\/a> s&rsquo;est confi\u00e9e dans le podcast Vrai. Elle a r\u00e9v\u00e9l\u00e9 qu&rsquo;A\u00efmed \u00e9tait le seul candidat du jeu dont elle \u00e9tait rest\u00e9e tr\u00e8s proche. \u00ab\u00a0Secret Story est une exp\u00e9rience sociale\u00a0\u00bb, a-t-elle lanc\u00e9.<\/p>\n<p>\u00ab\u00a0Je suis tr\u00e8s c\u00e9r\u00e9brale. J&rsquo;aime apprendre des gens et leur apprendre de moi aussi\u00a0\u00bb, a expliqu\u00e9 celle qui a aussi revu Ethan, Damien et Drea, mais elle a reconnu qu&rsquo;elle ne leur \u00e9crivait pas souvent. \u00ab\u00a0Je sais que je ne suis pas <a href=\"https:\/\/www.programme-tv.net\/news\/tele-realite\/385076-c-est-ca-qui-a-impacte-ma-confiance-en-moi-romy-gagnante-de-secret-story-nous-parle-de-ce-qui-l-a-blessee-concernant-la-video-qui-a-buzze-a-ses-13-ans\/\" data-api-deeplink=\"teleloisirs:\/\/news\/385076\" rel=\"nofollow noopener\" target=\"_blank\">un personnage<\/a> facile, que l&rsquo;humain n&rsquo;est pas facile. Ceux avec qui j&rsquo;ai eu des liens dans la maison sont les m\u00eames avec qui j&rsquo;ai des liens \u00e0 l&rsquo;ext\u00e9rieur\u00a0\u00bb, a-t-elle d\u00e9clar\u00e9.<\/p>\n<p>Romy est toujours en contact avec Mayer, \u00e9videmment. Il lui a envoy\u00e9 un vocal pendant l&rsquo;\u00e9mission dans lequel il lui fait une belle d\u00e9claration d&rsquo;amiti\u00e9. \u00ab\u00a0C&rsquo;est ma bataille, c&rsquo;est mon combat. \u00c0 la vie \u00e0 la mort\u00a0\u00bb, a-t-elle r\u00e9sum\u00e9 son lien avec celui qui \u00e9tait son pilier dans Secret Story.<\/p>\n<p>                        \u00ab\u00a0Je ne me suis pas tromp\u00e9e\u00a0\u00bb : Romy (Secret Story) toujours amie avec certains habitants de la maison des secrets<\/p>\n<p>\u00ab\u00a0Il y en a aucun que je n&rsquo;aime pas. J&rsquo;aurais pu me tromper, mais en toute sinc\u00e9rit\u00e9 je ne me suis pas tromp\u00e9e. Je pense avoir mis\u00e9 sur les bons chevaux. Moi, ils me conviennent, me comblent et je n&rsquo;ai pas besoin de plus\u00a0\u00bb, a expliqu\u00e9 la candidate de t\u00e9l\u00e9-r\u00e9alit\u00e9 interrog\u00e9e dans Vrai.<\/p>\n<p>\u00ab\u00a0Dans ma vie de tous les jours, je n&rsquo;ai pas besoin d&rsquo;avoir treize amis qui m&rsquo;entourent, donc mon petit noyau que j&rsquo;ai gard\u00e9 aupr\u00e8s de moi me suffit amplement\u00a0\u00bb, a-t-elle ajout\u00e9.<\/p>\n<p>Romy avait tous les atouts pour se d\u00e9marquer lors de cette vie en communaut\u00e9 film\u00e9e. \u00ab\u00a0Toute ma scolarit\u00e9, j&rsquo;\u00e9tais en internat, donc le vivre-ensemble je connais (\u2026) C&rsquo;est pour \u00e7a que j&rsquo;ai su faire dans la maison, tout s&rsquo;est bien pass\u00e9. Romy, elle n&rsquo;\u00e9tait pas malheureuse\u00a0\u00bb, a-t-elle confi\u00e9 en parlant d&rsquo;elle \u00e0 la troisi\u00e8me personne.<\/p>\n<p>            Romy (Secret Story) boulevers\u00e9e, elle fond en larmes apr\u00e8s une surprise de la Voix<\/p>\n<p>Une ann\u00e9e apr\u00e8s le d\u00e9but de sa saison, Romy affirme ne pas avoir d&rsquo;ennemi parmi les anciens candidats de l&rsquo;aventure. \u00ab\u00a0Ce ne sont pas des mauvaises personnes. Il n&rsquo;y a personne qui \u00e9tait vraiment mauvais, c&rsquo;est juste que, comme pour tout, on n&rsquo;est pas oblig\u00e9s de s&rsquo;entendre, on n&rsquo;est pas oblig\u00e9s d&rsquo;\u00eatre amis\u00a0\u00bb, a-t-elle expliqu\u00e9.<\/p>\n<p>Romy s&rsquo;est aussi montr\u00e9e tr\u00e8s touch\u00e9e au moment d&rsquo;entendre la Voix, Dominique Duforest, lui faire une surprise, dans un message soulignant la sensibilit\u00e9 et l&rsquo;humour de ce \u00ab\u00a0v\u00e9ritable pilier de la maison\u00a0\u00bb.<\/p>\n<p>\u00ab\u00a0C&rsquo;est gentil la Voix, je l&rsquo;aime trop. Secret Story, \u00e0 la vie \u00e0 la mort (\u2026) C&rsquo;est l&rsquo;exp\u00e9rience de ma vie je vous jure\u00a0\u00bb, a-t-elle lanc\u00e9 en pleurant. \u00ab\u00a0Je ne suis pas triste du tout, ce sont des larmes de bonheur\u00a0\u00bb, a-t-elle tenu \u00e0 pr\u00e9ciser.<\/p>\n<p>Article \u00e9crit en collaboration avec 6Medias<\/p>\n","protected":false},"excerpt":{"rendered":"Un an apr\u00e8s la derni\u00e8re \u00e9dition de Secret Story remport\u00e9e par Romy et alors qu&rsquo;une nouvelle saison doit&hellip;\n","protected":false},"author":2,"featured_media":181353,"comment_status":"","ping_status":"","sticky":false,"template":"","format":"standard","meta":{"footnotes":"","_share_on_mastodon":"0"},"categories":[13],"tags":[42462,489,113,112,42469,42465,42466,42467,42468,3756,42463,42461,5769,42470,42471,42472,42464,23,142,196,2141],"class_list":["post-181352","post","type-post","status-publish","format-standard","has-post-thumbnail","category-television","tag-au00efmed-secret-story-13","tag-commentaire","tag-divertissement","tag-entertainment","tag-la-quotidienne-1099514145","tag-la-quotidienne-1099539196","tag-la-quotidienne-1099553915","tag-la-quotidienne-1099565530","tag-la-quotidienne-1099565538","tag-la-voix","tag-mayer-secret-story-13","tag-romy-secret-story-13","tag-secret-story","tag-secret-story-1099553929","tag-secret-story-1099644188","tag-secret-story-1099734643","tag-secret-story-40318845","tag-suisse","tag-television","tag-tf1","tag-tl-story"],"share_on_mastodon":{"url":"https:\/\/pubeurope.com\/@ch_fr\/116771688622882785","error":""},"_links":{"self":[{"href":"https:\/\/www.europesays.com\/ch-fr\/wp-json\/wp\/v2\/posts\/181352","targetHints":{"allow":["GET"]}}],"collection":[{"href":"https:\/\/www.europesays.com\/ch-fr\/wp-json\/wp\/v2\/posts"}],"about":[{"href":"https:\/\/www.europesays.com\/ch-fr\/wp-json\/wp\/v2\/types\/post"}],"author":[{"embeddable":true,"href":"https:\/\/www.europesays.com\/ch-fr\/wp-json\/wp\/v2\/users\/2"}],"replies":[{"embeddable":true,"href":"https:\/\/www.europesays.com\/ch-fr\/wp-json\/wp\/v2\/comments?post=181352"}],"version-history":[{"count":0,"href":"https:\/\/www.europesays.com\/ch-fr\/wp-json\/wp\/v2\/posts\/181352\/revisions"}],"wp:featuredmedia":[{"embeddable":true,"href":"https:\/\/www.europesays.com\/ch-fr\/wp-json\/wp\/v2\/media\/181353"}],"wp:attachment":[{"href":"https:\/\/www.europesays.com\/ch-fr\/wp-json\/wp\/v2\/media?parent=181352"}],"wp:term":[{"taxonomy":"category","embeddable":true,"href":"https:\/\/www.europesays.com\/ch-fr\/wp-json\/wp\/v2\/categories?post=181352"},{"taxonomy":"post_tag","embeddable":true,"href":"https:\/\/www.europesays.com\/ch-fr\/wp-json\/wp\/v2\/tags?post=181352"}],"curies":[{"name":"wp","href":"https:\/\/api.w.org\/{rel}","templated":true}]}}