{"id":182337,"date":"2026-06-19T07:54:11","date_gmt":"2026-06-19T07:54:11","guid":{"rendered":"https:\/\/www.europesays.com\/ch-fr\/182337\/"},"modified":"2026-06-19T07:54:11","modified_gmt":"2026-06-19T07:54:11","slug":"mondial-2026-comment-johan-manzambi-et-ruben-vargas-ont-change-la-face-du-match-et-transforme-breel-embolo","status":"publish","type":"post","link":"https:\/\/www.europesays.com\/ch-fr\/182337\/","title":{"rendered":"Mondial 2026: comment Johan Manzambi et Ruben Vargas ont chang\u00e9 la face du match et transform\u00e9 Breel Embolo"},"content":{"rendered":"<p>La Suisse a effectu\u00e9 jeudi soir un grand pas vers les 16es de finale du Mondial 2026 apr\u00e8s un match longtemps poussif face \u00e0 la Bosnie (4-1), ceci gr\u00e2ce aux entr\u00e9es g\u00e9niales de Johan Manzambi et Ruben Vargas. L&rsquo;essentiel est l\u00e0, certes, mais il y a encore du boulot, analyse S\u00e9bastien Roth, ancien gardien international et d\u00e9sormais consultant pour RTSsport.<\/p>\n<p>Comme en 1994 lorsqu&rsquo;elle avait r\u00e9pondu par un 4-1 contre la Roumanie \u00e0 son nul 1-1 face aux Etats-Unis, la Suisse a corrig\u00e9 le tir de la m\u00eame mani\u00e8re en matant la Bosnie 4-1, cinq jours apr\u00e8s son \u00ab\u00a0\u00e9chec\u00a0\u00bb 1-1 devant le Qatar. C&rsquo;est bien certes, mais ce n&rsquo;est pas encore parfait, avertit S\u00e9bastien Roth&#8230;<\/p>\n<p>RTSsport.ch: S\u00e9bastien Roth, on a vu 72 minutes de quasi \u00ab\u00a0purge\u00a0\u00bb de la Suisse, puis les entr\u00e9es de Johan Manzambi et Ruben Vargas ont chang\u00e9 la face du match&#8230;<\/p>\n<p>SEBASTIEN ROTH: Ce n&rsquo;\u00e9tait pas aussi mauvais que contre le Qatar, mais ce n&rsquo;\u00e9tait de loin pas fameux non plus, en effet. Puis il y a eu ces 20 minutes tr\u00e8s r\u00e9jouissantes, qui ont heureusement tout modifi\u00e9. Les entr\u00e9es en jeu de Manzambi et de Vargas ont chang\u00e9 la face du match, transfigur\u00e9 leur \u00e9quipe et elles ont transform\u00e9 Breel Embolo, qui est devenu totalement diff\u00e9rent.<\/p>\n<p>RTSsport.ch: Ce trio a mis de la vie, de l&rsquo;envie et des mouvements, ce qui donne le sentiment qu&rsquo;\u00e0 partir de la 72e minute, ce n&rsquo;\u00e9tait plus la m\u00eame \u00e9quipe&#8230;<\/p>\n<p>SEBASTIEN ROTH: Clairement! Manzambi a fait une superbe entr\u00e9e, Vargas s&rsquo;est m\u00eame lui aussi mis \u00e0 provoquer. Tous deux ont tourn\u00e9 autour d&rsquo;Embolo, qui s&rsquo;est trouv\u00e9 plus impliqu\u00e9 dans l&rsquo;animation, qui est m\u00eame all\u00e9 provoquer le carton rouge. L&rsquo;attitude de ces deux gars a tout boulevers\u00e9..<\/p>\n<p class=\"q-text\">Ce sont clairement les entrants qui ont fait la diff\u00e9rence et j&rsquo;esp\u00e8re sinc\u00e8rement que cela rebrassera les cartes pour la suite de cette Coupe du monde&#8230;<\/p>\n<p><img decoding=\"async\" class=\"q-img\" src=\"https:\/\/www.europesays.com\/ch-fr\/wp-content\/uploads\/2026\/06\/bcyoxq-28544347.image.jpeg\" data-ratio=\"square\"\/>  S\u00e9bastien Roth, 3e gardien de la Suisse \u00e0 l&rsquo;Euro 2004 <\/p>\n<p>RTSsport.ch: On parle de coaching gagnant. Mais on peut aussi \u00e9voquer une \u00e9quipe de base pas gagnante du tout.<\/p>\n<p>SEBASTIEN ROTH: (il rit) C&rsquo;est \u00e0 peu pr\u00e8s \u00e7a, oui, et on peut ainsi se poser des questions quant aux choix initiaux. Les titularisations de Fabian Rieder et de Silvan Widmer, pour composer une \u00e9quipe \u00e9tonnamment assez d\u00e9fensive, n&rsquo;ont gu\u00e8re port\u00e9 leurs fruits. Ce sont clairement les entrants qui ont fait la diff\u00e9rence et j&rsquo;esp\u00e8re sinc\u00e8rement que cela rebrassera les cartes pour la suite de cette Coupe du monde<\/p>\n<p>RTSsport.ch: Cette victoire dessin\u00e9e en 20 minutes ne doit toutefois pas tout faire oublier&#8230;<\/p>\n<p>SEBASTIEN ROTH: Alors \u00e7a, c&rsquo;est certain! Il y a eu 4-1, \u00e7a fait joli, c&rsquo;est clair, mais cette victoire n&rsquo;a pas \u00e9t\u00e9 acquise de fa\u00e7on sereine. Personne ne doit omettre que cette \u00e9quipe a failli se prendre les pieds dans le tapis. La Suisse s&rsquo;est par moments mise toute seule dans des situations compliqu\u00e9es. M\u00eame si Manuel Akanji a \u00e9t\u00e9 bien meilleur que devant le Qatar, il y a encore du boulot sur le plan d\u00e9fensif. Maintenant, il faut tirer les enseignements de tout cela, retenir le bon et aller de l&rsquo;avant.<\/p>\n<p>RTSsport.ch: Soyons francs: m\u00eame si on ne retiendra que la victoire, la Bosnie, sans id\u00e9es, \u00e9tait d&rsquo;une faiblesse assez indigente&#8230;<\/p>\n<p>SEBASTIEN ROTH: Oui, ce n&rsquo;\u00e9tait pas bon. Elle joue certes un peu plus au foot que le Qatar, mais ce n&rsquo;est pas une grande nation non plus. L&rsquo;avantage pour la Suisse est que les Bosniens \u00e9taient un peu plus \u00e9tir\u00e9s sur le terrain que les Qataris, ce qui a laiss\u00e9 des espaces. Mais il est certain que cette s\u00e9lection n&rsquo;avait aucune animation offensive, aucune id\u00e9e dans son foot.<\/p>\n<p class=\"q-text\">Est-ce que ce 4-1 peut d\u00e9clencher quelque chose, apporter la s\u00e9r\u00e9nit\u00e9 n\u00e9cessaire \u00e0 la Suisse? Franchement, je l&rsquo;esp\u00e8re. Avec la qualification quasi en poche, les joueurs se sont en tout cas d\u00e9barrass\u00e9s d&rsquo;un poids&#8230;<\/p>\n<p><img decoding=\"async\" class=\"q-img\" src=\"https:\/\/www.europesays.com\/ch-fr\/wp-content\/uploads\/2026\/06\/bcyoxq-28544347.image.jpeg\" data-ratio=\"square\"\/>  S\u00e9bastien Roth, ex-portier de Servette et Lorient notamment <\/p>\n<p>RTSsport.ch: Comment expliquer tout de m\u00eame que, durant une heure, la Suisse ait fourni une sorte de \u00ab\u00a0copier\/coller\u00a0\u00bb de sa prestation fade de samedi contre le Qatar?<\/p>\n<p>SEBASTIEN ROTH: C&rsquo;est dur de r\u00e9pondre \u00e0 cette question, mais on peut se demander si elle ne se met pas trop de pression \u00e0 force de d\u00e9clarer vouloir tout casser&#8230; On sent en tout cas que tout n&rsquo;est pas tr\u00e8s serein dans ses rangs, qu&rsquo;il y a un petit \u00ab\u00a0truc\u00a0\u00bb qui coince encore dans cette \u00e9quipe. Maintenant, est-ce que ce 4-1 peut d\u00e9clencher quelque chose, apporter la s\u00e9r\u00e9nit\u00e9 n\u00e9cessaire? Franchement, je l&rsquo;esp\u00e8re. Avec la qualification quasi en poche, les joueurs se sont en tout cas d\u00e9barrass\u00e9s d&rsquo;un poids. Ils vont pouvoir se pr\u00e9parer pour affronter le Canada en alignant, je l&rsquo;esp\u00e8re, un onze tr\u00e8s offensif.<\/p>\n<p>RTSsport.ch: Le risque, maintenant, ne serait-ce pas que cette s\u00e9lection s&rsquo;enflamme sous pr\u00e9texte qu&rsquo;elle a mis 4-1 \u00e0 une faible Bosnie?<\/p>\n<p>SEBASTIEN ROTH: Honn\u00eatement, je ne pense pas que cela arrivera aux Helv\u00e8tes, qui savent qu&rsquo;ils n&rsquo;ont pas fait un match plein. Il y a aujourd&rsquo;hui du soulagement, mais surtout du boulot, car le jour o\u00f9 ils se retrouveront face \u00e0 une \u00e9quipe d&rsquo;un autre calibre que la Bosnie, ce sera compliqu\u00e9, s&rsquo;ils ne montent pas en puissance.<\/p>\n<p>RTSsport.ch: Qu&rsquo;attendez-vous d\u00e9sormais du match du mercredi 24 juin contre le Canada (\u00e0 suivre sur RTS 2 d\u00e8s 21h00)?<\/p>\n<p>SEBASTIEN ROTH: J&rsquo;aimerais voir une \u00e9quipe qui aurait corrig\u00e9 ses petites lacunes, gomm\u00e9 ses sautes de concentration et qui pourrait aller \u00e0 l&rsquo;abordage, \u00eatre offensive. Face \u00e0 des Canadiens sans doute plus \u00ab\u00a0joueurs\u00a0\u00bb que les Qataris ou les Bosniens, il faudra mettre des gars qui bougent devant, qui mettent du rythme, soit tout ce qui a manqu\u00e9 pendant 90 minutes au premier match et durant 70 jeudi soir. Je pense que le trio Manzambi-Embolo-Vargas a vraiment quelque chose en plus. Et je le d\u00e9clare sans oublier que je n&rsquo;aurais pas dit pareille chose samedi soir lorsque le dernier cit\u00e9 avait \u00e9t\u00e9 tr\u00e8s faible contre le Qatar. Mais l\u00e0, il a vraiment montr\u00e9 du mieux et a \u00e9t\u00e9 de ceux qui ont fait gagner la Suisse!<\/p>\n<p>Arnaud Cerutti<\/p>\n","protected":false},"excerpt":{"rendered":"La Suisse a effectu\u00e9 jeudi soir un grand pas vers les 16es de finale du Mondial 2026 apr\u00e8s&hellip;\n","protected":false},"author":2,"featured_media":182338,"comment_status":"","ping_status":"","sticky":false,"template":"","format":"standard","meta":{"footnotes":"","_share_on_mastodon":"0"},"categories":[8],"tags":[10144,26718,6739,1009,41025,39538,998,41016,182,18310,715,39953,42648,186,75,23,42128,1224],"class_list":["post-182337","post","type-post","status-publish","format-standard","has-post-thumbnail","category-sports","tag-bosnie-herzegovine","tag-breel-embolo","tag-championnat-du-monde","tag-competition-sportive","tag-coupe-du-monde-2026-phase-de-groupes-groupe-b","tag-coupe-du-monde-de-la-fifa","tag-equipe-suisse-masculine-de-football","tag-fifa-2026-equipe-de-suisse","tag-football","tag-johan-manzambi","tag-radio-television-suisse","tag-ruben-vargas","tag-sebastien-roth","tag-sport","tag-sports","tag-suisse","tag-suisse-bosnie-herzegovine","tag-victoire"],"share_on_mastodon":{"url":"https:\/\/pubeurope.com\/@ch_fr\/116775699838799358","error":""},"_links":{"self":[{"href":"https:\/\/www.europesays.com\/ch-fr\/wp-json\/wp\/v2\/posts\/182337","targetHints":{"allow":["GET"]}}],"collection":[{"href":"https:\/\/www.europesays.com\/ch-fr\/wp-json\/wp\/v2\/posts"}],"about":[{"href":"https:\/\/www.europesays.com\/ch-fr\/wp-json\/wp\/v2\/types\/post"}],"author":[{"embeddable":true,"href":"https:\/\/www.europesays.com\/ch-fr\/wp-json\/wp\/v2\/users\/2"}],"replies":[{"embeddable":true,"href":"https:\/\/www.europesays.com\/ch-fr\/wp-json\/wp\/v2\/comments?post=182337"}],"version-history":[{"count":0,"href":"https:\/\/www.europesays.com\/ch-fr\/wp-json\/wp\/v2\/posts\/182337\/revisions"}],"wp:featuredmedia":[{"embeddable":true,"href":"https:\/\/www.europesays.com\/ch-fr\/wp-json\/wp\/v2\/media\/182338"}],"wp:attachment":[{"href":"https:\/\/www.europesays.com\/ch-fr\/wp-json\/wp\/v2\/media?parent=182337"}],"wp:term":[{"taxonomy":"category","embeddable":true,"href":"https:\/\/www.europesays.com\/ch-fr\/wp-json\/wp\/v2\/categories?post=182337"},{"taxonomy":"post_tag","embeddable":true,"href":"https:\/\/www.europesays.com\/ch-fr\/wp-json\/wp\/v2\/tags?post=182337"}],"curies":[{"name":"wp","href":"https:\/\/api.w.org\/{rel}","templated":true}]}}