{"id":183609,"date":"2026-06-20T05:21:10","date_gmt":"2026-06-20T05:21:10","guid":{"rendered":"https:\/\/www.europesays.com\/ch-fr\/183609\/"},"modified":"2026-06-20T05:21:10","modified_gmt":"2026-06-20T05:21:10","slug":"asthme-comment-mieux-vivre-avec-cette-maladie-au-quotidien-les-conseils-dun-medecin","status":"publish","type":"post","link":"https:\/\/www.europesays.com\/ch-fr\/183609\/","title":{"rendered":"Asthme : comment mieux vivre avec cette maladie au quotidien ? Les conseils d&rsquo;un m\u00e9decin"},"content":{"rendered":"<p class=\"article-p mdl\">On croit souvent conna\u00eetre l\u2019asthme, parce qu\u2019on l\u2019associe \u00e0 une crise, \u00e0 une respiration sifflante, \u00e0 une g\u00eane passag\u00e8re. Mais la maladie est plus complexe. Le professeur Bruno Crestani,\u00a0pr\u00e9sident de la Fondation du Souffle et chef du service pneumologie \u00e0 l&rsquo;h\u00f4pital Bichat, le rappelle clairement : \u00ab\u00a0Asthmatique, ce n&rsquo;est pas une maladie du poumon. C&rsquo;est une maladie des bronches.\u00a0\u00bb Lors d\u2019une crise, \u00ab\u00a0les muscles se contractent, l&rsquo;air a du mal \u00e0 passer, on a du mal \u00e0 respirer\u00a0\u00bb. C\u2019est ce r\u00e9tr\u00e9cissement qui provoque l\u2019essoufflement et les sifflements.<\/p>\n<p class=\"article-p mdl\">Mais le sympt\u00f4me le plus trompeur n\u2019est pas toujours celui qu\u2019on croit. \u00ab\u00a0Le grand sympt\u00f4me de l\u2019asthme, c\u2019est\u00a0<a class=\"link\" href=\"https:\/\/www.rtl.fr\/actu\/sante\/sirop-medicament-tabac-que-faire-lorsque-la-toux-persiste-7900454458\" title=\"Sirop, m\u00e9dicament, tabac... Que faire lorsque la toux persiste ?\" rel=\"nofollow noopener\" target=\"_blank\">la toux<\/a>\u00ab\u00a0, insiste le sp\u00e9cialiste. Une toux qui dure, qui r\u00e9siste aux traitements classiques, et qui peut masquer un asthme non diagnostiqu\u00e9. C\u2019est l\u2019une des raisons pour lesquelles la maladie passe encore sous les radars. Beaucoup de patients consultent tard, parfois apr\u00e8s des mois de g\u00eane, sans imaginer que leurs bronches sont en cause.<\/p>\n<p>            Une maladie qu&rsquo;on contr\u00f4le, plus que l&rsquo;on ne gu\u00e9rit<\/p>\n<p class=\"article-p mdl\">L\u2019asthme peut \u00eatre d\u00e9clench\u00e9 par plusieurs facteurs. Le plus fr\u00e9quent reste l\u2019allergie. Pollens, poils d\u2019animaux, poussi\u00e8res, substances irritantes : autant d\u2019\u00e9l\u00e9ments capables de<a class=\"link\" href=\"https:\/\/www.rtl.fr\/actu\/sante\/c-est-la-pire-periode-qui-demarre-symptomes-duree-pollution-tout-ce-qu-il-faut-savoir-sur-le-retour-du-pollen-et-les-allergies-7900615334\" title=\"&quot;C&#039;est la pire p\u00e9riode qui d\u00e9marre&quot; : sympt\u00f4mes, dur\u00e9e, pollution... Tout ce qu&#039;il faut savoir sur le retour du pollen et les allergies\" rel=\"nofollow noopener\" target=\"_blank\"> provoquer une r\u00e9action inflammatoire et de d\u00e9clencher une crise<\/a>. Le terrain g\u00e9n\u00e9tique joue aussi un r\u00f4le. \u00ab\u00a0Si mon papa et ma maman sont allergiques, les enfants ont 40% de chances d\u2019\u00eatre allergiques eux-m\u00eames\u00a0\u00bb, explique le professeur. Mais l\u2019environnement compte tout autant : pollution, mode de vie, expositions professionnelles. Certains m\u00e9tiers sont particuli\u00e8rement \u00e0 risque, comme les coiffeurs, les boulangers ou certains soignants.<\/p>\n<p class=\"article-p mdl\">La bonne nouvelle, c\u2019est que l\u2019asthme se traite aujourd\u2019hui beaucoup mieux qu\u2019avant. \u00ab\u00a0On a de tr\u00e8s bons traitements pour l\u2019asthme aujourd\u2019hui\u00a0\u00bb, rappelle Bruno Crestani. L\u2019objectif est clair : permettre au patient de vivre normalement. \u201cUn asthmatique doit avoir une vie normale avec son traitement.\u00a0\u00bb Cela passe par un traitement de fond, pris r\u00e9guli\u00e8rement, pour r\u00e9duire l\u2019inflammation des bronches, et par un bronchodilatateur en cas de crise.<br \/>Le pi\u00e8ge, c\u2019est d\u2019arr\u00eater son traitement d\u00e8s que \u00e7a va mieux. \u00ab\u00a0Cause principale de mauvais contr\u00f4le de l\u2019asthme en France, c\u2019est que les patients ne prennent pas leur traitement.\u00a0\u00bb Ou plus exactement, ils le prennent, se sentent mieux, puis l\u2019abandonnent. R\u00e9sultat : les sympt\u00f4mes reviennent, parfois plus violemment.<\/p>\n<p class=\"article-p mdl\">Car l\u2019asthme peut \u00eatre grave. \u00ab\u00a0Il y a encore des enfants en France qui meurent d\u2019asthme\u00a0\u00bb, alerte le professeur. Les chiffres ont baiss\u00e9 gr\u00e2ce aux progr\u00e8s m\u00e9dicaux, mais le risque demeure. Lors d\u2019une crise s\u00e9v\u00e8re, \u201cl\u2019air ne passe plus, l\u2019oxyg\u00e8ne ne passe plus\u00a0\u00bb. Dans ce cas, il faut appeler imm\u00e9diatement les secours.<\/p>\n<p class=\"article-p mdl\">Pour autant, \u00eatre asthmatique ne condamne ni au repos ni au renoncement. Au contraire, \u00ab\u00a0le sport, c\u2019est recommand\u00e9 chez l\u2019asthmatique\u00a0\u00bb. \u00c0 condition d\u2019\u00eatre bien suivi. Le vrai enjeu est l\u00e0 : conna\u00eetre sa maladie, identifier ses d\u00e9clencheurs, suivre son traitement et ne pas banaliser les signes. Parce qu\u2019avec un asthme bien contr\u00f4l\u00e9, la vie peut rester pleinement respirable.<\/p>\n<p>    La r\u00e9daction vous recommande<\/p>\n<p class=\"s-newsletter__title\">\n                L\u2019actualit\u00e9 par la r\u00e9daction de RTL dans votre bo\u00eete mail.\n            <\/p>\n<p class=\"s-newsletter__subtitle\">\n                Gr\u00e2ce \u00e0 votre compte RTL abonnez-vous \u00e0 la newsletter RTL info pour suivre toute l&rsquo;actualit\u00e9 au quotidien\n            <\/p>\n<p>\n                                    Lire la suite\n                                <\/p>\n<p class=\"article-google-preferred__title\">Ne laissez pas Google d\u00e9cider de vos sources.<\/p>\n<p>    <a href=\"https:\/\/www.google.com\/preferences\/source?q=https:\/\/www.rtl.fr\" target=\"_blank\" rel=\"noopener noreferrer nofollow\" class=\"article-google-preferred__btn\">Ajouter RTL comme source pr\u00e9f\u00e9r\u00e9e<\/a><\/p>\n","protected":false},"excerpt":{"rendered":"On croit souvent conna\u00eetre l\u2019asthme, parce qu\u2019on l\u2019associe \u00e0 une crise, \u00e0 une respiration sifflante, \u00e0 une g\u00eane&hellip;\n","protected":false},"author":2,"featured_media":183610,"comment_status":"","ping_status":"","sticky":false,"template":"","format":"standard","meta":{"footnotes":"","_share_on_mastodon":"0"},"categories":[9],"tags":[1261,297,83,364,1883,1884,84,23],"class_list":["post-183609","post","type-post","status-publish","format-standard","has-post-thumbnail","category-sante","tag-alimentation","tag-fil-info","tag-health","tag-nutrition","tag-replay","tag-replay-integral","tag-sante","tag-suisse"],"share_on_mastodon":{"url":"https:\/\/pubeurope.com\/@ch_fr\/116780759948132741","error":""},"_links":{"self":[{"href":"https:\/\/www.europesays.com\/ch-fr\/wp-json\/wp\/v2\/posts\/183609","targetHints":{"allow":["GET"]}}],"collection":[{"href":"https:\/\/www.europesays.com\/ch-fr\/wp-json\/wp\/v2\/posts"}],"about":[{"href":"https:\/\/www.europesays.com\/ch-fr\/wp-json\/wp\/v2\/types\/post"}],"author":[{"embeddable":true,"href":"https:\/\/www.europesays.com\/ch-fr\/wp-json\/wp\/v2\/users\/2"}],"replies":[{"embeddable":true,"href":"https:\/\/www.europesays.com\/ch-fr\/wp-json\/wp\/v2\/comments?post=183609"}],"version-history":[{"count":0,"href":"https:\/\/www.europesays.com\/ch-fr\/wp-json\/wp\/v2\/posts\/183609\/revisions"}],"wp:featuredmedia":[{"embeddable":true,"href":"https:\/\/www.europesays.com\/ch-fr\/wp-json\/wp\/v2\/media\/183610"}],"wp:attachment":[{"href":"https:\/\/www.europesays.com\/ch-fr\/wp-json\/wp\/v2\/media?parent=183609"}],"wp:term":[{"taxonomy":"category","embeddable":true,"href":"https:\/\/www.europesays.com\/ch-fr\/wp-json\/wp\/v2\/categories?post=183609"},{"taxonomy":"post_tag","embeddable":true,"href":"https:\/\/www.europesays.com\/ch-fr\/wp-json\/wp\/v2\/tags?post=183609"}],"curies":[{"name":"wp","href":"https:\/\/api.w.org\/{rel}","templated":true}]}}