{"id":186183,"date":"2026-06-22T06:24:12","date_gmt":"2026-06-22T06:24:12","guid":{"rendered":"https:\/\/www.europesays.com\/ch-fr\/186183\/"},"modified":"2026-06-22T06:24:12","modified_gmt":"2026-06-22T06:24:12","slug":"les-cancers-de-la-peau-se-jouent-dans-lenfance-rappelle-ce-chirurgien-plasticien-recemment-arrive-a-lorient","status":"publish","type":"post","link":"https:\/\/www.europesays.com\/ch-fr\/186183\/","title":{"rendered":"\u00ab\u00a0Les cancers de la peau se jouent dans l\u2019enfance\u00a0\u00bb, rappelle ce chirurgien plasticien, r\u00e9cemment arriv\u00e9 \u00e0 Lorient"},"content":{"rendered":"<p>\n                Article premium,<br \/>\n                    R\u00e9serv\u00e9 aux\u00a0abonn\u00e9s\n            <\/p>\n<p class=\"su-standfirst chapeau\">Arriv\u00e9 en novembre\u00a02025 \u00e0 Lorient (Morbihan), le Dr Yannis Claudic a renforc\u00e9 le p\u00f4le chirurgie plastique de la clinique mutualiste de la Porte de l\u2019Orient. Les cancers de la peau occupent une large partie de son activit\u00e9. On fait le point alors que les beaux jours et la chaleur sont d\u00e9j\u00e0 au rendez-vous.<\/p>\n<p>                                        <img decoding=\"async\" class=\"su-media\" src=\"https:\/\/media.ouest-france.fr\/v1\/pictures\/MjAyNjA2ODgyNWZmYTU1MDZjOWVjZjlkNjRjZjdjZTNkZjk3ZjU?width=1260&amp;height=708&amp;focuspoint=49%2C38&amp;cropresize=1&amp;client_id=bpeditorial&amp;sign=c25633043721668d1d76972df8a0dd35acca9243a8a25c169fae509c1fe2fc67\" alt=\"Le Dr Yannis Claudic, chirurgien plasticien, a renforc\u00e9 depuis novembre le service sp\u00e9cialis\u00e9 de la clinique mutualiste de la Porte de l\u2019Orient.\"  \/><\/p>\n<p>                            Le Dr Yannis Claudic, chirurgien plasticien, a renforc\u00e9 depuis novembre le service sp\u00e9cialis\u00e9 de la clinique mutualiste de la Porte de l\u2019Orient. | OUEST-FRANCE<\/p>\n<p>                            fermer<\/p>\n<p><img decoding=\"async\" data-ofmaxheight=\"\" class=\"su-media lazyload\" alt=\"Le Dr Yannis Claudic, chirurgien plasticien, a renforc\u00e9 depuis novembre le service sp\u00e9cialis\u00e9 de la clinique mutualiste de la Porte de l\u2019Orient.\" src=\"data:image\/png;base64,iVBORw0KGgoAAAANSUhEUgAAABAAAAAJCAYAAAA7KqwyAAAAGXRFWHRTb2Z0d2FyZQBBZG9iZSBJbWFnZVJlYWR5ccllPAAAABhJREFUeNpi\/P\/\/PwMlgHHUgFEDgAAgwAD+lBrvy+NcxAAAAABJRU5ErkJggg==\" data-oflazyload=\"{&quot;srcset&quot;:&quot;https:\/\/media.ouest-france.fr\/v1\/pictures\/MjAyNjA2ODgyNWZmYTU1MDZjOWVjZjlkNjRjZjdjZTNkZjk3ZjU?width=320&amp;focuspoint=49%2C38&amp;cropresize=1&amp;client_id=bpeditorial&amp;sign=d7784482b1c47e3b9b7aca52e7a7353e52656d1604feaae142e7648b0906070e 320w,https:\/\/media.ouest-france.fr\/v1\/pictures\/MjAyNjA2ODgyNWZmYTU1MDZjOWVjZjlkNjRjZjdjZTNkZjk3ZjU?width=375&amp;focuspoint=49%2C38&amp;cropresize=1&amp;client_id=bpeditorial&amp;sign=31f4906402cbb4896c33aa1bc660b4cb53f99ab97c81c6f3fa95ce7116ea92cc 360w,https:\/\/media.ouest-france.fr\/v1\/pictures\/MjAyNjA2ODgyNWZmYTU1MDZjOWVjZjlkNjRjZjdjZTNkZjk3ZjU?width=480&amp;focuspoint=49%2C38&amp;cropresize=1&amp;client_id=bpeditorial&amp;sign=8c9237a447b35932445387936c0d5f14c6915a3695804d4d66905e20ebbb403a 480w,https:\/\/media.ouest-france.fr\/v1\/pictures\/MjAyNjA2ODgyNWZmYTU1MDZjOWVjZjlkNjRjZjdjZTNkZjk3ZjU?width=630&amp;focuspoint=49%2C38&amp;cropresize=1&amp;client_id=bpeditorial&amp;sign=38008d003499404f2d35ce833f5025aa10e91e75fcac98461332ec45d2db8bf7 630w,https:\/\/media.ouest-france.fr\/v1\/pictures\/MjAyNjA2ODgyNWZmYTU1MDZjOWVjZjlkNjRjZjdjZTNkZjk3ZjU?width=940&amp;focuspoint=49%2C38&amp;cropresize=1&amp;client_id=bpeditorial&amp;sign=6e77fa366e3baf63925f2a082c119d1b6724bf3ec819ce7a2dd6c0634b3adcaf 940w,https:\/\/media.ouest-france.fr\/v1\/pictures\/MjAyNjA2ODgyNWZmYTU1MDZjOWVjZjlkNjRjZjdjZTNkZjk3ZjU?width=1260&amp;focuspoint=49%2C38&amp;cropresize=1&amp;client_id=bpeditorial&amp;sign=1f02f93f2c047c00530aa63feccfaad224d8bd712e68774f6d436fb427dc1dc6 1260w&quot;}\"\/>Le Dr Yannis Claudic, chirurgien plasticien, a renforc\u00e9 depuis novembre le service sp\u00e9cialis\u00e9 de la clinique mutualiste de la Porte de l\u2019Orient. | OUEST-FRANCE                            <\/p>\n<p>        Publi\u00e9 le 21\/06\/2026  \u00e0 16h56<\/p>\n<p>                            Lire plus tard<\/p>\n<p>                            Partager<\/p>\n<p>                        FacebookFacebookBlueSkyBlueSkyFlipboardFlipboardlinkedinLinkedIn<\/p>\n<p>Le service de chirurgie plastique, reconstructrice et esth\u00e9tique de la clinique mutualiste de <a href=\"https:\/\/www.ouest-france.fr\/bretagne\/lorient-56100\/\" rel=\"nofollow noopener\" target=\"_blank\">Lorient<\/a>\u00a0(<a href=\"https:\/\/www.ouest-france.fr\/bretagne\/morbihan\/\" rel=\"nofollow noopener\" target=\"_blank\">Morbihan<\/a>) conna\u00eet une demande croissante depuis l\u2019arriv\u00e9e du docteur Swanie Dast, chirurgienne plasticienne, en juillet\u00a02023. C\u2019est dans ce contexte <a href=\"https:\/\/www.ouest-france.fr\/bretagne\/lorient-56100\/a-lorient-la-clinique-mutualiste-va-renforcer-son-service-de-chirurgie-plastique-3d503f42-8cbd-11f0-9f3f-49e6e42c3bbc#:~:text=Clinique%20mutualiste%20de%20la%20Porte%20de%20l&#039;Orient%2C%203%2C,02%2097%2064%2081%2063.\" target=\"_self\" rel=\"nofollow noopener\">que le Dr\u00a0Yannis Claudic est venu renforcer ce service en novembre\u00a02025<\/a>. Une large partie de son activit\u00e9 est d\u00e9di\u00e9e aux cancers de la peau. Alors que la Bretagne va entamer une nouvelle semaine tr\u00e8s ensoleill\u00e9e et chaude, nous l\u2019avons rencontr\u00e9.<\/p>\n<p>Combien \u00eates-vous au sein\u00a0du service de chirurgie plastique, reconstructrice et esth\u00e9tique\u00a0\u00e0 la clinique mutualiste de la Porte de l\u2019Orient\u00a0?<\/p>\n<p>Il n\u2019y avait, auparavant, que ma cons\u0153ur Dr Dast. Je suis arriv\u00e9 en novembre\u00a02025, de la Cavale Blanche, \u00e0 Brest. Je suis venu ici pour compl\u00e9ter et renforcer l\u2019activit\u00e9 de chirurgie plastique, car il&#8230;<\/p>\n<p style=\"text-align: center; background-color: #dbbe4d; padding-top: 5px; padding-bottom: 5px; font-size: 14px;\">D\u00e9j\u00e0 abonn\u00e9 ? <a data-trkartmonet=\"Identification\" data-trk-sipa=\"{\" blockcategory=\"\" paywall=\"\" href=\"http:\/\/www.ouest-france.fr\/login?redirect=https:\/\/www.ouest-france.fr\/bretagne\/lorient-56100\/les-cancers-de-la-peau-se-jouent-dans-lenfance-rappelle-ce-chirurgien-plasticien-recemment-arrive-a-lorient-197c0486-6b0e-11f1-a3cf-41dac410473f\" rel=\"nofollow noopener\" title=\"Se connecter \u00e0 Ouest-France\" class=\"su-link-light\" target=\"_blank\">Connectez-vous<\/a><\/p>\n<p style=\"text-align: center; padding-top: 15px; padding-bottom: 8px; vertical-align: bottom;\">bloqu\u00e9 Pour lire la suite, abonnez-vous<\/p>\n<p style=\"text-align: center;\">1er mois \u00e0 1\u20ac<\/p>\n<p style=\"text-align: center; margin-top: -5px;\">Annulable \u00e0 tout moment<\/p>\n<p style=\"text-align: center;\">\u00a0<\/p>\n<p style=\"text-align: center;\"><a data-ida=\"\" data-trkartmonet=\"Tunnel OF+\" data-trk-sipa=\"{&#010;\" blockcategory=\"\" paywall=\"\" :=\"\" m=\"\" of=\"\" class=\"&#010;        su-button&#010;        su-subscription&#010;        &#010;        &#010;    \" data-trk-bloc=\"paywall\" href=\"https:\/\/abonnement.ouest-france.fr\/tunnel\/pack-essentiel-article\/122096117101?int_medium=lien&amp;int_campaign=PWFR0225-OF&amp;int_content=page-article-payant_boutonjaune-paywall&amp;marquesource=OF&amp;rt=https:\/\/www.ouest-france.fr\/bretagne\/lorient-56100\/les-cancers-de-la-peau-se-jouent-dans-lenfance-rappelle-ce-chirurgien-plasticien-recemment-arrive-a-lorient-197c0486-6b0e-11f1-a3cf-41dac410473f\" rel=\"nofollow noopener\" target=\"_blank\"><br \/>\n    Je m&rsquo;abonne<br \/>\n<\/a><\/p>\n<p style=\"text-align: center; padding-top: 10px; padding-bottom: 10px;\"><img decoding=\"async\" src=\"https:\/\/media.ouest-france.fr\/v1\/fonts\/be7723fcee3f1866f1ce99184077fc6f-carte-bancaire.svg?height=36\" alt=\"CB\"\/>\u00a0\u00a0<img decoding=\"async\" src=\"https:\/\/media.ouest-france.fr\/v1\/fonts\/1819d54c599d8afa64539cfba4ac9dde-rib.svg?height=36\" alt=\"RIB\"\/>\u00a0\u00a0<img decoding=\"async\" src=\"https:\/\/media.ouest-france.fr\/v1\/fonts\/065fc80d7b6a03d14a834c224ce723e1-paypal.svg?height=36\" alt=\"PAYPAL\"\/><\/p>\n","protected":false},"excerpt":{"rendered":"Article premium, R\u00e9serv\u00e9 aux\u00a0abonn\u00e9s Arriv\u00e9 en novembre\u00a02025 \u00e0 Lorient (Morbihan), le Dr Yannis Claudic a renforc\u00e9 le p\u00f4le&hellip;\n","protected":false},"author":2,"featured_media":186184,"comment_status":"","ping_status":"","sticky":false,"template":"","format":"standard","meta":{"footnotes":"","_share_on_mastodon":"0"},"categories":[9],"tags":[99,83,30482,1648,1647,1646,84,23],"class_list":["post-186183","post","type-post","status-publish","format-standard","has-post-thumbnail","category-sante","tag-cancer","tag-health","tag-lanester","tag-lorient","tag-morbihan","tag-ploemeur","tag-sante","tag-suisse"],"share_on_mastodon":{"url":"https:\/\/pubeurope.com\/@ch_fr\/116792332702119829","error":""},"_links":{"self":[{"href":"https:\/\/www.europesays.com\/ch-fr\/wp-json\/wp\/v2\/posts\/186183","targetHints":{"allow":["GET"]}}],"collection":[{"href":"https:\/\/www.europesays.com\/ch-fr\/wp-json\/wp\/v2\/posts"}],"about":[{"href":"https:\/\/www.europesays.com\/ch-fr\/wp-json\/wp\/v2\/types\/post"}],"author":[{"embeddable":true,"href":"https:\/\/www.europesays.com\/ch-fr\/wp-json\/wp\/v2\/users\/2"}],"replies":[{"embeddable":true,"href":"https:\/\/www.europesays.com\/ch-fr\/wp-json\/wp\/v2\/comments?post=186183"}],"version-history":[{"count":0,"href":"https:\/\/www.europesays.com\/ch-fr\/wp-json\/wp\/v2\/posts\/186183\/revisions"}],"wp:featuredmedia":[{"embeddable":true,"href":"https:\/\/www.europesays.com\/ch-fr\/wp-json\/wp\/v2\/media\/186184"}],"wp:attachment":[{"href":"https:\/\/www.europesays.com\/ch-fr\/wp-json\/wp\/v2\/media?parent=186183"}],"wp:term":[{"taxonomy":"category","embeddable":true,"href":"https:\/\/www.europesays.com\/ch-fr\/wp-json\/wp\/v2\/categories?post=186183"},{"taxonomy":"post_tag","embeddable":true,"href":"https:\/\/www.europesays.com\/ch-fr\/wp-json\/wp\/v2\/tags?post=186183"}],"curies":[{"name":"wp","href":"https:\/\/api.w.org\/{rel}","templated":true}]}}