{"id":186263,"date":"2026-06-22T07:32:09","date_gmt":"2026-06-22T07:32:09","guid":{"rendered":"https:\/\/www.europesays.com\/ch-fr\/186263\/"},"modified":"2026-06-22T07:32:09","modified_gmt":"2026-06-22T07:32:09","slug":"nicola-sirkis-apres-la-mort-de-son-frere-stephane-cette-violente-polemique-qui-la-touche","status":"publish","type":"post","link":"https:\/\/www.europesays.com\/ch-fr\/186263\/","title":{"rendered":"Nicola Sirkis : apr\u00e8s la mort de son fr\u00e8re St\u00e9phane, cette violente pol\u00e9mique qui l\u2019a touch\u00e9"},"content":{"rendered":"<p>Ce 22 juin 2026, Nicola Sirkis c\u00e9l\u00e8bre ses 67 ans. Depuis plus de quarante ans, le chanteur porte Indochine au sommet du rock fran\u00e7ais. <\/p>\n<p>Derri\u00e8re cette long\u00e9vit\u00e9 exceptionnelle se cachent pourtant des \u00e9preuves profondes. Parmi elles, la disparition de son fr\u00e8re jumeau St\u00e9phane Sirkis en 1999 reste une blessure jamais referm\u00e9e. <\/p>\n<p>Quelques ann\u00e9es plus tard, une pol\u00e9mique li\u00e9e \u00e0 une c\u00e9l\u00e8bre parodie des Inconnus est venue ajouter de la douleur \u00e0 une p\u00e9riode d\u00e9j\u00e0 particuli\u00e8rement difficile.<\/p>\n<p>La mort de St\u00e9phane Sirkis, un drame qui bouleverse tout<\/p>\n<p>Avant de devenir l&rsquo;une des figures majeures du rock fran\u00e7ais, Nicola Sirkis a connu une jeunesse agit\u00e9e. Marqu\u00e9 par le divorce de ses parents, plusieurs exclusions scolaires et des ann\u00e9es compliqu\u00e9es, il construit pourtant avec son fr\u00e8re jumeau St\u00e9phane <a href=\"https:\/\/vsd.fr\/79330-indochine-record-historique\/\" rel=\"nofollow noopener\" target=\"_blank\">une aventure musicale hors du commun.<\/a><\/p>\n<p>Les deux fr\u00e8res participent ensemble \u00e0 la naissance d&rsquo;Indochine au d\u00e9but des ann\u00e9es 1980. Rapidement, le groupe encha\u00eene les succ\u00e8s avec L&rsquo;Aventurier, Canary Bay, 3 nuits par semaine ou encore Troisi\u00e8me Sexe. Pendant pr\u00e8s d&rsquo;une d\u00e9cennie, Nicola et St\u00e9phane apparaissent comme les visages indissociables du groupe.<\/p>\n<p>Mais les ann\u00e9es 1990 sont beaucoup plus difficiles. La presse consid\u00e8re alors Indochine comme un groupe d\u00e9pass\u00e9. Les critiques se multiplient. Certains m\u00e9dias \u00e9voquent m\u00eame une \u00ab sinistre ringardise \u00e9chapp\u00e9e des ann\u00e9es 1980 \u00bb. Le succ\u00e8s populaire s&rsquo;effrite et le groupe traverse une longue p\u00e9riode de doute.<\/p>\n<p>C&rsquo;est dans ce contexte que survient le drame. Le 27 f\u00e9vrier 1999, St\u00e9phane Sirkis meurt \u00e0 l&rsquo;\u00e2ge de 39 ans. Officiellement, son d\u00e9c\u00e8s est attribu\u00e9 aux cons\u00e9quences d&rsquo;une h\u00e9patite C. Mais au fil des ann\u00e9es, d&rsquo;autres versions \u00e9mergent.<\/p>\n<p>Le fr\u00e8re a\u00een\u00e9 des jumeaux, Christophe Sirkis, affirme notamment que St\u00e9phane aurait succomb\u00e9 \u00e0 une overdose volontaire. Selon lui, le musicien souffrait de plus en plus de sa place au sein du groupe. Des d\u00e9clarations qui seront largement m\u00e9diatis\u00e9es et qui contribueront \u00e0 alimenter les sp\u00e9culations autour de cette disparition.<\/p>\n<p>Pour Nicola Sirkis, la perte est immense. L&rsquo;album Dancetaria sort dans un climat de deuil. Le chanteur lui rend hommage sur sc\u00e8ne lors du Stef Concert et lui d\u00e9die plus tard plusieurs chansons. Malgr\u00e9 la douleur, il poursuit l&rsquo;aventure Indochine.<\/p>\n<p>La parodie des Inconnus devenue un sujet sensible<\/p>\n<p>Si la mort de St\u00e9phane marque profond\u00e9ment Nicola Sirkis, une autre affaire va longtemps lui coller \u00e0 la peau. Au d\u00e9but des ann\u00e9es 1990, <a href=\"https:\/\/www.public.fr\/le-coup-de-grace-bernard-campan-et-nicola-sirkis-recit-dune-gueguerre\" rel=\"nofollow noopener\" target=\"_blank\">les Inconnus connaissent un succ\u00e8s ph\u00e9nom\u00e9nal <\/a>gr\u00e2ce \u00e0 leurs sketches et \u00e0 leurs chansons parodiques.<\/p>\n<p>Parmi leurs cibles figure Indochine. Le trio compos\u00e9 de Didier Bourdon, Bernard Campan et Pascal L\u00e9gitimus d\u00e9tourne alors l&rsquo;univers du groupe dans une s\u00e9quence devenue culte. Les mimiques, les chor\u00e9graphies et le style de Nicola Sirkis sont tourn\u00e9s en d\u00e9rision.<\/p>\n<p>Des ann\u00e9es plus tard, Bernard Campan est revenu sur cet \u00e9pisode dans l&rsquo;\u00e9mission C \u00e0 Vous. L&rsquo;humoriste a reconnu que la r\u00e9action du chanteur avait \u00e9t\u00e9 particuli\u00e8rement vive.<\/p>\n<p>\u00ab Je crois que c&rsquo;est arriv\u00e9 \u00e0 un moment o\u00f9 leur cote chutait \u00bb, a-t-il expliqu\u00e9. Puis il a ajout\u00e9 : \u00ab Nicola Sirkis a dit : \u00ab\u00a0\u00c7a a \u00e9t\u00e9 le coup de gr\u00e2ce\u00a0\u00bb. \u00bb Cette phrase r\u00e9sume \u00e0 elle seule le ressentiment du leader d&rsquo;Indochine. \u00c0 ses yeux, la parodie n&rsquo;\u00e9tait pas arriv\u00e9e au meilleur moment. Le groupe traversait d\u00e9j\u00e0 une p\u00e9riode compliqu\u00e9e et voyait son image se d\u00e9grader.<\/p>\n<p>Campan reconna\u00eet d&rsquo;ailleurs que le contexte personnel de Nicola rendait la situation encore plus d\u00e9licate. \u00ab Donc forc\u00e9ment, il nous en a voulu et puis son fr\u00e8re est d\u00e9c\u00e9d\u00e9\u2026 Je pense que \u00e7a a \u00e9t\u00e9 dur pour lui \u00bb, a-t-il confi\u00e9.<\/p>\n<p>Un renouveau spectaculaire malgr\u00e9 les blessures<\/p>\n<p>Malgr\u00e9 les critiques, les moqueries et le drame familial, Nicola Sirkis refuse pourtant d&rsquo;abandonner. Alors que plusieurs membres historiques quittent le groupe, il maintient co\u00fbte que co\u00fbte le nom Indochine.<\/p>\n<p>Son obstination finit par payer. En 2002, la sortie de l&rsquo;album Paradize change tout. Port\u00e9 par le tube J&rsquo;ai demand\u00e9 \u00e0 la lune, le disque rencontre un succ\u00e8s colossal et replace le groupe au premier plan.<\/p>\n<p>Avec le recul, Nicola Sirkis lui-m\u00eame reconna\u00eet que la disparition de son fr\u00e8re a modifi\u00e9 le regard du public sur Indochine. <\/p>\n<p>Les ann\u00e9es suivantes confirment cette renaissance. Les albums Alice et June, Black City Parade, 13 puis Babel Babel s&rsquo;imposent dans les classements. Le groupe encha\u00eene les tourn\u00e9es g\u00e9antes et les records d&rsquo;affluence.<\/p>\n<p>Le 26 juin 2010, Indochine devient m\u00eame le premier groupe de rock fran\u00e7ais \u00e0 remplir le Stade de France. En 2022, le Central Tour rassemble plus de 98 000 spectateurs lors d&rsquo;un concert historique<\/p>\n<p>Aujourd&rsquo;hui encore, Nicola Sirkis continue de faire vivre l&rsquo;h\u00e9ritage construit avec son fr\u00e8re. Derri\u00e8re les succ\u00e8s et les records, demeure toutefois le souvenir de St\u00e9phane Sirkis, disparu trop t\u00f4t. Une absence qui continue de hanter l&rsquo;histoire d&rsquo;Indochine et qui explique sans doute pourquoi certaines pol\u00e9miques ont pu toucher aussi profond\u00e9ment le chanteur.<\/p>\n<p>\n          Hits &amp; People en continu\n        <\/p>\n<p>\n          Public Radio\n        <\/p>\n<p>      Mentionn\u00e9s dans cet article<\/p>\n<p>      Sur le m\u00eame sujet<\/p>\n","protected":false},"excerpt":{"rendered":"Ce 22 juin 2026, Nicola Sirkis c\u00e9l\u00e8bre ses 67 ans. Depuis plus de quarante ans, le chanteur porte&hellip;\n","protected":false},"author":2,"featured_media":186264,"comment_status":"","ping_status":"","sticky":false,"template":"","format":"standard","meta":{"footnotes":"","_share_on_mastodon":"0"},"categories":[15],"tags":[43383,158,157,3148,113,112,813,43384,1210,159,23],"class_list":["post-186263","post","type-post","status-publish","format-standard","has-post-thumbnail","category-people","tag-bernard-campan","tag-celebrities","tag-celebrity","tag-didier-bourdon","tag-divertissement","tag-entertainment","tag-indochine","tag-les-inconnus","tag-nicola-sirkis","tag-people","tag-suisse"],"share_on_mastodon":{"url":"https:\/\/pubeurope.com\/@ch_fr\/116792599834777781","error":""},"_links":{"self":[{"href":"https:\/\/www.europesays.com\/ch-fr\/wp-json\/wp\/v2\/posts\/186263","targetHints":{"allow":["GET"]}}],"collection":[{"href":"https:\/\/www.europesays.com\/ch-fr\/wp-json\/wp\/v2\/posts"}],"about":[{"href":"https:\/\/www.europesays.com\/ch-fr\/wp-json\/wp\/v2\/types\/post"}],"author":[{"embeddable":true,"href":"https:\/\/www.europesays.com\/ch-fr\/wp-json\/wp\/v2\/users\/2"}],"replies":[{"embeddable":true,"href":"https:\/\/www.europesays.com\/ch-fr\/wp-json\/wp\/v2\/comments?post=186263"}],"version-history":[{"count":0,"href":"https:\/\/www.europesays.com\/ch-fr\/wp-json\/wp\/v2\/posts\/186263\/revisions"}],"wp:featuredmedia":[{"embeddable":true,"href":"https:\/\/www.europesays.com\/ch-fr\/wp-json\/wp\/v2\/media\/186264"}],"wp:attachment":[{"href":"https:\/\/www.europesays.com\/ch-fr\/wp-json\/wp\/v2\/media?parent=186263"}],"wp:term":[{"taxonomy":"category","embeddable":true,"href":"https:\/\/www.europesays.com\/ch-fr\/wp-json\/wp\/v2\/categories?post=186263"},{"taxonomy":"post_tag","embeddable":true,"href":"https:\/\/www.europesays.com\/ch-fr\/wp-json\/wp\/v2\/tags?post=186263"}],"curies":[{"name":"wp","href":"https:\/\/api.w.org\/{rel}","templated":true}]}}