{"id":187141,"date":"2026-06-22T18:30:14","date_gmt":"2026-06-22T18:30:14","guid":{"rendered":"https:\/\/www.europesays.com\/ch-fr\/187141\/"},"modified":"2026-06-22T18:30:14","modified_gmt":"2026-06-22T18:30:14","slug":"annonay-lactivite-physique-adaptee-une-discipline-qui-accompagne-les-malades-du-cancer","status":"publish","type":"post","link":"https:\/\/www.europesays.com\/ch-fr\/187141\/","title":{"rendered":"Annonay. L\u2019activit\u00e9 physique adapt\u00e9e, une discipline qui accompagne les malades du cancer"},"content":{"rendered":"<p>Celles et ceux qui ont un handicap, des pathologies ou des besoins particuliers \u00e0 cause d\u2019une blessure ou d\u2019une maladie peuvent pratiquer l\u2019activit\u00e9 physique adapt\u00e9e (APA). Cela permet d\u2019\u00e9viter les blessures ou la frustration de ne plus pouvoir pratiquer du sport comme on le voudrait. \u00c0 Annonay, Alexandre Couturier, qui travaille \u00e0 l\u2019espace Ligue, l\u2019enseigne.<\/p>\n<p>\u00ab\u00a0Ici, je travaille avec des malades du cancer, explique le professionnel. Tous les cancers sont&#8230;<\/p>\n","protected":false},"excerpt":{"rendered":"Celles et ceux qui ont un handicap, des pathologies ou des besoins particuliers \u00e0 cause d\u2019une blessure ou&hellip;\n","protected":false},"author":2,"featured_media":187142,"comment_status":"","ping_status":"","sticky":false,"template":"","format":"standard","meta":{"footnotes":"","_share_on_mastodon":"0"},"categories":[9],"tags":[16501,16502,16503,83,84,23],"class_list":["post-187141","post","type-post","status-publish","format-standard","has-post-thumbnail","category-sante","tag-annonay","tag-annonay-bassin","tag-edition-annonay-nord-ardeche","tag-health","tag-sante","tag-suisse"],"share_on_mastodon":{"url":"https:\/\/pubeurope.com\/@ch_fr\/116795187307446228","error":""},"_links":{"self":[{"href":"https:\/\/www.europesays.com\/ch-fr\/wp-json\/wp\/v2\/posts\/187141","targetHints":{"allow":["GET"]}}],"collection":[{"href":"https:\/\/www.europesays.com\/ch-fr\/wp-json\/wp\/v2\/posts"}],"about":[{"href":"https:\/\/www.europesays.com\/ch-fr\/wp-json\/wp\/v2\/types\/post"}],"author":[{"embeddable":true,"href":"https:\/\/www.europesays.com\/ch-fr\/wp-json\/wp\/v2\/users\/2"}],"replies":[{"embeddable":true,"href":"https:\/\/www.europesays.com\/ch-fr\/wp-json\/wp\/v2\/comments?post=187141"}],"version-history":[{"count":0,"href":"https:\/\/www.europesays.com\/ch-fr\/wp-json\/wp\/v2\/posts\/187141\/revisions"}],"wp:featuredmedia":[{"embeddable":true,"href":"https:\/\/www.europesays.com\/ch-fr\/wp-json\/wp\/v2\/media\/187142"}],"wp:attachment":[{"href":"https:\/\/www.europesays.com\/ch-fr\/wp-json\/wp\/v2\/media?parent=187141"}],"wp:term":[{"taxonomy":"category","embeddable":true,"href":"https:\/\/www.europesays.com\/ch-fr\/wp-json\/wp\/v2\/categories?post=187141"},{"taxonomy":"post_tag","embeddable":true,"href":"https:\/\/www.europesays.com\/ch-fr\/wp-json\/wp\/v2\/tags?post=187141"}],"curies":[{"name":"wp","href":"https:\/\/api.w.org\/{rel}","templated":true}]}}