{"id":187371,"date":"2026-06-22T21:19:23","date_gmt":"2026-06-22T21:19:23","guid":{"rendered":"https:\/\/www.europesays.com\/ch-fr\/187371\/"},"modified":"2026-06-22T21:19:23","modified_gmt":"2026-06-22T21:19:23","slug":"nouvelle-production-solaire-de-4-gwh-an-pour-iwb-a-liesberg-bl","status":"publish","type":"post","link":"https:\/\/www.europesays.com\/ch-fr\/187371\/","title":{"rendered":"Nouvelle production solaire de 4 GWh an pour IWB a Liesberg (BL)"},"content":{"rendered":"<p>\n                Teaserbild-Quelle: Christian Aeberhard\n            <\/p>\n<p dir=\"ltr\" style=\"line-height:1.38;margin-top:0pt;margin-bottom:0pt;\">IWB a transform\u00e9 l\u2019ancienne d\u00e9charge \u00abHinterm Chestel\u00bb de Liesberg (BL) en centrale solaire moderne, install\u00e9e malgr\u00e9 un terrain complexe. L\u00e0 o\u00f9 l\u2019on d\u00e9posait autrefois des d\u00e9chets, 7&rsquo;608 panneaux produisent de l\u2019\u00e9lectricit\u00e9 renouvelable tout en pr\u00e9servant la biodiversit\u00e9.<\/p>\n<p>        <img decoding=\"async\" src=\"https:\/\/www.europesays.com\/ch-fr\/wp-content\/uploads\/2026\/06\/31491_1.jpg\" alt=\"Transformation du site \u00abHinterm Chestel\u00bb: l\u2019ancienne d\u00e9charge accueille d\u00e9sormais l\u2019installation solaire d\u2019IWB.\" class=\"img-responsive\"\/><\/p>\n<p class=\"font-size-14 mt-2 mb-0\">Cr\u00e9dit image: Christian Aeberhard<\/p>\n<p class=\"font-size-14 mb-4\">Transformation du site \u00abHinterm Chestel\u00bb: l\u2019ancienne d\u00e9charge accueille d\u00e9sormais l\u2019installation solaire d\u2019IWB.<\/p>\n<p dir=\"ltr\" style=\"line-height:1.38;margin-top:0pt;margin-bottom:0pt;\">Lors de la mise en \u0153uvre d&rsquo;une installation photovolta\u00efque sur l&rsquo;ancienne d\u00e9charge de Liesberg (BL), IWB a accord\u00e9 une grande importance \u00e0 une coexistence respectueuse de l\u2019environnement entre la production d\u2019\u00e9nergie et la nature.<\/p>\n<p dir=\"ltr\" style=\"line-height:1.38;margin-top:0pt;margin-bottom:0pt;\">Autrefois une carri\u00e8re d\u2019argile, puis une d\u00e9charge, c\u2019est aujourd\u2019hui un site de production d\u2019\u00e9lectricit\u00e9 renouvelable. L\u00e0 o\u00f9 l\u2019on d\u00e9versait des d\u00e9chets, le fournisseur d\u2019\u00e9nergie b\u00e2lois IWB a fait installer ces derniers mois une technologie de pointe en construisant une centrale photovolta\u00efque destin\u00e9e \u00e0 la production d\u2019\u00e9nergie durable sur l\u2019ancienne d\u00e9charge de la soci\u00e9t\u00e9 Kehrichtbeseitigung Laufental-Schwarzbubenland AG (KELSAG). Depuis la fin du printemps, 7&rsquo;608 panneaux solaires r\u00e9partis sur une superficie d\u2019environ 25&rsquo;000 m\u00b2  produisent de l\u2019\u00e9lectricit\u00e9 solaire. Avec une puissance install\u00e9e d\u2019environ 3,7 MW, la centrale produira chaque ann\u00e9e pr\u00e8s de 4 GWh d\u2019\u00e9lectricit\u00e9 solaire, ce qui correspond \u00e0 peu pr\u00e8s \u00e0 la consommation de 1000 foyers moyens.<\/p>\n<p dir=\"ltr\" style=\"line-height:1.38;margin-top:0pt;margin-bottom:0pt;\">Conditions difficiles<\/p>\n<p dir=\"ltr\" style=\"line-height:1.38;margin-top:0pt;margin-bottom:0pt;\">Avec ce projet, IWB exploite une friche industrielle, dont l\u2019utilisation \u00e9tait par ailleurs limit\u00e9e, pour la production d\u2019\u00e9nergie renouvelable. La construction sur le site de l\u2019ancienne d\u00e9charge a pos\u00e9 des exigences particuli\u00e8res en mati\u00e8re de planification et de mise en \u0153uvre, notamment en ce qui concerne le sous-sol et la stabilit\u00e9 \u00e0 long terme. En collaboration avec diff\u00e9rents partenaires, dont Planeco, filiale d\u2019IWB, IWB a r\u00e9ussi \u00e0 mener \u00e0 bien ce projet sur la colline de la d\u00e9charge, dont la pente est par endroits tr\u00e8s raide.<\/p>\n<p dir=\"ltr\" style=\"line-height:1.38;margin-top:0pt;margin-bottom:0pt;\">En harmonie avec la nature<\/p>\n<p dir=\"ltr\" style=\"line-height:1.38;margin-top:0pt;margin-bottom:0pt;\">L\u2019installation photovolta\u00efque de Liesberg (BL) est bien plus qu\u2019un simple projet \u00e9nerg\u00e9tique. D\u00e8s le d\u00e9but, IWB a \u00e9troitement associ\u00e9 les organisations locales de protection de la nature et de l\u2019environnement \u00e0 la planification, ce qui a permis de prendre syst\u00e9matiquement en compte les pr\u00e9occupations \u00e9cologiques. En rapprochant les modules photovolta\u00efques les uns des autres et en les sur\u00e9levant, IWB a pu cr\u00e9er de mani\u00e8re cibl\u00e9e, autour des panneaux solaires, des habitats pour les reptiles, les insectes et les amphibiens. Il s\u2019agit notamment de biotopes nouvellement am\u00e9nag\u00e9s, de zones riches en structures ainsi que d\u2019un couloir \u00e0 papillons le long des lisi\u00e8res foresti\u00e8res adjacentes.<\/p>\n<p dir=\"ltr\" style=\"line-height:1.38;margin-top:0pt;margin-bottom:0pt;\">Cette installation montre comment, gr\u00e2ce \u00e0 un engagement sans faille et \u00e0 un esprit pionnier, m\u00eame les terrains difficiles peuvent \u00eatre exploit\u00e9s de mani\u00e8re judicieuse. L\u2019installation solaire \u00e9pouse les contours de la colline de la d\u00e9charge, et une nouvelle vie prend naissance tout autour.<\/p>\n<p dir=\"ltr\" style=\"line-height:1.38;margin-top:0pt;margin-bottom:0pt;\">\u00a0<\/p>\n","protected":false},"excerpt":{"rendered":"Teaserbild-Quelle: Christian Aeberhard IWB a transform\u00e9 l\u2019ancienne d\u00e9charge \u00abHinterm Chestel\u00bb de Liesberg (BL) en centrale solaire moderne, install\u00e9e&hellip;\n","protected":false},"author":2,"featured_media":187372,"comment_status":"","ping_status":"","sticky":false,"template":"","format":"standard","meta":{"footnotes":"","_share_on_mastodon":"0"},"categories":[6],"tags":[17321,45,1168,4750,44,43,707,355,14839,304,18671,9038,23],"class_list":["post-187371","post","type-post","status-publish","format-standard","has-post-thumbnail","category-economie","tag-bale-campagne","tag-business","tag-chauffage","tag-developpement","tag-economie","tag-economy","tag-energie-solaire","tag-environnement","tag-gef_divers","tag-nature","tag-recyclage","tag-rub_divers","tag-suisse"],"share_on_mastodon":{"url":"https:\/\/pubeurope.com\/@ch_fr\/116795851735684300","error":""},"_links":{"self":[{"href":"https:\/\/www.europesays.com\/ch-fr\/wp-json\/wp\/v2\/posts\/187371","targetHints":{"allow":["GET"]}}],"collection":[{"href":"https:\/\/www.europesays.com\/ch-fr\/wp-json\/wp\/v2\/posts"}],"about":[{"href":"https:\/\/www.europesays.com\/ch-fr\/wp-json\/wp\/v2\/types\/post"}],"author":[{"embeddable":true,"href":"https:\/\/www.europesays.com\/ch-fr\/wp-json\/wp\/v2\/users\/2"}],"replies":[{"embeddable":true,"href":"https:\/\/www.europesays.com\/ch-fr\/wp-json\/wp\/v2\/comments?post=187371"}],"version-history":[{"count":0,"href":"https:\/\/www.europesays.com\/ch-fr\/wp-json\/wp\/v2\/posts\/187371\/revisions"}],"wp:featuredmedia":[{"embeddable":true,"href":"https:\/\/www.europesays.com\/ch-fr\/wp-json\/wp\/v2\/media\/187372"}],"wp:attachment":[{"href":"https:\/\/www.europesays.com\/ch-fr\/wp-json\/wp\/v2\/media?parent=187371"}],"wp:term":[{"taxonomy":"category","embeddable":true,"href":"https:\/\/www.europesays.com\/ch-fr\/wp-json\/wp\/v2\/categories?post=187371"},{"taxonomy":"post_tag","embeddable":true,"href":"https:\/\/www.europesays.com\/ch-fr\/wp-json\/wp\/v2\/tags?post=187371"}],"curies":[{"name":"wp","href":"https:\/\/api.w.org\/{rel}","templated":true}]}}