{"id":188261,"date":"2026-06-23T12:50:09","date_gmt":"2026-06-23T12:50:09","guid":{"rendered":"https:\/\/www.europesays.com\/ch-fr\/188261\/"},"modified":"2026-06-23T12:50:09","modified_gmt":"2026-06-23T12:50:09","slug":"la-renovation-du-casino-theatre-de-geneve-est-engagee","status":"publish","type":"post","link":"https:\/\/www.europesays.com\/ch-fr\/188261\/","title":{"rendered":"La r\u00e9novation du Casino-Th\u00e9\u00e2tre de Gen\u00e8ve est engag\u00e9e"},"content":{"rendered":"<p>\n                Teaserbild-Quelle: Franck Schneider, CC_BY-SA_3.0\n            <\/p>\n<p>Fragilis\u00e9<br \/>\npar des probl\u00e8mes de statique depuis six ans, le b\u00e2timent de la v\u00e9n\u00e9rable institution<br \/>\ngenevoise entame une transformation patrimoniale bienvenue. Les travaux de modernisation<br \/>\nde ce th\u00e9\u00e2tre ouvert en 1892 vont durer 36 mois. <\/p>\n<p>        <img decoding=\"async\" src=\"https:\/\/www.europesays.com\/ch-fr\/wp-content\/uploads\/2026\/06\/29575_1.jpg\" alt=\"Casino Th\u00e9\u00e2tre Gen\u00e8ve\" class=\"img-responsive\"\/><\/p>\n<p class=\"font-size-14 mt-2 mb-0\">Cr\u00e9dit image: Franck Schneider, CC_BY-SA_3.0<\/p>\n<p class=\"font-size-14 mb-4\">Le b\u00e2timent sera transform\u00e9 dans le souci du respect de ses innombrables atouts patrimoniaux.<\/p>\n<p>C\u2019est<br \/>\nun temple de la vie culturelle genevoise qui entame ces jours un lifting aussi<br \/>\nbienvenu que n\u00e9cessaire. Le Casino-th\u00e9\u00e2tre, haut lieu de la Revue cantonale, va<br \/>\nenfin \u00eatre r\u00e9nov\u00e9. Il faudra assainir le b\u00e2timent ouvert en 1892, revoir sa<br \/>\nmachinerie de sc\u00e8ne et renou8veler divers \u00e9quipements techniques.<\/p>\n<p>D\u00e9m\u00e9nagement<br \/>\nn\u00e9cessaire<br \/>Des probl\u00e8mes de stabilit\u00e9 du b\u00e2timent avaient d\u00e9j\u00e0 conduit \u00e0 sa fermeture temporaire<br \/>\nil y a six ans. Plut\u00f4t que mettre un empl\u00e2tre sur une jambe de bois, la Cit\u00e9 de<br \/>\nCalvin a profit\u00e9 de cet \u00e9v\u00e8nement pour envisager et engager une r\u00e9novation<br \/>\ncompl\u00e8te. Ce qui a provoqu\u00e9 la cr\u00e9ation d\u2019un th\u00e9\u00e2tre temporaire \u00e0 Plainpalais<br \/>\npour continuer d\u2019accueillir les spectacles de la Revue genevoise jusqu\u2019\u00e0 la fin<br \/>\ndu chantier.<\/p>\n<p>Un<br \/>\nconfort renouvel\u00e9 pour les artistes et leur public<br \/>Les travaux vont donc durer environ 36 mois. La toiture du b\u00e2timent principal sera<br \/>\nremplac\u00e9e. La tour de sc\u00e8ne sera reconstruite et une coulisse sera cr\u00e9\u00e9e derri\u00e8re<br \/>\nla cage sc\u00e9nique. Les architectes de cette r\u00e9novation ont aussi pr\u00e9vu une circulation<br \/>\ndu public plus fluide en r\u00e9duisant la capacit\u00e9 du th\u00e9\u00e2tre de 485 \u00e0 400 places,<br \/>\navec de nouveaux fauteuils de surcro\u00eet. Les personnes \u00e0 mobilit\u00e9 r\u00e9duite<br \/>\nverront aussi leur acc\u00e8s facilit\u00e9. Le mat\u00e9riel son et lumi\u00e8re sera int\u00e9gralement<br \/>\nrenouvel\u00e9, ainsi que les installations informatiques du b\u00e2timent et son mobilier<br \/>\nv\u00e9tuste.<\/p>\n<p>Le<br \/>\npass\u00e9 remis en valeur<br \/>Cette r\u00e9novation aura une forte note patrimoniale. Les balcons et leurs loges, ainsi<br \/>\nque la verri\u00e8re de la fa\u00e7ade sud seront restaur\u00e9s. L\u2019annexe du chalet mettra en<br \/>\nvaleur ses parquets, ses vitraux, ses peintures d\u2019\u00e9poque et sa grande chemin\u00e9e.<br \/>\nUne buvette sur deux niveaux ind\u00e9pendants sera enfin cr\u00e9\u00e9e. <\/p>\n<p>\u00a0<\/p>\n","protected":false},"excerpt":{"rendered":"Teaserbild-Quelle: Franck Schneider, CC_BY-SA_3.0 Fragilis\u00e9 par des probl\u00e8mes de statique depuis six ans, le b\u00e2timent de la v\u00e9n\u00e9rable&hellip;\n","protected":false},"author":2,"featured_media":188262,"comment_status":"","ping_status":"","sticky":false,"template":"","format":"standard","meta":{"footnotes":"","_share_on_mastodon":"0"},"categories":[17],"tags":[8523,414,172,1163,170,169,1165,1164,1162,23,1169],"class_list":["post-188261","post","type-post","status-publish","format-standard","has-post-thumbnail","category-geneve","tag-architecture-et-construction","tag-arts","tag-culture","tag-gef_news","tag-geneva","tag-geneve","tag-patrimoine","tag-renovations","tag-rub_projets","tag-suisse","tag-transformations"],"share_on_mastodon":{"url":"https:\/\/pubeurope.com\/@ch_fr\/116799512819079477","error":""},"_links":{"self":[{"href":"https:\/\/www.europesays.com\/ch-fr\/wp-json\/wp\/v2\/posts\/188261","targetHints":{"allow":["GET"]}}],"collection":[{"href":"https:\/\/www.europesays.com\/ch-fr\/wp-json\/wp\/v2\/posts"}],"about":[{"href":"https:\/\/www.europesays.com\/ch-fr\/wp-json\/wp\/v2\/types\/post"}],"author":[{"embeddable":true,"href":"https:\/\/www.europesays.com\/ch-fr\/wp-json\/wp\/v2\/users\/2"}],"replies":[{"embeddable":true,"href":"https:\/\/www.europesays.com\/ch-fr\/wp-json\/wp\/v2\/comments?post=188261"}],"version-history":[{"count":0,"href":"https:\/\/www.europesays.com\/ch-fr\/wp-json\/wp\/v2\/posts\/188261\/revisions"}],"wp:featuredmedia":[{"embeddable":true,"href":"https:\/\/www.europesays.com\/ch-fr\/wp-json\/wp\/v2\/media\/188262"}],"wp:attachment":[{"href":"https:\/\/www.europesays.com\/ch-fr\/wp-json\/wp\/v2\/media?parent=188261"}],"wp:term":[{"taxonomy":"category","embeddable":true,"href":"https:\/\/www.europesays.com\/ch-fr\/wp-json\/wp\/v2\/categories?post=188261"},{"taxonomy":"post_tag","embeddable":true,"href":"https:\/\/www.europesays.com\/ch-fr\/wp-json\/wp\/v2\/tags?post=188261"}],"curies":[{"name":"wp","href":"https:\/\/api.w.org\/{rel}","templated":true}]}}