{"id":188289,"date":"2026-06-23T13:11:12","date_gmt":"2026-06-23T13:11:12","guid":{"rendered":"https:\/\/www.europesays.com\/ch-fr\/188289\/"},"modified":"2026-06-23T13:11:12","modified_gmt":"2026-06-23T13:11:12","slug":"le-prince-william-et-emma-watson-reunis-a-londres-lors-dune-soiree-pour-la-faune-sauvage","status":"publish","type":"post","link":"https:\/\/www.europesays.com\/ch-fr\/188289\/","title":{"rendered":"Le prince William et Emma Watson r\u00e9unis \u00e0 Londres lors d\u2019une soir\u00e9e pour la faune sauvage"},"content":{"rendered":"<p>\n    Lundi 22 juin, pour lancer la Semaine de l\u2019action pour le climat \u00e0 Londres, le prince de Galles se trouvait aux c\u00f4t\u00e9s d\u2019Emma Watson et de Benedict Cumberbatch au forum United for Wildlife organis\u00e9 par la Fondation royale.<\/p>\n<p class=\"fig-paragraph\">\u00c0 Londres, la Semaine de l\u2019action pour le climat vient tout juste de commencer. Engag\u00e9 en faveur de la protection de l\u2019environnement, le\u00a0<a href=\"https:\/\/madame.lefigaro.fr\/tag\/prince-william\" data-fig-type=\"Keyword\" data-gtm-custom-categorie=\"navigation\" data-gtm-custom-action=\"crossclick\" data-gtm-custom-label=\"Contextuel\" data-gtm-event=\"customEventSPE\" data-fig-domain=\"MADAME\" rel=\"nofollow noopener\" target=\"_blank\">prince William<\/a>\u00a0a donc particip\u00e9 \u00e0 l\u2019\u00e9v\u00e9nement en organisant, par le biais de la Fondation royale, le forum de l\u2019association United for Wildlife. Lors de cette conf\u00e9rence, il se trouvait aux c\u00f4t\u00e9s d\u2019<a href=\"https:\/\/madame.lefigaro.fr\/tag\/emma-watson\" data-fig-type=\"Keyword\" data-gtm-custom-categorie=\"navigation\" data-gtm-custom-action=\"crossclick\" data-gtm-custom-label=\"Contextuel\" data-gtm-event=\"customEventSPE\" data-fig-domain=\"MADAME\" rel=\"nofollow noopener\" target=\"_blank\">Emma Watson<\/a>\u00a0et de Benedict Cumberbatch. Les deux stars de cin\u00e9ma ont d\u2019ailleurs pris la parole sur sc\u00e8ne avec le prince de Galles pour \u00e9changer sur la responsabilit\u00e9 de chacun au sujet de l\u2019\u00e9cologie. Plusieurs vid\u00e9os et photos de cette soir\u00e9e ont \u00e9t\u00e9 publi\u00e9es sur le compte Instagram du prince et de la princesse de Galles.<\/p>\n<p class=\"fig-paragraph\">Quelques\u00a0<a href=\"https:\/\/www.instagram.com\/reel\/DZ54lKsN9Cj\/?utm_source=ig_web_copy_link&amp;igsh=MzRlODBiNWFlZA==\" target=\"_blank\" rel=\"nofollow noopener\" data-gtm-custom-categorie=\"navigation\" data-gtm-custom-action=\"crossclick\" data-gtm-custom-label=\"Contextuel\" data-gtm-event=\"customEventSPE\">extraits<\/a>\u00a0reprennent d\u2019ailleurs une partie des prises de paroles de chacun lors de ce forum. Dans son discours, le prince William est revenu sur la cr\u00e9ation United for Wildlife, qui a vu le jour en 2013 gr\u00e2ce \u00e0 l\u2019h\u00e9ritier britannique et \u00e0 la Fondation royale et lutte contre la criminalit\u00e9 environnementale et le commerce ill\u00e9gal d\u2019esp\u00e8ces sauvages. \u00abDevenez le leader que vous r\u00eaviez d\u2019\u00eatre quand vous \u00e9tiez enfant. Il y a dix ans, j\u2019\u00e9tais assis dans cette salle avec plusieurs de ces personnes formidables\u00bb, a racont\u00e9 le prince William. \u00abNous avons d\u00e9cid\u00e9 de faire preuve d\u2019autant d\u2019audace que possible pour aller \u00e0 la rencontre de secteurs de la soci\u00e9t\u00e9 qui n\u2019avaient probablement jamais \u00e9t\u00e9 pris en compte dans les d\u00e9bats sur la nature et l\u2019environnement. Nous avons commenc\u00e9 avec 40 chefs d\u2019entreprise; aujourd\u2019hui, comme vous pouvez le constater, nous sommes pr\u00e8s de 300.\u00bb<\/p>\n<p class=\"fig-body-link&#10;    \">\n            \u00c0 lire aussi<br \/>\n        <a class=\"fig-body-link__link\" href=\"http:\/\/madame.lefigaro.fr\/mariage\/nouveau-mariage-chez-les-windsor-lady-marina-la-cousine-du-prince-william-a-dit-oui-a-nico-maucauley-20260622\" data-fig-type=\"Article\" data-gtm-custom-categorie=\"navigation\" data-gtm-custom-action=\"crossclick\" data-gtm-custom-label=\"Contextuel\" data-gtm-event=\"customEventSPE\" data-fig-domain=\"MADAME\" rel=\"nofollow noopener\" target=\"_blank\"><br \/>\n        Nouveau mariage chez les Windsor\u00a0: Lady Marina, la cousine du prince William, a dit \u00aboui\u00bb \u00e0 Nico Maucauley<\/a>\n<\/p>\n<p>                                                <a class=\"fig-a11y-skip\" href=\"#fig-a11y-skip-main-inarticle\" is=\"fig-a11y-skip\" data-trigger-mode=\"visible-once\"><br \/>\n    Passer la publicit\u00e9<br \/>\n<\/a>            <\/p>\n<p>                                                \u00abNous pouvons tous faire la diff\u00e9rence\u00bb<\/p>\n<p class=\"fig-paragraph\">De son c\u00f4t\u00e9 Emma Watson a soulign\u00e9 l\u2019importance, pour les marques, de faire preuve de transparence au sujet des enjeux environnementaux. \u00abLe storytelling est un outil extr\u00eamement puissant\u00a0: l\u2019histoire que vous racontez en tant que marque, votre transparence et la mani\u00e8re dont vous abordez ces enjeux a une r\u00e9elle importance\u00bb, a d\u00e9clar\u00e9 l\u2019actrice sur la sc\u00e8ne du forum. \u00abCela compte pour les jeunes. Il est temps de faire entendre une voix positive.\u00bb Quant \u00e0\u00a0<a href=\"http:\/\/madame.lefigaro.fr\/celebrites\/actu-people\/ce-jour-ou-l-acteur-benedict-cumberbatch-a-ete-rackette-et-enleve-en-afrique-du-sud-20250123\" data-fig-type=\"Article\" data-gtm-custom-categorie=\"navigation\" data-gtm-custom-action=\"crossclick\" data-gtm-custom-label=\"Contextuel\" data-gtm-event=\"customEventSPE\" data-fig-domain=\"MADAME\" rel=\"nofollow noopener\" target=\"_blank\">Benedict Cumberbatch<\/a>, il a fermement assur\u00e9 que \u00abnous pouvons tous faire la diff\u00e9rence\u00bb. \u00abChacun d\u2019entre nous fait toujours partie de la nature ; nous n\u2019en sommes pas s\u00e9par\u00e9s, c\u2019est ainsi que nous apprenons \u00e0 vivre en harmonie avec elle\u00a0: le vert est le nouvel or\u00bb, a-t-il ajout\u00e9.<\/p>\n<p class=\"fig-paragraph\">Pour le prince William il \u00e9tait important d\u2019\u00eatre pr\u00e9sent lors de la Semaine de l\u2019action pour le climat. En effet, il s\u2019est toujours int\u00e9ress\u00e9 de pr\u00e8s aux actions \u00e9cologiques men\u00e9es par les diff\u00e9rentes associations et entreprises. Notamment gr\u00e2ce \u00e0 son\u00a0<a href=\"http:\/\/madame.lefigaro.fr\/celebrites\/actu-people\/aux-confins-de-l-espace-en-photos-le-voyage-sensationnel-du-prince-william-pour-les-earthshot-prize-20221204\" data-fig-type=\"Article\" data-gtm-custom-categorie=\"navigation\" data-gtm-custom-action=\"crossclick\" data-gtm-custom-label=\"Contextuel\" data-gtm-event=\"customEventSPE\" data-fig-domain=\"MADAME\" rel=\"nofollow noopener\" target=\"_blank\">prix Earthshot<\/a>, d\u00e9cern\u00e9 par The Earthshot Prize Foundation \u00e0 des individus, institutions ou organisations en reconnaissance de leurs contributions \u00e0 la protection de l\u2019environnement et de leurs propositions visant \u00e0 lutter contre le changement climatique. Un combat qui lui tient particuli\u00e8rement \u00e0 c\u0153ur.<\/p>\n<p>    <script async src=\"\/\/www.instagram.com\/embed.js\"><\/script><\/p>\n","protected":false},"excerpt":{"rendered":"Lundi 22 juin, pour lancer la Semaine de l\u2019action pour le climat \u00e0 Londres, le prince de Galles&hellip;\n","protected":false},"author":2,"featured_media":188290,"comment_status":"","ping_status":"","sticky":false,"template":"","format":"standard","meta":{"footnotes":"","_share_on_mastodon":"0"},"categories":[15],"tags":[158,157,113,6755,112,355,159,2228,23],"class_list":["post-188289","post","type-post","status-publish","format-standard","has-post-thumbnail","category-people","tag-celebrities","tag-celebrity","tag-divertissement","tag-emma-watson","tag-entertainment","tag-environnement","tag-people","tag-prince-william","tag-suisse"],"share_on_mastodon":{"url":"https:\/\/pubeurope.com\/@ch_fr\/116799595307233182","error":""},"_links":{"self":[{"href":"https:\/\/www.europesays.com\/ch-fr\/wp-json\/wp\/v2\/posts\/188289","targetHints":{"allow":["GET"]}}],"collection":[{"href":"https:\/\/www.europesays.com\/ch-fr\/wp-json\/wp\/v2\/posts"}],"about":[{"href":"https:\/\/www.europesays.com\/ch-fr\/wp-json\/wp\/v2\/types\/post"}],"author":[{"embeddable":true,"href":"https:\/\/www.europesays.com\/ch-fr\/wp-json\/wp\/v2\/users\/2"}],"replies":[{"embeddable":true,"href":"https:\/\/www.europesays.com\/ch-fr\/wp-json\/wp\/v2\/comments?post=188289"}],"version-history":[{"count":0,"href":"https:\/\/www.europesays.com\/ch-fr\/wp-json\/wp\/v2\/posts\/188289\/revisions"}],"wp:featuredmedia":[{"embeddable":true,"href":"https:\/\/www.europesays.com\/ch-fr\/wp-json\/wp\/v2\/media\/188290"}],"wp:attachment":[{"href":"https:\/\/www.europesays.com\/ch-fr\/wp-json\/wp\/v2\/media?parent=188289"}],"wp:term":[{"taxonomy":"category","embeddable":true,"href":"https:\/\/www.europesays.com\/ch-fr\/wp-json\/wp\/v2\/categories?post=188289"},{"taxonomy":"post_tag","embeddable":true,"href":"https:\/\/www.europesays.com\/ch-fr\/wp-json\/wp\/v2\/tags?post=188289"}],"curies":[{"name":"wp","href":"https:\/\/api.w.org\/{rel}","templated":true}]}}