{"id":188367,"date":"2026-06-23T14:10:30","date_gmt":"2026-06-23T14:10:30","guid":{"rendered":"https:\/\/www.europesays.com\/ch-fr\/188367\/"},"modified":"2026-06-23T14:10:30","modified_gmt":"2026-06-23T14:10:30","slug":"the-beatles-leur-toute-premiere-performance-dans-lemission-top-of-the-pops-refait-surface-apres-plus-de-60-ans-2","status":"publish","type":"post","link":"https:\/\/www.europesays.com\/ch-fr\/188367\/","title":{"rendered":"The Beatles : leur toute premi\u00e8re performance dans l\u2019\u00e9mission \u00ab\u00a0Top of the Pops\u00a0\u00bb refait surface apr\u00e8s plus de 60 ans"},"content":{"rendered":"\n<p>C\u2019est une d\u00e9couverte qui fait vibrer les passionn\u00e9s de rock et les historiens de la musique. Des images consid\u00e9r\u00e9es comme perdues depuis plus de six d\u00e9cennies viennent d\u2019\u00eatre retrouv\u00e9es : celles de la toute premi\u00e8re apparition des Beatles dans l\u2019\u00e9mission culte britannique \u00ab\u00a0Top of the Pops\u00a0\u00bb. Longtemps consid\u00e9r\u00e9e comme un tr\u00e9sor disparu de l\u2019histoire de la t\u00e9l\u00e9vision, cette s\u00e9quence datant du 19 mars 1964 a \u00e9t\u00e9 retrouv\u00e9e sur une bobine originale de 35 mm. Une nouvelle qui suscite un immense enthousiasme tant l\u2019\u00e9mission de la BBC a jou\u00e9 un r\u00f4le majeur dans l\u2019explosion de la pop britannique dans les ann\u00e9es 1960.<\/p>\n<p style=\"font-weight: 400;\">\u00c0 l\u2019\u00e9poque, les \u00ab\u00a0Fab Four\u00a0\u00bb sont en pleine ascension. La Beatlemania d\u00e9ferle sur le Royaume-Uni et le groupe s&rsquo;appr\u00eate \u00e0 conqu\u00e9rir le reste du monde. Lors de cet enregistrement, John Lennon, Paul McCartney, George Harrison et Ringo Starr interpr\u00e8tent Can\u2019t Buy Me Love et You Can\u2019t Do That, deux titres qui sortiront officiellement d\u00e8s le lendemain et grimperont rapidement au sommet des classements britanniques.<\/p>\n<p style=\"font-weight: 400;\">\u00a0<\/p>\n<p>Un contenu in\u00e9dit<\/p>\n<p>La d\u00e9couverte a \u00e9t\u00e9 rendue possible gr\u00e2ce \u00e0 l\u2019association britannique Film Is Fabulous!, sp\u00e9cialis\u00e9e dans la pr\u00e9servation d\u2019archives audiovisuelles. Le n\u00e9gatif aurait \u00e9t\u00e9 conserv\u00e9 pendant des d\u00e9cennies dans les collections d\u2019un ancien professionnel de l\u2019industrie. Les images ne montrent pas seulement les Beatles en train d\u2019interpr\u00e9ter leurs chansons. Elles capturent \u00e9galement des moments en coulisses, des essais techniques et plusieurs prises interrompues, offrant un regard in\u00e9dit sur le groupe.<\/p>\n<p>Cette trouvaille est d\u2019autant plus exceptionnelle que de nombreux \u00e9pisodes de \u00ab\u00a0Top of the Pops\u00a0\u00bb ont disparu au fil des ann\u00e9es. \u00c0 l\u2019\u00e9poque, la BBC effa\u00e7ait r\u00e9guli\u00e8rement ses bandes afin de les r\u00e9utiliser, une pratique courante qui a entra\u00een\u00e9 la perte de nombreuses archives t\u00e9l\u00e9vis\u00e9es. Les images retrouv\u00e9es vont d\u00e9sormais faire l\u2019objet d\u2019un travail de restauration avant d\u2019\u00eatre int\u00e9gr\u00e9es aux archives de la BBC. Des discussions sont \u00e9galement en cours pour permettre au grand public de d\u00e9couvrir cette s\u00e9quence historique.<\/p>\n","protected":false},"excerpt":{"rendered":"C\u2019est une d\u00e9couverte qui fait vibrer les passionn\u00e9s de rock et les historiens de la musique. Des images&hellip;\n","protected":false},"author":2,"featured_media":188368,"comment_status":"","ping_status":"","sticky":false,"template":"","format":"standard","meta":{"footnotes":"","_share_on_mastodon":"0"},"categories":[12],"tags":[43551,11695,43553,113,41248,112,16976,21464,140,141,9006,23,11549,43552,26666,43554],"class_list":["post-188367","post","type-post","status-publish","format-standard","has-post-thumbnail","category-musique","tag-archive","tag-bbc","tag-cant-buy-me-love","tag-divertissement","tag-enregistrement","tag-entertainment","tag-inedit","tag-live","tag-music","tag-musique","tag-retrouve","tag-suisse","tag-the-beatles","tag-top-of-the-pops","tag-tresor","tag-you-cant-do-that"],"share_on_mastodon":{"url":"https:\/\/pubeurope.com\/@ch_fr\/116799827191455009","error":""},"_links":{"self":[{"href":"https:\/\/www.europesays.com\/ch-fr\/wp-json\/wp\/v2\/posts\/188367","targetHints":{"allow":["GET"]}}],"collection":[{"href":"https:\/\/www.europesays.com\/ch-fr\/wp-json\/wp\/v2\/posts"}],"about":[{"href":"https:\/\/www.europesays.com\/ch-fr\/wp-json\/wp\/v2\/types\/post"}],"author":[{"embeddable":true,"href":"https:\/\/www.europesays.com\/ch-fr\/wp-json\/wp\/v2\/users\/2"}],"replies":[{"embeddable":true,"href":"https:\/\/www.europesays.com\/ch-fr\/wp-json\/wp\/v2\/comments?post=188367"}],"version-history":[{"count":0,"href":"https:\/\/www.europesays.com\/ch-fr\/wp-json\/wp\/v2\/posts\/188367\/revisions"}],"wp:featuredmedia":[{"embeddable":true,"href":"https:\/\/www.europesays.com\/ch-fr\/wp-json\/wp\/v2\/media\/188368"}],"wp:attachment":[{"href":"https:\/\/www.europesays.com\/ch-fr\/wp-json\/wp\/v2\/media?parent=188367"}],"wp:term":[{"taxonomy":"category","embeddable":true,"href":"https:\/\/www.europesays.com\/ch-fr\/wp-json\/wp\/v2\/categories?post=188367"},{"taxonomy":"post_tag","embeddable":true,"href":"https:\/\/www.europesays.com\/ch-fr\/wp-json\/wp\/v2\/tags?post=188367"}],"curies":[{"name":"wp","href":"https:\/\/api.w.org\/{rel}","templated":true}]}}