{"id":188819,"date":"2026-06-23T19:17:13","date_gmt":"2026-06-23T19:17:13","guid":{"rendered":"https:\/\/www.europesays.com\/ch-fr\/188819\/"},"modified":"2026-06-23T19:17:13","modified_gmt":"2026-06-23T19:17:13","slug":"annonay-la-socioesthetique-un-soin-contre-le-cancer-et-pour-lestime-de-soi","status":"publish","type":"post","link":"https:\/\/www.europesays.com\/ch-fr\/188819\/","title":{"rendered":"Annonay. La socioesth\u00e9tique, un soin contre le cancer et \u00ab\u00a0pour l\u2019estime de soi\u00a0\u00bb"},"content":{"rendered":"<p>\u00ab\u00a0Je suis tomb\u00e9e en amour de ce m\u00e9tier.\u00a0\u00bb Ces mots, ce sont ceux d\u2019Aur\u00e9lie Delabre, socioesth\u00e9ticienne \u00e0 l\u2019espace Ligue d\u2019Annonay. Ici, elle accompagne des personnes en th\u00e9rapie contre le cancer.<\/p>\n<p>\u00ab\u00a0Ensemble, nous prenons en compte une s\u00e9cheresse cutan\u00e9e, des \u00e9ruptions, des chutes et alt\u00e9rations des ongles ou des cheveux, d\u00e9taille la professionnelle. Je fais aussi du maquillage correcteur pour les femmes&#8230;<\/p>\n","protected":false},"excerpt":{"rendered":"\u00ab\u00a0Je suis tomb\u00e9e en amour de ce m\u00e9tier.\u00a0\u00bb Ces mots, ce sont ceux d\u2019Aur\u00e9lie Delabre, socioesth\u00e9ticienne \u00e0 l\u2019espace&hellip;\n","protected":false},"author":2,"featured_media":188820,"comment_status":"","ping_status":"","sticky":false,"template":"","format":"standard","meta":{"footnotes":"","_share_on_mastodon":"0"},"categories":[9],"tags":[16501,16502,663,16503,83,84,23],"class_list":["post-188819","post","type-post","status-publish","format-standard","has-post-thumbnail","category-sante","tag-annonay","tag-annonay-bassin","tag-culture-loisirs","tag-edition-annonay-nord-ardeche","tag-health","tag-sante","tag-suisse"],"share_on_mastodon":{"url":"https:\/\/pubeurope.com\/@ch_fr\/116801034279155537","error":""},"_links":{"self":[{"href":"https:\/\/www.europesays.com\/ch-fr\/wp-json\/wp\/v2\/posts\/188819","targetHints":{"allow":["GET"]}}],"collection":[{"href":"https:\/\/www.europesays.com\/ch-fr\/wp-json\/wp\/v2\/posts"}],"about":[{"href":"https:\/\/www.europesays.com\/ch-fr\/wp-json\/wp\/v2\/types\/post"}],"author":[{"embeddable":true,"href":"https:\/\/www.europesays.com\/ch-fr\/wp-json\/wp\/v2\/users\/2"}],"replies":[{"embeddable":true,"href":"https:\/\/www.europesays.com\/ch-fr\/wp-json\/wp\/v2\/comments?post=188819"}],"version-history":[{"count":0,"href":"https:\/\/www.europesays.com\/ch-fr\/wp-json\/wp\/v2\/posts\/188819\/revisions"}],"wp:featuredmedia":[{"embeddable":true,"href":"https:\/\/www.europesays.com\/ch-fr\/wp-json\/wp\/v2\/media\/188820"}],"wp:attachment":[{"href":"https:\/\/www.europesays.com\/ch-fr\/wp-json\/wp\/v2\/media?parent=188819"}],"wp:term":[{"taxonomy":"category","embeddable":true,"href":"https:\/\/www.europesays.com\/ch-fr\/wp-json\/wp\/v2\/categories?post=188819"},{"taxonomy":"post_tag","embeddable":true,"href":"https:\/\/www.europesays.com\/ch-fr\/wp-json\/wp\/v2\/tags?post=188819"}],"curies":[{"name":"wp","href":"https:\/\/api.w.org\/{rel}","templated":true}]}}