{"id":189237,"date":"2026-06-24T03:33:12","date_gmt":"2026-06-24T03:33:12","guid":{"rendered":"https:\/\/www.europesays.com\/ch-fr\/189237\/"},"modified":"2026-06-24T03:33:12","modified_gmt":"2026-06-24T03:33:12","slug":"des-informations-sur-le-prochain-smartphone-phare-compact-de-vivo-ont-fuite-notamment-sur-ses-caracteristiques-photographiques","status":"publish","type":"post","link":"https:\/\/www.europesays.com\/ch-fr\/189237\/","title":{"rendered":"Des informations sur le prochain smartphone phare compact de Vivo ont fuit\u00e9, notamment sur ses caract\u00e9ristiques photographiques"},"content":{"rendered":"<p class=\"bodytext\">Une fuite provenant de la source fiable Digital Chat Station a r\u00e9v\u00e9l\u00e9 des d\u00e9tails concernant l&rsquo;appareil photo d&rsquo;un nouveau smartphone Vivo, qui ferait probablement partie de la s\u00e9rie X500 de nouvelle g\u00e9n\u00e9ration. Pour replacer les choses dans leur contexte, la s\u00e9rie Vivo X500 devrait \u00eatre lanc\u00e9e dans le courant de l&rsquo;ann\u00e9e 2026 en tant que prochaine gamme phare de Vivo, succ\u00e9dant au <a href=\"http:\/\/www.notebookcheck.net\/Vivo-X300-Series.1178861.0.html\" target=\"_self\" class=\"internal-link\" rel=\"nofollow noopener\">s\u00e9rie X300<\/a> .&#13;<\/p>\n<p class=\"bodytext\">Le futur appareil serait dot\u00e9 d\u2019un \u00e9cran mesurant environ 6,37 pouces. Il devrait notamment \u00eatre \u00e9quip\u00e9 d\u2019un chipset MediaTek Dimensity fabriqu\u00e9 selon un proc\u00e9d\u00e9 de 2 nm. Une pr\u00e9c\u00e9dente <a href=\"http:\/\/www.notebookcheck.net\/Vivo-X500-series-leak-reveals-new-chipset-strategy.1249866.0.html\" target=\"_self\" class=\"internal-link\" rel=\"nofollow noopener\">fuite<\/a> sugg\u00e9rait que la s\u00e9rie Dimensity 9600 pourrait \u00e9quiper la s\u00e9rie Vivo X500.&#13;<\/p>\n<p class=\"bodytext\">Selon cette fuite, le prochain mod\u00e8le phare <a href=\"http:\/\/www.notebookcheck.net\/Compact-Nothing-Dream-Phone-does-away-with-punch-hole-and-camera-bump.1326737.0.html\" target=\"_self\" class=\"internal-link\" rel=\"nofollow noopener\">compact<\/a> sera \u00e9quip\u00e9 d\u2019un appareil photo principal de 50 MP dot\u00e9 d\u2019un capteur de 1\/1,28 pouce et prenant en charge la technologie LOFIC, ainsi que d\u2019un appareil photo ultra-grand-angle de 50 MP et d\u2019un t\u00e9l\u00e9objectif p\u00e9riscopique de 64 MP. &#13;<\/p>\n<p class=\"bodytext\">La source indique que ce mod\u00e8le compact ferait partie de la gamme Pro. Il convient de noter que tous les mod\u00e8les Pro devraient \u00eatre \u00e9quip\u00e9s de t\u00e9l\u00e9objectifs p\u00e9riscopiques d\u2019une distance focale \u00e9quivalente \u00e0 85 mm. Vivo n\u2019a pas encore confirm\u00e9 les d\u00e9tails officiels concernant sa prochaine s\u00e9rie phare. Par ailleurs, la soci\u00e9t\u00e9 a officiellement d\u00e9voil\u00e9 les principales caract\u00e9ristiques de l\u2019appareil photo du futur <a href=\"http:\/\/www.notebookcheck.net\/Vivo-officially-details-Zeiss-camera-system-for-new-foldable.1321977.0.html\" target=\"_self\" class=\"internal-link\" rel=\"nofollow noopener\">Vivo X Fold 6<\/a>.<\/p>\n","protected":false},"excerpt":{"rendered":"Une fuite provenant de la source fiable Digital Chat Station a r\u00e9v\u00e9l\u00e9 des d\u00e9tails concernant l&rsquo;appareil photo d&rsquo;un&hellip;\n","protected":false},"author":2,"featured_media":189238,"comment_status":"","ping_status":"","sticky":false,"template":"","format":"standard","meta":{"footnotes":"","_share_on_mastodon":"0"},"categories":[7],"tags":[44006,74,70,72,71,61,57,59,58,44008,23,60,62,73,3967,16488,44007],"class_list":["post-189237","post","type-post","status-publish","format-standard","has-post-thumbnail","category-sciences-et-technologies","tag-actualites-vivo","tag-informations-sur-des-ordinateurs-portatifs","tag-nouvelles","tag-rapport","tag-revues","tag-science","tag-science-and-technology","tag-sciences","tag-sciences-et-technologies","tag-smartphone-avec-appareil-photo-zeiss","tag-suisse","tag-technologies","tag-technology","tag-test","tag-vivo","tag-vivo-x500-pro","tag-vivo-x500-pro-mini"],"share_on_mastodon":{"url":"https:\/\/pubeurope.com\/@ch_fr\/116802984865533977","error":""},"_links":{"self":[{"href":"https:\/\/www.europesays.com\/ch-fr\/wp-json\/wp\/v2\/posts\/189237","targetHints":{"allow":["GET"]}}],"collection":[{"href":"https:\/\/www.europesays.com\/ch-fr\/wp-json\/wp\/v2\/posts"}],"about":[{"href":"https:\/\/www.europesays.com\/ch-fr\/wp-json\/wp\/v2\/types\/post"}],"author":[{"embeddable":true,"href":"https:\/\/www.europesays.com\/ch-fr\/wp-json\/wp\/v2\/users\/2"}],"replies":[{"embeddable":true,"href":"https:\/\/www.europesays.com\/ch-fr\/wp-json\/wp\/v2\/comments?post=189237"}],"version-history":[{"count":0,"href":"https:\/\/www.europesays.com\/ch-fr\/wp-json\/wp\/v2\/posts\/189237\/revisions"}],"wp:featuredmedia":[{"embeddable":true,"href":"https:\/\/www.europesays.com\/ch-fr\/wp-json\/wp\/v2\/media\/189238"}],"wp:attachment":[{"href":"https:\/\/www.europesays.com\/ch-fr\/wp-json\/wp\/v2\/media?parent=189237"}],"wp:term":[{"taxonomy":"category","embeddable":true,"href":"https:\/\/www.europesays.com\/ch-fr\/wp-json\/wp\/v2\/categories?post=189237"},{"taxonomy":"post_tag","embeddable":true,"href":"https:\/\/www.europesays.com\/ch-fr\/wp-json\/wp\/v2\/tags?post=189237"}],"curies":[{"name":"wp","href":"https:\/\/api.w.org\/{rel}","templated":true}]}}