{"id":189271,"date":"2026-06-24T04:07:10","date_gmt":"2026-06-24T04:07:10","guid":{"rendered":"https:\/\/www.europesays.com\/ch-fr\/189271\/"},"modified":"2026-06-24T04:07:10","modified_gmt":"2026-06-24T04:07:10","slug":"41-associations-et-une-societe-cooperative-dinteret-collectif-de-simorre-se-sont-reunies-pour-renforcer-le-dialogue-entre-elles","status":"publish","type":"post","link":"https:\/\/www.europesays.com\/ch-fr\/189271\/","title":{"rendered":"41 associations et une soci\u00e9t\u00e9 coop\u00e9rative d\u2019int\u00e9r\u00eat collectif de Simorre se sont r\u00e9unies pour renforcer le dialogue entre elles"},"content":{"rendered":"<p>Les associations simorraines se sont r\u00e9unies \u00e0 l\u2019occasion d\u2019un temps d\u2019\u00e9change avec la municipalit\u00e9 afin de faire le point sur les liens entre les diff\u00e9rents acteurs de la vie locale et d\u2019imaginer de nouvelles fa\u00e7ons de travailler ensemble.<\/p>\n<p>Pas moins de 41 associations et une soci\u00e9t\u00e9 coop\u00e9rative d\u2019int\u00e9r\u00eat collectif (SCIC) ont particip\u00e9 \u00e0 cette rencontre, repr\u00e9sentant pr\u00e8s de 850 adh\u00e9rents. Un chiffre qui t\u00e9moigne de la richesse du tissu associatif local et de son importance dans la vie quotidienne de la commune.<\/p>\n<p>Les \u00e9lus ont rappel\u00e9 le r\u00f4le essentiel que jouent ces structures dans le dynamisme de Simorre. \u00ab\u00a0Elles repr\u00e9sentent le c\u0153ur battant de la commune et une v\u00e9ritable force d\u2019innovation\u00a0\u00bb, souligne le maire, Fr\u00e9d\u00e9ric Mirouze, qui souhaite accompagner leur d\u00e9veloppement et faciliter leurs actions au quotidien.<\/p>\n<p>Les \u00e9changes ont fait \u00e9merger une volont\u00e9 commune : mieux faire circuler les informations entre les associations, la mairie et les habitants. Un dialogue renforc\u00e9 pour favoriser les projets collectifs, les initiatives partag\u00e9es et maintenir une dynamique locale.<\/p>\n<p>Premi\u00e8re concr\u00e9tisation de cette d\u00e9marche : l\u2019organisation d\u2019un forum des associations d\u00e8s la rentr\u00e9e. Ce rendez-vous permettra aux Simorrains et aux habitants des communes voisines de d\u00e9couvrir les activit\u00e9s propos\u00e9es, de rencontrer les b\u00e9n\u00e9voles et de lancer ensemble une nouvelle saison associative 2026-2027.<\/p>\n","protected":false},"excerpt":{"rendered":"Les associations simorraines se sont r\u00e9unies \u00e0 l\u2019occasion d\u2019un temps d\u2019\u00e9change avec la municipalit\u00e9 afin de faire le&hellip;\n","protected":false},"author":2,"featured_media":189272,"comment_status":"","ping_status":"","sticky":false,"template":"","format":"standard","meta":{"footnotes":"","_share_on_mastodon":"0"},"categories":[9],"tags":[5977,97,83,84,44011,238,23],"class_list":["post-189271","post","type-post","status-publish","format-standard","has-post-thumbnail","category-sante","tag-associations","tag-gers","tag-health","tag-sante","tag-simorre","tag-societe","tag-suisse"],"share_on_mastodon":{"url":"https:\/\/pubeurope.com\/@ch_fr\/116803118488183724","error":""},"_links":{"self":[{"href":"https:\/\/www.europesays.com\/ch-fr\/wp-json\/wp\/v2\/posts\/189271","targetHints":{"allow":["GET"]}}],"collection":[{"href":"https:\/\/www.europesays.com\/ch-fr\/wp-json\/wp\/v2\/posts"}],"about":[{"href":"https:\/\/www.europesays.com\/ch-fr\/wp-json\/wp\/v2\/types\/post"}],"author":[{"embeddable":true,"href":"https:\/\/www.europesays.com\/ch-fr\/wp-json\/wp\/v2\/users\/2"}],"replies":[{"embeddable":true,"href":"https:\/\/www.europesays.com\/ch-fr\/wp-json\/wp\/v2\/comments?post=189271"}],"version-history":[{"count":0,"href":"https:\/\/www.europesays.com\/ch-fr\/wp-json\/wp\/v2\/posts\/189271\/revisions"}],"wp:featuredmedia":[{"embeddable":true,"href":"https:\/\/www.europesays.com\/ch-fr\/wp-json\/wp\/v2\/media\/189272"}],"wp:attachment":[{"href":"https:\/\/www.europesays.com\/ch-fr\/wp-json\/wp\/v2\/media?parent=189271"}],"wp:term":[{"taxonomy":"category","embeddable":true,"href":"https:\/\/www.europesays.com\/ch-fr\/wp-json\/wp\/v2\/categories?post=189271"},{"taxonomy":"post_tag","embeddable":true,"href":"https:\/\/www.europesays.com\/ch-fr\/wp-json\/wp\/v2\/tags?post=189271"}],"curies":[{"name":"wp","href":"https:\/\/api.w.org\/{rel}","templated":true}]}}