{"id":190046,"date":"2026-06-24T14:41:12","date_gmt":"2026-06-24T14:41:12","guid":{"rendered":"https:\/\/www.europesays.com\/ch-fr\/190046\/"},"modified":"2026-06-24T14:41:12","modified_gmt":"2026-06-24T14:41:12","slug":"il-reste-une-comete-un-ovni-la-cle-du-comedien-jerome-deschamps-pour-redecouvrir-le-burlesque-de-jacques-tati","status":"publish","type":"post","link":"https:\/\/www.europesays.com\/ch-fr\/190046\/","title":{"rendered":"\u00abIl reste une com\u00e8te, un ovni\u00bb\u00a0: la cl\u00e9 du com\u00e9dien J\u00e9r\u00f4me Deschamps pour red\u00e9couvrir le burlesque de Jacques Tati"},"content":{"rendered":"<p>\n    R\u00c9CIT &#8211; R\u00e9trospective au La\u00a0Rochelle Film Festival et \u00e0 la Cin\u00e9math\u00e8que fran\u00e7aise, ressorties en salle dans de nouvelles restaurations\u2026 Le cr\u00e9ateur de M.\u00a0Hulot ne prend pas de vacances. Retour sur une \u0153uvre unique avec son neveu et ayant droit.<\/p>\n<p class=\"fig-paragraph\">Tati tout neuf partout en France. C\u2019est le slogan de l\u2019\u00e9t\u00e9. Les films de\u00a0<a href=\"https:\/\/www.lefigaro.fr\/voyages\/saint-nazaire-les-vacances-eternelles-de-jacques-tati-20210820\" data-fig-type=\"Article\" data-gtm-custom-categorie=\"navigation\" data-gtm-custom-action=\"crossclick\" data-gtm-custom-label=\"Contextuel\" data-gtm-event=\"customEventSPE\" data-fig-domain=\"LEFIGARO\" rel=\"nofollow noopener\" target=\"_blank\">Jacques Tati\u00a0<\/a>(1907-1982) ressortent en salle dans des versions restaur\u00e9es. Jours de f\u00eate, Les\u00a0Vacances de M.\u00a0Hulot, Mon\u00a0oncle, Playtime, Trafic et Parade\u00a0: six longs-m\u00e9trages, r\u00e9alis\u00e9s entre 1949 et 1973. Une p\u00e9riode de cr\u00e9ation qui co\u00efncide avec les Trente Glorieuses, parenth\u00e8se enchant\u00e9e de progr\u00e8s technique et scientifique, promesse de modernit\u00e9 et d\u2019abondance. Cet av\u00e8nement de la soci\u00e9t\u00e9 moderne, Tati, derri\u00e8re et devant la cam\u00e9ra, le met en sc\u00e8ne avec un regard incisif, amus\u00e9, visionnaire donc toujours d\u2019actualit\u00e9.<\/p>\n<p class=\"fig-paragraph\">Cette red\u00e9couverte du grand burlesque fran\u00e7ais, on la doit notamment \u00e0 J\u00e9r\u00f4me Deschamps. Le com\u00e9dien, metteur en sc\u00e8ne, fondateur avec\u00a0<a href=\"https:\/\/www.lefigaro.fr\/sortir-paris\/un-verre-avec-macha-makeieff-20191001\" data-fig-type=\"Article\" data-gtm-custom-categorie=\"navigation\" data-gtm-custom-action=\"crossclick\" data-gtm-custom-label=\"Contextuel\" data-gtm-event=\"customEventSPE\" data-fig-domain=\"LEFIGARO\" rel=\"nofollow noopener\" target=\"_blank\">Macha Make\u00efeff\u00a0<\/a>de la troupe des Deschiens, est de la famille Tati. Sa m\u00e8re \u00e9tait la cousine germaine de l\u2019\u00e9pouse de Tati, Micheline Winter. Deschamps est surtout l\u2019un des grands admirateurs et l\u2019un des grands promoteurs de son \u0153uvre. En cr\u00e9ant en 2001 la soci\u00e9t\u00e9 Les Films\u2026<\/p>\n<p class=\"fig-premium-paywall__infos\">\n        Cet article est r\u00e9serv\u00e9 aux abonn\u00e9s.        Il vous reste 88% \u00e0 d\u00e9couvrir.\n    <\/p>\n<p>                <img  data- alt=\"Le Figaro\" class=\"fig-img--complete fig-img\"\/><\/p>\n<p class=\"fig-premium-paywall__title\">Vente Flash<\/p>\n<p class=\"fig-premium-paywall__subtitle\">-70% sur votre abonnement. Sans engagement.<\/p>\n<p class=\"fig-premium-paywall__connect\">\n                D\u00e9j\u00e0 abonn\u00e9\u00a0?                <a class=\"fig-premium-paywall__connect-link\" href=\"https:\/\/connect.lefigaro.fr\/login?client=horizon_web&amp;type=main&amp;redirect_uri=https%3A%2F%2Fwww.lefigaro.fr%2Fcinema%2Fil-reste-une-comete-un-ovni-la-cle-du-comedien-jerome-deschamps-pour-redecouvrir-le-burlesque-de-jacques-tati-20260624\" data-js-gtm=\"{&quot;event&quot;:&quot;customEventGA4&quot;,&quot;eventName&quot;:&quot;click_action&quot;,&quot;feature&quot;:&quot;paywall&quot;,&quot;location&quot;:&quot;paywall&quot;,&quot;button_action&quot;:&quot;connect&quot;,&quot;click_text&quot;:&quot;Connectez-vous&quot;}\" rel=\"nofollow noopener\" target=\"_blank\"><br \/>\n                    Connectez-vous<br \/>\n                <\/a>\n            <\/p>\n","protected":false},"excerpt":{"rendered":"R\u00c9CIT &#8211; R\u00e9trospective au La\u00a0Rochelle Film Festival et \u00e0 la Cin\u00e9math\u00e8que fran\u00e7aise, ressorties en salle dans de nouvelles&hellip;\n","protected":false},"author":2,"featured_media":190047,"comment_status":"","ping_status":"","sticky":false,"template":"","format":"standard","meta":{"footnotes":"","_share_on_mastodon":"0"},"categories":[15],"tags":[158,157,44129,113,112,5506,44130,44128,159,1535,23],"class_list":["post-190046","post","type-post","status-publish","format-standard","has-post-thumbnail","category-people","tag-celebrities","tag-celebrity","tag-david-lynch","tag-divertissement","tag-entertainment","tag-festival-de-cannes","tag-francois-truffaut","tag-jacques-tati","tag-people","tag-steven-spielberg","tag-suisse"],"share_on_mastodon":{"url":"https:\/\/pubeurope.com\/@ch_fr\/116805611485926457","error":""},"_links":{"self":[{"href":"https:\/\/www.europesays.com\/ch-fr\/wp-json\/wp\/v2\/posts\/190046","targetHints":{"allow":["GET"]}}],"collection":[{"href":"https:\/\/www.europesays.com\/ch-fr\/wp-json\/wp\/v2\/posts"}],"about":[{"href":"https:\/\/www.europesays.com\/ch-fr\/wp-json\/wp\/v2\/types\/post"}],"author":[{"embeddable":true,"href":"https:\/\/www.europesays.com\/ch-fr\/wp-json\/wp\/v2\/users\/2"}],"replies":[{"embeddable":true,"href":"https:\/\/www.europesays.com\/ch-fr\/wp-json\/wp\/v2\/comments?post=190046"}],"version-history":[{"count":0,"href":"https:\/\/www.europesays.com\/ch-fr\/wp-json\/wp\/v2\/posts\/190046\/revisions"}],"wp:featuredmedia":[{"embeddable":true,"href":"https:\/\/www.europesays.com\/ch-fr\/wp-json\/wp\/v2\/media\/190047"}],"wp:attachment":[{"href":"https:\/\/www.europesays.com\/ch-fr\/wp-json\/wp\/v2\/media?parent=190046"}],"wp:term":[{"taxonomy":"category","embeddable":true,"href":"https:\/\/www.europesays.com\/ch-fr\/wp-json\/wp\/v2\/categories?post=190046"},{"taxonomy":"post_tag","embeddable":true,"href":"https:\/\/www.europesays.com\/ch-fr\/wp-json\/wp\/v2\/tags?post=190046"}],"curies":[{"name":"wp","href":"https:\/\/api.w.org\/{rel}","templated":true}]}}