{"id":190224,"date":"2026-06-24T16:39:23","date_gmt":"2026-06-24T16:39:23","guid":{"rendered":"https:\/\/www.europesays.com\/ch-fr\/190224\/"},"modified":"2026-06-24T16:39:23","modified_gmt":"2026-06-24T16:39:23","slug":"motogp-francesco-bagnaia-quitte-ducati-pedro-acosta-le-remplace-des-2027","status":"publish","type":"post","link":"https:\/\/www.europesays.com\/ch-fr\/190224\/","title":{"rendered":"MotoGP : Francesco Bagnaia quitte Ducati, Pedro Acosta le remplace d\u00e8s 2027"},"content":{"rendered":"<p>Ciao Francesco Bagnaia, ola Pedro Acosta: Ducati a annonc\u00e9 successivement le d\u00e9part \u00e0 l&rsquo;issue de la saison de son pilote italien doublement titr\u00e9 en 2022 et 2023 et l&rsquo;arriv\u00e9e d\u00e8s 2027 du pilote espagnol au c\u00f4t\u00e9 de Marc Marquez.<\/p>\n<p>Acosta, qui vient de f\u00eater ses 22 ans, porte les couleurs du constructeur autrichien KTM et occupe la 6e position du championnat du monde en cours.<\/p>\n<p>Son contrat avec la marque italienne s&rsquo;\u00e9tend sur deux saisons jusqu&rsquo;en 2028, pr\u00e9cise le communiqu\u00e9. Il fera \u00e9quipe avec son compatriote, le septuple champion du monde de la cat\u00e9gorie et champion du monde en titre Marc Marquez, confirm\u00e9 lundi par Ducati pour la m\u00eame p\u00e9riode.<\/p>\n<p>Plus t\u00f4t dans la matin\u00e9e, Ducati a annonc\u00e9 le d\u00e9part de &lsquo;Pecco&rsquo; Bagnaia, le pilote italien avec qui la marque fut titr\u00e9e \u00e0 deux reprises.<\/p>\n<p>&lsquo;Pecco&rsquo; sur Aprilia?<\/p>\n<p>Bagnaia, 29 ans, pilotait depuis 2021 pour l&rsquo;\u00e9curie officielle Ducati, apr\u00e8s deux saisons dans son \u00e9quipe satellite de l&rsquo;\u00e9poque, Pramac (2019-20) qu&rsquo;il avait rejoint aur\u00e9ol\u00e9 de son titre de champion en Moto2.<\/p>\n<p>Le natif de Turin a sign\u00e9 sa premi\u00e8re victoire de l&rsquo;ann\u00e9e en remportant le sprint du Grand Prix de Tch\u00e9quie le week-end dernier et pointe au 7e rang du championnat MotoGP.<\/p>\n<p>\u00ab\u00a0Tu \u00e9tais mon r\u00eave et tu es devenue la plus belle r\u00e9alit\u00e9 qui soit. Quand je suis arriv\u00e9 en MotoGP avec Ducati, je pensais avoir d\u00e9j\u00e0 atteint quelque chose d&rsquo;indescriptible, mais tu m&rsquo;as pouss\u00e9 \u00e0 y croire toujours davantage\u00a0\u00bb, a-t-il publi\u00e9 au sujet de son ex-future \u00e9curie sur les r\u00e9seaux.<\/p>\n<p>Bagnaia devrait poursuivre sa carri\u00e8re en MotoGP avec Aprilia, selon de multiples sources au sein du paddock.<\/p>\n<p class=\"sources\">ats\/fg<\/p>\n","protected":false},"excerpt":{"rendered":"Ciao Francesco Bagnaia, ola Pedro Acosta: Ducati a annonc\u00e9 successivement le d\u00e9part \u00e0 l&rsquo;issue de la saison de&hellip;\n","protected":false},"author":2,"featured_media":190225,"comment_status":"","ping_status":"","sticky":false,"template":"","format":"standard","meta":{"footnotes":"","_share_on_mastodon":"0"},"categories":[8],"tags":[1597,21685,10410,1105,10412,21338,10414,10415,10419,186,75,23],"class_list":["post-190224","post","type-post","status-publish","format-standard","has-post-thumbnail","category-sports","tag-aviateur","tag-championnat-du-monde-de-vitesse-moto","tag-construction-automobile","tag-cyclisme","tag-ducati-motor-holding","tag-francesco-bagnaia","tag-marc-marquez","tag-moto","tag-pedro-acosta-pilote-moto","tag-sport","tag-sports","tag-suisse"],"share_on_mastodon":{"url":"https:\/\/pubeurope.com\/@ch_fr\/116806075565486039","error":""},"_links":{"self":[{"href":"https:\/\/www.europesays.com\/ch-fr\/wp-json\/wp\/v2\/posts\/190224","targetHints":{"allow":["GET"]}}],"collection":[{"href":"https:\/\/www.europesays.com\/ch-fr\/wp-json\/wp\/v2\/posts"}],"about":[{"href":"https:\/\/www.europesays.com\/ch-fr\/wp-json\/wp\/v2\/types\/post"}],"author":[{"embeddable":true,"href":"https:\/\/www.europesays.com\/ch-fr\/wp-json\/wp\/v2\/users\/2"}],"replies":[{"embeddable":true,"href":"https:\/\/www.europesays.com\/ch-fr\/wp-json\/wp\/v2\/comments?post=190224"}],"version-history":[{"count":0,"href":"https:\/\/www.europesays.com\/ch-fr\/wp-json\/wp\/v2\/posts\/190224\/revisions"}],"wp:featuredmedia":[{"embeddable":true,"href":"https:\/\/www.europesays.com\/ch-fr\/wp-json\/wp\/v2\/media\/190225"}],"wp:attachment":[{"href":"https:\/\/www.europesays.com\/ch-fr\/wp-json\/wp\/v2\/media?parent=190224"}],"wp:term":[{"taxonomy":"category","embeddable":true,"href":"https:\/\/www.europesays.com\/ch-fr\/wp-json\/wp\/v2\/categories?post=190224"},{"taxonomy":"post_tag","embeddable":true,"href":"https:\/\/www.europesays.com\/ch-fr\/wp-json\/wp\/v2\/tags?post=190224"}],"curies":[{"name":"wp","href":"https:\/\/api.w.org\/{rel}","templated":true}]}}