{"id":190597,"date":"2026-06-24T21:31:07","date_gmt":"2026-06-24T21:31:07","guid":{"rendered":"https:\/\/www.europesays.com\/ch-fr\/190597\/"},"modified":"2026-06-24T21:31:07","modified_gmt":"2026-06-24T21:31:07","slug":"le-canton-du-jura-a-lhonneur-a-paris","status":"publish","type":"post","link":"https:\/\/www.europesays.com\/ch-fr\/190597\/","title":{"rendered":"Le canton du Jura \u00e0 l\u2019honneur \u00e0 Paris"},"content":{"rendered":"<p>\u00a0<\/p>\n<p class=\"wysiwyg-h4\">La R\u00e9publique et Canton du Jura est l&rsquo;invit\u00e9e d&rsquo;honneur de la Soir\u00e9e suisse 2026 organis\u00e9e par l&rsquo;Ambassade de Suisse en France ce 24 juin \u00e0 Paris. R\u00e9unissant pr\u00e8s de 500 personnalit\u00e9s issues des sph\u00e8res politiques, \u00e9conomiques, diplomatiques et culturelles, cet \u00e9v\u00e9nement offre au Jura une vitrine privil\u00e9gi\u00e9e pour mettre en lumi\u00e8re ses savoir-faire, son patrimoine, sa richesse culturelle et ses sp\u00e9cialit\u00e9s gastronomiques. La soir\u00e9e se d\u00e9roulera en pr\u00e9sence notamment du Gouvernement in corpore et du pr\u00e9sident du Parlement.<\/p>\n<p>Accueillie dans les jardins et salons de l&rsquo;Ambassade de Suisse en France, la Soir\u00e9e suisse constitue l&rsquo;un des rendez-vous majeurs des relations franco-suisses. Chaque ann\u00e9e, un canton est mis \u00e0 l&rsquo;honneur afin de faire d\u00e9couvrir ses atouts aux partenaires de l\u2019Ambassade. Cette ann\u00e9e, c\u2019est le Canton du Jura qui est convi\u00e9 par Madame l\u2019Ambassadrice Tania Cavassini.<\/p>\n<p>Tout au long de la soir\u00e9e, le Jura mettra en avant les multiples facettes de son identit\u00e9. Les invit\u00e9s d\u00e9couvriront notamment l&rsquo;excellence horlog\u00e8re jurassienne gr\u00e2ce aux d\u00e9monstrations r\u00e9alis\u00e9es par deux apprentis de l&rsquo;\u00c9cole des m\u00e9tiers techniques de Porrentruy, aux c\u00f4t\u00e9s de l\u2019entreprise Initium et en partenariat avec la marque Richard Mille. Les richesses gastronomiques du terroir seront \u00e9galement valoris\u00e9es, pr\u00e9par\u00e9es et servies par l\u2019Association des paysannes jurassiennes.<\/p>\n<p>L&rsquo;\u00e9v\u00e9nement offrira par ailleurs un aper\u00e7u de la vitalit\u00e9 de la sc\u00e8ne musicale cantonale bien au-del\u00e0 des fronti\u00e8res cantonales, gr\u00e2ce \u00e0 l\u2019interpr\u00e9tation des hymnes nationaux par la soprano L\u00e9onie Renaud, ainsi qu\u2019\u00e0 l&rsquo;animation de la soir\u00e9e par le groupe Express Therapy.<\/p>\n<p>Cette pr\u00e9sence jurassienne remarqu\u00e9e \u00e0 Paris contribuera au rayonnement du canton et offrira \u00e0 ses repr\u00e9sentants des milieux politiques, \u00e9conomiques et culturels une opportunit\u00e9 de d\u00e9velopper leurs r\u00e9seaux avec les nombreux partenaires fran\u00e7ais convi\u00e9s par l\u2019Ambassade de Suisse en France.<\/p>\n<p>Dans le courant de la soir\u00e9e, une distinction sera remise au Groupe Corbat pour sa contribution \u00e0 la reconstruction de Notre-Dame de Paris.<\/p>\n<p>En marge de la soir\u00e9e, le Gouvernement jurassien a \u00e9t\u00e9 re\u00e7u ce jour au S\u00e9nat par le pr\u00e9sident du groupe d\u2019amiti\u00e9 France-Suisse, le s\u00e9nateur du Territoire de Belfort C\u00e9dric Perrin, et d\u2019autres parlementaires fran\u00e7ais. L\u2019occasion d\u2019aborder plusieurs enjeux franco-suisses d\u2019actualit\u00e9.<\/p>\n<p>Par ailleurs, un programme de visites culturelles, destin\u00e9 aux invit\u00e9s jurassiens pr\u00e9sents \u00e0 Paris, sera propos\u00e9 ce jeudi 25 juin. Il offrira notamment l\u2019occasion de visiter le Centre culturel suisse, qui vient de rouvrir ses portes, ainsi que la Cit\u00e9 internationale des arts. De leur c\u00f4t\u00e9, les responsables d\u2019entreprises jurassiennes pourront b\u00e9n\u00e9ficier d\u2019entretiens avec le Swiss Business Hub de Paris, organis\u00e9s par la Promotion \u00e9conomique cantonale, afin de les conseiller en fonction de leurs besoins et pr\u00e9senter les perspectives du march\u00e9 fran\u00e7ais.<\/p>\n<p>Ces diff\u00e9rents temps forts contribueront \u00e0 renforcer la visibilit\u00e9 du canton au-del\u00e0 de ses fronti\u00e8res et \u00e0 promouvoir l\u2019image d\u2019un territoire dynamique, innovant et profond\u00e9ment attach\u00e9 \u00e0 son authenticit\u00e9.<\/p>\n","protected":false},"excerpt":{"rendered":"\u00a0 La R\u00e9publique et Canton du Jura est l&rsquo;invit\u00e9e d&rsquo;honneur de la Soir\u00e9e suisse 2026 organis\u00e9e par l&rsquo;Ambassade&hellip;\n","protected":false},"author":2,"featured_media":190598,"comment_status":"","ping_status":"","sticky":false,"template":"","format":"standard","meta":{"footnotes":"","_share_on_mastodon":"0"},"categories":[3],"tags":[3779,3798,3780,3792,3778,3788,3797,121,3775,3794,119,3784,3787,122,3785,3795,118,3781,120,3786,3793,3789,3782,3776,3777,3783,23,3796,3791,3790],"class_list":["post-190597","post","type-post","status-publish","format-standard","has-post-thumbnail","category-suisse","tag-3779","tag-23-giugno","tag-23-juin","tag-23rd-of-june","tag-administration","tag-administrazion","tag-adminitrazione","tag-ajoie","tag-canton","tag-cantone","tag-delemont","tag-delsberg","tag-doubs","tag-franches-montagnes","tag-freiberge","tag-giura","tag-jura","tag-kanton","tag-porrentruy","tag-pruntrut","tag-repubblica-e-canton-giura","tag-republic","tag-republik-und-kanton-jura","tag-republique-et-canton","tag-saint-ursanne","tag-schweiz","tag-suisse","tag-svizzera","tag-switzerland","tag-website"],"share_on_mastodon":{"url":"https:\/\/pubeurope.com\/@ch_fr\/116807223697608006","error":""},"_links":{"self":[{"href":"https:\/\/www.europesays.com\/ch-fr\/wp-json\/wp\/v2\/posts\/190597","targetHints":{"allow":["GET"]}}],"collection":[{"href":"https:\/\/www.europesays.com\/ch-fr\/wp-json\/wp\/v2\/posts"}],"about":[{"href":"https:\/\/www.europesays.com\/ch-fr\/wp-json\/wp\/v2\/types\/post"}],"author":[{"embeddable":true,"href":"https:\/\/www.europesays.com\/ch-fr\/wp-json\/wp\/v2\/users\/2"}],"replies":[{"embeddable":true,"href":"https:\/\/www.europesays.com\/ch-fr\/wp-json\/wp\/v2\/comments?post=190597"}],"version-history":[{"count":0,"href":"https:\/\/www.europesays.com\/ch-fr\/wp-json\/wp\/v2\/posts\/190597\/revisions"}],"wp:featuredmedia":[{"embeddable":true,"href":"https:\/\/www.europesays.com\/ch-fr\/wp-json\/wp\/v2\/media\/190598"}],"wp:attachment":[{"href":"https:\/\/www.europesays.com\/ch-fr\/wp-json\/wp\/v2\/media?parent=190597"}],"wp:term":[{"taxonomy":"category","embeddable":true,"href":"https:\/\/www.europesays.com\/ch-fr\/wp-json\/wp\/v2\/categories?post=190597"},{"taxonomy":"post_tag","embeddable":true,"href":"https:\/\/www.europesays.com\/ch-fr\/wp-json\/wp\/v2\/tags?post=190597"}],"curies":[{"name":"wp","href":"https:\/\/api.w.org\/{rel}","templated":true}]}}