{"id":191986,"date":"2026-06-25T18:30:15","date_gmt":"2026-06-25T18:30:15","guid":{"rendered":"https:\/\/www.europesays.com\/ch-fr\/191986\/"},"modified":"2026-06-25T18:30:15","modified_gmt":"2026-06-25T18:30:15","slug":"le-s27-pro-galaxy-compact-est-officiellement-confirme-a-lechelle-mondiale-quatre-smartphones-phares-de-samsung-prevus-pour-2027","status":"publish","type":"post","link":"https:\/\/www.europesays.com\/ch-fr\/191986\/","title":{"rendered":"Le S27 Pro \u00ab Galaxy \u00bb compact est officiellement confirm\u00e9 \u00e0 l&rsquo;\u00e9chelle mondiale. Quatre smartphones phares de Samsung pr\u00e9vus pour 2027"},"content":{"rendered":"<p>Ce que l&rsquo;on sait \u00e0 ce jour sur l&rsquo;Galaxy S27 Pro<\/p>\n<p class=\"bodytext\">\u00c0 l&rsquo;heure actuelle, le nouveau mod\u00e8le Galaxy S27 Pro semble \u00eatre une version plus compacte de l&rsquo;Galaxy S27 Ultra, m\u00eame s&rsquo;il est probable qu&rsquo;il ne dispose pas de certaines fonctionnalit\u00e9s. Par exemple, le S Pen ne sera probablement pas fourni \u2014 ou du moins, il n\u2019y aura pas de logement pr\u00e9vu pour celui-ci. Avec ses 6,47 pouces, l\u2019\u00e9cran devrait se situer \u00e0 peu pr\u00e8s entre celui de l\u2019 Galaxy S27 (6,3 pouces) et celui de l\u2019 Galaxy S27 Plus (6,7 pouces), ce qui le rendra nettement plus facile \u00e0 transporter que l\u2019 Galaxy S27 Ultra, qui mesure pr\u00e8s de 6,9 pouces. <a href=\"http:\/\/www.notebookcheck.net\/Galaxy-S27-Pro-Galaxy-S27-Ultra-camera-specs-leak-New-sensors-zoom-to-make-all-the-difference.1302121.0.html\" target=\"_self\" class=\"internal-link\" rel=\"nofollow noopener\">Des fuites ant\u00e9rieures<\/a> sugg\u00e9raient \u00e9galement la pr\u00e9sence du m\u00eame appareil photo principal et du m\u00eame appareil photo ultra-grand-angle que sur l\u2019 Galaxy S27 Ultra ; seul le t\u00e9l\u00e9objectif pourrait s\u2019av\u00e9rer moins performant que celui du mod\u00e8le phare \u00ab Ultra \u00bb de Samsung. La fonctionnalit\u00e9 \u00ab Privacy Display \u00bb sera \u00e9galement disponible en 2027 <a href=\"http:\/\/www.notebookcheck.net\/Another-Ultra-feature-could-land-on-the-Galaxy-S27-Pro.1326719.0.html\" target=\"_self\" class=\"internal-link\" rel=\"nofollow noopener\">apparemment<\/a> sur les mod\u00e8les phares Pro et Ultra de 2027, ce qui s\u2019appliquera probablement aussi au Snapdragon 8 Elite Gen 6, tandis que l\u2019Exynos 2700 devrait \u00e9quiper l\u2019 Galaxy S27 et l\u2019 Galaxy S27+.<\/p>\n","protected":false},"excerpt":{"rendered":"Ce que l&rsquo;on sait \u00e0 ce jour sur l&rsquo;Galaxy S27 Pro \u00c0 l&rsquo;heure actuelle, le nouveau mod\u00e8le Galaxy&hellip;\n","protected":false},"author":2,"featured_media":191987,"comment_status":"","ping_status":"","sticky":false,"template":"","format":"standard","meta":{"footnotes":"","_share_on_mastodon":"0"},"categories":[7],"tags":[35182,3299,30047,44391,26096,26095,44392,41562,74,70,72,71,264,61,57,59,58,23,60,62,73],"class_list":["post-191986","post","type-post","status-publish","format-standard","has-post-thumbnail","category-sciences-et-technologies","tag-base-de-donnees","tag-fuite","tag-galaxy-s27","tag-galaxy-s27-plus","tag-galaxy-s27-pro","tag-galaxy-s27-ultra","tag-gsma","tag-imei","tag-informations-sur-des-ordinateurs-portatifs","tag-nouvelles","tag-rapport","tag-revues","tag-samsung","tag-science","tag-science-and-technology","tag-sciences","tag-sciences-et-technologies","tag-suisse","tag-technologies","tag-technology","tag-test"],"share_on_mastodon":{"url":"https:\/\/pubeurope.com\/@ch_fr\/116812174310812830","error":""},"_links":{"self":[{"href":"https:\/\/www.europesays.com\/ch-fr\/wp-json\/wp\/v2\/posts\/191986","targetHints":{"allow":["GET"]}}],"collection":[{"href":"https:\/\/www.europesays.com\/ch-fr\/wp-json\/wp\/v2\/posts"}],"about":[{"href":"https:\/\/www.europesays.com\/ch-fr\/wp-json\/wp\/v2\/types\/post"}],"author":[{"embeddable":true,"href":"https:\/\/www.europesays.com\/ch-fr\/wp-json\/wp\/v2\/users\/2"}],"replies":[{"embeddable":true,"href":"https:\/\/www.europesays.com\/ch-fr\/wp-json\/wp\/v2\/comments?post=191986"}],"version-history":[{"count":0,"href":"https:\/\/www.europesays.com\/ch-fr\/wp-json\/wp\/v2\/posts\/191986\/revisions"}],"wp:featuredmedia":[{"embeddable":true,"href":"https:\/\/www.europesays.com\/ch-fr\/wp-json\/wp\/v2\/media\/191987"}],"wp:attachment":[{"href":"https:\/\/www.europesays.com\/ch-fr\/wp-json\/wp\/v2\/media?parent=191986"}],"wp:term":[{"taxonomy":"category","embeddable":true,"href":"https:\/\/www.europesays.com\/ch-fr\/wp-json\/wp\/v2\/categories?post=191986"},{"taxonomy":"post_tag","embeddable":true,"href":"https:\/\/www.europesays.com\/ch-fr\/wp-json\/wp\/v2\/tags?post=191986"}],"curies":[{"name":"wp","href":"https:\/\/api.w.org\/{rel}","templated":true}]}}