{"id":192286,"date":"2026-06-25T22:52:11","date_gmt":"2026-06-25T22:52:11","guid":{"rendered":"https:\/\/www.europesays.com\/ch-fr\/192286\/"},"modified":"2026-06-25T22:52:11","modified_gmt":"2026-06-25T22:52:11","slug":"mondial-2026-lequateur-surprend-lallemagne-2-1-et-passe-en-16es","status":"publish","type":"post","link":"https:\/\/www.europesays.com\/ch-fr\/192286\/","title":{"rendered":"Mondial 2026 : l&rsquo;Equateur surprend l&rsquo;Allemagne 2-1 et passe en 16es"},"content":{"rendered":"<p>Petite sensation \u00e0 New York. L&rsquo;Equateur a domin\u00e9 l&rsquo;Allemagne 2-1 et se hisse en 16es de finale de la Coupe du monde en finissant parmi les meilleurs 3es. Gonzalo Plata a marqu\u00e9 le but d\u00e9cisif pour les Sud-Am\u00e9ricains \u00e0 la 77e minute.<\/p>\n<p>L&rsquo;Allemagne, qui restait sur onze victoires cons\u00e9cutives, a ouvert le score d\u00e8s la 2e minute, sur une frappe de Leroy San\u00e9, servi en retrait par Florian Wirtz. Juste avant cette action, leur co\u00e9quipier Aleksandar Pavlovic avait touch\u00e9 du pied le visage de Pedro Vite en r\u00e9cup\u00e9rant le ballon en hauteur, mais l&rsquo;arbitre am\u00e9ricaine Tori Penso, sans recourir \u00e0 la VAR, n&rsquo;a pas siffl\u00e9 de faute.<\/p>\n<p>Plata fait chavirer tout un stade<\/p>\n<p>La r\u00e9ponse \u00e9quatorienne n&rsquo;a pas tard\u00e9, et Nilson Angulo a \u00e9galis\u00e9 depuis l&rsquo;entr\u00e9e de la surface de r\u00e9paration \u00e0 la 9e minute. Une d\u00e9livrance pour sa s\u00e9lection, l&rsquo;une des trois seules (avec la Turquie et Ha\u00efti) \u00e0 n&rsquo;avoir inscrit aucun but lors de ses deux premiers rendez-vous. Et de quoi sonner le r\u00e9veil des 55&rsquo;000 supporters de la \u00ab\u00a0Tri\u00a0\u00bb pr\u00e9sents dans l&rsquo;enceinte de 80&rsquo;000 places, qui n&rsquo;allaient plus cesser de se faire entendre!<\/p>\n<p>Au retour des vestiaires, la Mannschaft a pens\u00e9 b\u00e9n\u00e9ficier d&rsquo;un penalty apr\u00e8s un tacle de Joel Ordonez sur Havertz, mais l&rsquo;arbitre est revenue sur cette d\u00e9cision apr\u00e8s avoir consult\u00e9 la vid\u00e9o, jugeant que les Allemands avait faut\u00e9 en premier. La suite a \u00e9t\u00e9 un encha\u00eenement de tr\u00e8s bonnes s\u00e9quences offensives pour les deux adversaires, jusqu&rsquo;\u00e0 ce que Gonzalo Plata trompe Manuel Neuer sur un corner (77e) pour assurer aux siens la victoire et la qualification.<\/p>\n<p>Contenu externe<\/p>\n<p> Ce contenu externe ne peut pas \u00eatre affich\u00e9 car il est susceptible de collecter des donn\u00e9es personnelles. Pour voir ce contenu vous devez autoriser la cat\u00e9gorie Services Tiers. <\/p>\n<p> Accepter Plus d&rsquo;info <\/p>\n<p>&gt;&gt; A lire aussi\u00a0: <a href=\"https:\/\/www.rts.ch\/sport\/football\/coupe-du-monde-de-la-fifa\/2026\/article\/mondial-2026-la-cote-d-ivoire-bat-curacao-2-0-et-se-qualifie-29286595.html\" data-item-id=\"richtext_link\" rel=\"nofollow noopener\" target=\"_blank\">La C\u00f4te d&rsquo;Ivoire bat Cura\u00e7ao gr\u00e2ce \u00e0 un doubl\u00e9 de P\u00e9p\u00e9 et file en 16es<\/a><\/p>\n<p class=\"sources\">agences\/lper<\/p>\n","protected":false},"excerpt":{"rendered":"Petite sensation \u00e0 New York. L&rsquo;Equateur a domin\u00e9 l&rsquo;Allemagne 2-1 et se hisse en 16es de finale de&hellip;\n","protected":false},"author":2,"featured_media":192287,"comment_status":"","ping_status":"","sticky":false,"template":"","format":"standard","meta":{"footnotes":"","_share_on_mastodon":"0"},"categories":[8],"tags":[1830,6739,3194,43148,10565,39432,39538,35253,32764,44497,39539,43149,44498,43151,182,44499,2895,186,75,44500,23],"class_list":["post-192286","post","type-post","status-publish","format-standard","has-post-thumbnail","category-sports","tag-allemagne","tag-championnat-du-monde","tag-coupe-du-monde","tag-coupe-du-monde-2026-phase-de-groupes-groupe-e","tag-coupe-du-monde-de-football","tag-coupe-du-monde-de-football-2026","tag-coupe-du-monde-de-la-fifa","tag-coupe-du-monde-fifa","tag-equateur","tag-equateur-allemagne","tag-fifa-2018","tag-fifa-2026-equipe-dallemagne","tag-fifa-2026-equipe-dequateur","tag-fifa-2026-groupe-e","tag-football","tag-gonzalo-plata","tag-new-york","tag-sport","tag-sports","tag-sud-americains","tag-suisse"],"share_on_mastodon":{"url":"https:\/\/pubeurope.com\/@ch_fr\/116813204656967934","error":""},"_links":{"self":[{"href":"https:\/\/www.europesays.com\/ch-fr\/wp-json\/wp\/v2\/posts\/192286","targetHints":{"allow":["GET"]}}],"collection":[{"href":"https:\/\/www.europesays.com\/ch-fr\/wp-json\/wp\/v2\/posts"}],"about":[{"href":"https:\/\/www.europesays.com\/ch-fr\/wp-json\/wp\/v2\/types\/post"}],"author":[{"embeddable":true,"href":"https:\/\/www.europesays.com\/ch-fr\/wp-json\/wp\/v2\/users\/2"}],"replies":[{"embeddable":true,"href":"https:\/\/www.europesays.com\/ch-fr\/wp-json\/wp\/v2\/comments?post=192286"}],"version-history":[{"count":0,"href":"https:\/\/www.europesays.com\/ch-fr\/wp-json\/wp\/v2\/posts\/192286\/revisions"}],"wp:featuredmedia":[{"embeddable":true,"href":"https:\/\/www.europesays.com\/ch-fr\/wp-json\/wp\/v2\/media\/192287"}],"wp:attachment":[{"href":"https:\/\/www.europesays.com\/ch-fr\/wp-json\/wp\/v2\/media?parent=192286"}],"wp:term":[{"taxonomy":"category","embeddable":true,"href":"https:\/\/www.europesays.com\/ch-fr\/wp-json\/wp\/v2\/categories?post=192286"},{"taxonomy":"post_tag","embeddable":true,"href":"https:\/\/www.europesays.com\/ch-fr\/wp-json\/wp\/v2\/tags?post=192286"}],"curies":[{"name":"wp","href":"https:\/\/api.w.org\/{rel}","templated":true}]}}