{"id":192844,"date":"2026-06-26T10:13:21","date_gmt":"2026-06-26T10:13:21","guid":{"rendered":"https:\/\/www.europesays.com\/ch-fr\/192844\/"},"modified":"2026-06-26T10:13:21","modified_gmt":"2026-06-26T10:13:21","slug":"radio-intensite-savez-vous-comment-sappellent-les-habitants-du-centre-val-de-loire","status":"publish","type":"post","link":"https:\/\/www.europesays.com\/ch-fr\/192844\/","title":{"rendered":"RADIO INTENSITE | Savez-vous comment s&rsquo;appellent les habitants du Centre-Val de Loire ?"},"content":{"rendered":"\n<p align=\"JUSTIFY\">Depuis ce jeudi, les habitants du Centre-Val de Loire ont un nom les Centrevalloises et Centrevallois. Fran\u00e7ois Bonneau, le pr\u00e9sident de r\u00e9gion l&rsquo;a d\u00e9voil\u00e9 dans la matin\u00e9e \u00e0 l&rsquo;occasion de la session pl\u00e9ni\u00e8re. Un nom qui a \u00e9t\u00e9 pr\u00e9f\u00e9r\u00e9 lors de la derni\u00e8re \u00e9tape de la consultation face aux deux autres finalistes : Castelvallois et C\u0153urvallois. 22 328 personnes se sont prononc\u00e9es pour le vote final en ligne. Centrevallois a obtenu 10 051 votes, Castelvallois 7 617 votes et C\u0153urvallois 4 660 votes.<\/p>\n","protected":false},"excerpt":{"rendered":"Depuis ce jeudi, les habitants du Centre-Val de Loire ont un nom les Centrevalloises et Centrevallois. Fran\u00e7ois Bonneau,&hellip;\n","protected":false},"author":2,"featured_media":192845,"comment_status":"","ping_status":"","sticky":false,"template":"","format":"standard","meta":{"footnotes":"","_share_on_mastodon":"0"},"categories":[12],"tags":[376,44636,113,112,1059,44637,44635,418,140,141,23142,30301,4368,4234,24831,23,745],"class_list":["post-192844","post","type-post","status-publish","format-standard","has-post-thumbnail","category-musique","tag-actualite","tag-centrevallois","tag-divertissement","tag-entertainment","tag-eure-et-loir","tag-francois-bonneau","tag-gentile","tag-habitant","tag-music","tag-musique","tag-nom","tag-officiel","tag-president","tag-radio-intensite","tag-region-centre-val-de-loire","tag-suisse","tag-vote"],"share_on_mastodon":{"url":"https:\/\/pubeurope.com\/@ch_fr\/116815882130965967","error":""},"_links":{"self":[{"href":"https:\/\/www.europesays.com\/ch-fr\/wp-json\/wp\/v2\/posts\/192844","targetHints":{"allow":["GET"]}}],"collection":[{"href":"https:\/\/www.europesays.com\/ch-fr\/wp-json\/wp\/v2\/posts"}],"about":[{"href":"https:\/\/www.europesays.com\/ch-fr\/wp-json\/wp\/v2\/types\/post"}],"author":[{"embeddable":true,"href":"https:\/\/www.europesays.com\/ch-fr\/wp-json\/wp\/v2\/users\/2"}],"replies":[{"embeddable":true,"href":"https:\/\/www.europesays.com\/ch-fr\/wp-json\/wp\/v2\/comments?post=192844"}],"version-history":[{"count":0,"href":"https:\/\/www.europesays.com\/ch-fr\/wp-json\/wp\/v2\/posts\/192844\/revisions"}],"wp:featuredmedia":[{"embeddable":true,"href":"https:\/\/www.europesays.com\/ch-fr\/wp-json\/wp\/v2\/media\/192845"}],"wp:attachment":[{"href":"https:\/\/www.europesays.com\/ch-fr\/wp-json\/wp\/v2\/media?parent=192844"}],"wp:term":[{"taxonomy":"category","embeddable":true,"href":"https:\/\/www.europesays.com\/ch-fr\/wp-json\/wp\/v2\/categories?post=192844"},{"taxonomy":"post_tag","embeddable":true,"href":"https:\/\/www.europesays.com\/ch-fr\/wp-json\/wp\/v2\/tags?post=192844"}],"curies":[{"name":"wp","href":"https:\/\/api.w.org\/{rel}","templated":true}]}}