{"id":193044,"date":"2026-06-26T12:59:13","date_gmt":"2026-06-26T12:59:13","guid":{"rendered":"https:\/\/www.europesays.com\/ch-fr\/193044\/"},"modified":"2026-06-26T12:59:13","modified_gmt":"2026-06-26T12:59:13","slug":"nicolas-hulot-pourquoi-tf1-a-ete-condamnee-a-lui-verser-69-millions-deuros","status":"publish","type":"post","link":"https:\/\/www.europesays.com\/ch-fr\/193044\/","title":{"rendered":"Nicolas Hulot : pourquoi TF1 a \u00e9t\u00e9 condamn\u00e9e \u00e0 lui verser 6,9 millions d\u2019euros ?"},"content":{"rendered":"<p>C\u2019est une somme \u00e0 sept chiffres\u2026 Par le pass\u00e9, Nicolas Hulot a anim\u00e9 sur TF1 (de 1987 jusqu\u2019en 2012) <a href=\"https:\/\/www.programme-television.org\/news\/tv\/documentaires\/les-voyageurs-solidaires-ushuaia-tv-lengagement-humanitaire-de-didier-drogba-en-cote-divoire-88324\" id=\"88324\" rel=\"nofollow noopener\" target=\"_blank\">l\u2019\u00e9mission Ushua\u00efa<\/a>. Mais si ce m\u00eame programme n\u2019est plus diffus\u00e9 depuis d\u00e9j\u00e0 plus de dix ans, il procurait \u00e0 la cha\u00eene de nombreuses royalties puisqu\u2019en juin 2024, le groupe t\u00e9l\u00e9visuel avait vendu \u00e0 L\u2019Or\u00e9al la quasi-totalit\u00e9 des droits de la marque Ushua\u00efa pour un montant de 27,5 millions d\u2019euros.<\/p>\n<p>TF1 condamn\u00e9e \u00e0 verser 6,9 millions d\u2019euros \u00e0 Nicolas Hulot<\/p>\n<p>En effet, selon un jugement act\u00e9 par le tribunal des activit\u00e9s \u00e9conomiques de Nanterre (auquel nos confr\u00e8res de L\u2019inform\u00e9 ont assist\u00e9), le 23 juin dernier, TF1 a \u00e9t\u00e9 condamn\u00e9e \u00e0 verser \u00a0\u00ab la somme de 6,875 millions d\u2019euros \u00e0 titre de dommages et int\u00e9r\u00eats \u00bb \u00e0 l\u2019animateur (et ancien ministre de l\u2019\u00c9cologie) <a href=\"https:\/\/www.programme-television.org\/news\/tv\/sequences-tele\/affaire-nicolas-hulot-le-terrible-temoignage-de-la-fille-dune-ancienne-ministre-video-97473\" id=\"97473\" rel=\"nofollow noopener\" target=\"_blank\">Nicolas Hulot<\/a> \u2013 et plus particuli\u00e8rement \u00e0 Eole Conseil, la soci\u00e9t\u00e9 de l\u2019ex-animateur de t\u00e9l\u00e9vision. Pour cause, depuis 1994, TF1 avait conclu un accord avec l\u2019animateur (dans lequel la cha\u00eene s\u2019engageait \u00e0 lui verser un quart des recettes g\u00e9n\u00e9r\u00e9es par l\u2019exploitation des produits Ushua\u00efa). Un contrat qui \u00e9tait d\u2019ailleurs \u00ab reconductible tous les cinq ans, tant que les produits label Ushua\u00efa L\u2019Or\u00e9al (feraient) l\u2019objet d\u2019une exploitation commerciale \u00bb, pr\u00e9cise le jugement.<\/p>\n<p>Affaire Nicolas Hulot : ce que l\u2019on sait<\/p>\n<p>Mais en 2022, TF1 avait annonc\u00e9 \u00e0 Nicolas Hulot que ce contrat n\u2019\u00e9tait plus renouvel\u00e9, c\u00e9dant ainsi les droits de la marque Ushua\u00efa \u00e0 L\u2019Or\u00e9al lorsque ce dernier contrat arriverait \u00e0 expiration, fin 2023. Une d\u00e9cision que Nicolas Hulot avait contest\u00e9e. Puisque les droits commerciaux sont encore d\u2019actualit\u00e9, le tribunal a alors estim\u00e9 que la cha\u00eene \u00e9tait fautive. Contact\u00e9e par nos confr\u00e8res de L\u2019Inform\u00e9, la cha\u00eene n\u2019a pas souhait\u00e9 faire de commentaire sur ce jugement ni indiqu\u00e9 si elle comptait faire appel (ou non) de cette d\u00e9cision de justice. C\u2019est d\u2019ailleurs en prenant en compte le montant de 27,5 millions d\u2019euros vers\u00e9 par L\u2019Or\u00e9al \u00e0 TF1 (pour l\u2019achat des droits de la marque Ushua\u00efa) que la justice a r\u00e9ussi \u00e0 calculer le montant des 6,9 millions d\u2019euros vers\u00e9s \u00e0 l\u2019animateur.<\/p>\n","protected":false},"excerpt":{"rendered":"C\u2019est une somme \u00e0 sept chiffres\u2026 Par le pass\u00e9, Nicolas Hulot a anim\u00e9 sur TF1 (de 1987 jusqu\u2019en&hellip;\n","protected":false},"author":2,"featured_media":193045,"comment_status":"","ping_status":"","sticky":false,"template":"","format":"standard","meta":{"footnotes":"","_share_on_mastodon":"0"},"categories":[13],"tags":[20474,113,112,508,39,44377,23,142,196,514],"class_list":["post-193044","post","type-post","status-publish","format-standard","has-post-thumbnail","category-television","tag-condamnation","tag-divertissement","tag-entertainment","tag-jugement","tag-justice","tag-nicolas-hulot","tag-suisse","tag-television","tag-tf1","tag-tribunal"],"share_on_mastodon":{"url":"https:\/\/pubeurope.com\/@ch_fr\/116816534831647163","error":""},"_links":{"self":[{"href":"https:\/\/www.europesays.com\/ch-fr\/wp-json\/wp\/v2\/posts\/193044","targetHints":{"allow":["GET"]}}],"collection":[{"href":"https:\/\/www.europesays.com\/ch-fr\/wp-json\/wp\/v2\/posts"}],"about":[{"href":"https:\/\/www.europesays.com\/ch-fr\/wp-json\/wp\/v2\/types\/post"}],"author":[{"embeddable":true,"href":"https:\/\/www.europesays.com\/ch-fr\/wp-json\/wp\/v2\/users\/2"}],"replies":[{"embeddable":true,"href":"https:\/\/www.europesays.com\/ch-fr\/wp-json\/wp\/v2\/comments?post=193044"}],"version-history":[{"count":0,"href":"https:\/\/www.europesays.com\/ch-fr\/wp-json\/wp\/v2\/posts\/193044\/revisions"}],"wp:featuredmedia":[{"embeddable":true,"href":"https:\/\/www.europesays.com\/ch-fr\/wp-json\/wp\/v2\/media\/193045"}],"wp:attachment":[{"href":"https:\/\/www.europesays.com\/ch-fr\/wp-json\/wp\/v2\/media?parent=193044"}],"wp:term":[{"taxonomy":"category","embeddable":true,"href":"https:\/\/www.europesays.com\/ch-fr\/wp-json\/wp\/v2\/categories?post=193044"},{"taxonomy":"post_tag","embeddable":true,"href":"https:\/\/www.europesays.com\/ch-fr\/wp-json\/wp\/v2\/tags?post=193044"}],"curies":[{"name":"wp","href":"https:\/\/api.w.org\/{rel}","templated":true}]}}