{"id":193236,"date":"2026-06-26T15:04:17","date_gmt":"2026-06-26T15:04:17","guid":{"rendered":"https:\/\/www.europesays.com\/ch-fr\/193236\/"},"modified":"2026-06-26T15:04:17","modified_gmt":"2026-06-26T15:04:17","slug":"une-arrestation-a-eu-lieu-a-fribourg-quatre-jeunes-hommes-arretes-pour-une-agression-sexuelle-en-ville-de-berne","status":"publish","type":"post","link":"https:\/\/www.europesays.com\/ch-fr\/193236\/","title":{"rendered":"Une arrestation a eu lieu \u00e0 Fribourg. Quatre jeunes hommes arr\u00eat\u00e9s pour une agression sexuelle en ville de Berne"},"content":{"rendered":"<p class=\"paragraph-1-base\">En collaboration avec la police cantonale fribourgeoise, la police bernoise a interpell\u00e9 les quatre hommes, \u00e2g\u00e9s de 16 \u00e0 21\u00a0ans, en ao\u00fbt 2025 dans le canton de Fribourg, ainsi qu\u2019en d\u00e9cembre 2025 et en janvier 2026 dans le canton de Berne. Trois des hommes sont majeurs et se trouvent depuis lors en d\u00e9tention provisoire.<\/p>\n<p class=\"paragraph-1-base\">Ils sont notamment accus\u00e9s d\u2019abus sur une personne incapable de discernement ou de r\u00e9sistance, a pr\u00e9cis\u00e9 la police. Ils ont partiellement avou\u00e9 avoir commis les faits qui leur sont reproch\u00e9s.\u00a0Les interpellations ont \u00e9t\u00e9 pr\u00e9c\u00e9d\u00e9es de plusieurs mois d\u2019enqu\u00eate. Des \u00abchiens de recherche criminalistique\u00bb, \u00absp\u00e9cialement entra\u00een\u00e9s \u00e0 la d\u00e9tection de traces de sperme\u00bb, ont notamment \u00e9t\u00e9 utilis\u00e9s.<\/p>\n<p class=\"paragraph-1-base after:text-primary after:heading-2-xl after:relative after:top-[2px] after:pl-1 after:!leading-[18px] after:text-primary-300 after:content-[&quot;\u00bb&quot;] dark:after:text-primary-300\">Les faits se sont produits le 29\u00a0juin 2025. Les hommes ont l\u00e2ch\u00e9 la femme et ont pris la fuite \u00e0 l\u2019approche de tiers. Ces derniers ont ensuite pris en charge la victime jusqu\u2019\u00e0 l\u2019arriv\u00e9e de la police. Une ambulance l\u2019a transport\u00e9e \u00e0 l\u2019h\u00f4pital.<\/p>\n","protected":false},"excerpt":{"rendered":"En collaboration avec la police cantonale fribourgeoise, la police bernoise a interpell\u00e9 les quatre hommes, \u00e2g\u00e9s de 16&hellip;\n","protected":false},"author":2,"featured_media":193237,"comment_status":"","ping_status":"","sticky":false,"template":"","format":"standard","meta":{"footnotes":"","_share_on_mastodon":"0"},"categories":[20],"tags":[193,192,2379,318,211,306,9845,23],"class_list":["post-193236","post","type-post","status-publish","format-standard","has-post-thumbnail","category-berne","tag-bern","tag-berne","tag-canton-de-fribourg","tag-enquete","tag-fribourg","tag-police","tag-police-cantonale-fribourgeoise","tag-suisse"],"share_on_mastodon":{"url":"https:\/\/pubeurope.com\/@ch_fr\/116817026601123695","error":""},"_links":{"self":[{"href":"https:\/\/www.europesays.com\/ch-fr\/wp-json\/wp\/v2\/posts\/193236","targetHints":{"allow":["GET"]}}],"collection":[{"href":"https:\/\/www.europesays.com\/ch-fr\/wp-json\/wp\/v2\/posts"}],"about":[{"href":"https:\/\/www.europesays.com\/ch-fr\/wp-json\/wp\/v2\/types\/post"}],"author":[{"embeddable":true,"href":"https:\/\/www.europesays.com\/ch-fr\/wp-json\/wp\/v2\/users\/2"}],"replies":[{"embeddable":true,"href":"https:\/\/www.europesays.com\/ch-fr\/wp-json\/wp\/v2\/comments?post=193236"}],"version-history":[{"count":0,"href":"https:\/\/www.europesays.com\/ch-fr\/wp-json\/wp\/v2\/posts\/193236\/revisions"}],"wp:featuredmedia":[{"embeddable":true,"href":"https:\/\/www.europesays.com\/ch-fr\/wp-json\/wp\/v2\/media\/193237"}],"wp:attachment":[{"href":"https:\/\/www.europesays.com\/ch-fr\/wp-json\/wp\/v2\/media?parent=193236"}],"wp:term":[{"taxonomy":"category","embeddable":true,"href":"https:\/\/www.europesays.com\/ch-fr\/wp-json\/wp\/v2\/categories?post=193236"},{"taxonomy":"post_tag","embeddable":true,"href":"https:\/\/www.europesays.com\/ch-fr\/wp-json\/wp\/v2\/tags?post=193236"}],"curies":[{"name":"wp","href":"https:\/\/api.w.org\/{rel}","templated":true}]}}