{"id":193390,"date":"2026-06-26T16:51:16","date_gmt":"2026-06-26T16:51:16","guid":{"rendered":"https:\/\/www.europesays.com\/ch-fr\/193390\/"},"modified":"2026-06-26T16:51:16","modified_gmt":"2026-06-26T16:51:16","slug":"accident-de-la-circulation-sur-lautoroute-a16","status":"publish","type":"post","link":"https:\/\/www.europesays.com\/ch-fr\/193390\/","title":{"rendered":"Accident de la circulation sur l&rsquo;autoroute A16."},"content":{"rendered":"<p>Date : 26.06.2026 15:22:00 <\/p>\n<p class=\"photoBox\"> &#13;<br \/>\n           &#13;<br \/>\n        &#13;<br \/>\n        &#13;<br \/>\n        &#13;<br \/>\n        <img decoding=\"async\" alt=\"Accident sur l'autoroute\" src=\"https:\/\/www.europesays.com\/ch-fr\/wp-content\/uploads\/2026\/06\/17758.jpg\"\/>&#13;<br \/>\n\t\t<a href=\"https:\/\/www.jura.ch\/Htdocs\/Images\/Pictures\/17758.jpg?puid=6b874991-9a5b-4ec1-a7c7-3fbc55042096\" class=\"zoom\" rel=\"shadowbox nofollow noopener\" title=\"Zoom sur cette image \u00ab Accident sur l&#039;autoroute \u00bb (touche ESC pour fermer la fen\u00eatre)\" target=\"_blank\"><img decoding=\"async\" src=\"https:\/\/www.europesays.com\/ch-fr\/wp-content\/uploads\/2026\/06\/17758.jpg\" alt=\"Accident sur l'autoroute\"\/><\/a>&#13;<br \/>\n         &#13;<br \/>\n        &#13;<br \/>\n&#13;<br \/>\n                &#13;<br \/>\n                &#13;\n            <\/p>\n<p>Le vendredi 26 juin 2026, vers 11h20, un accident de la circulation s&rsquo;est produit sur l&rsquo;autoroute A16, peu apr\u00e8s la<br \/>voie d&rsquo;acc\u00e9l\u00e9ration de la jonction de Del\u00e9mont-Ouest, en direction de la France.<br \/>Alors qu&rsquo;un motocycliste entreprenait le d\u00e9passement d&rsquo;un v\u00e9hicule qui le pr\u00e9c\u00e9dait, il n&rsquo;a pas aper\u00e7u un autre<br \/>v\u00e9hicule circulant d\u00e9j\u00e0 sur la voie de gauche. Une collision s&rsquo;est alors produite entre le c\u00f4t\u00e9 droit de l\u2019automobile<br \/>et le guidon c\u00f4t\u00e9 gauche de la moto, provoquant la chute du motocycliste.<br \/>Bless\u00e9, le motocycliste a \u00e9t\u00e9 pris en charge par une ambulance et transport\u00e9 \u00e0 l&rsquo;H\u00f4pital du Jura, \u00e0 Del\u00e9mont.<br \/>Le trafic routier a \u00e9t\u00e9 perturb\u00e9 durant une vingtaine de minutes.<br \/>Cette intervention a n\u00e9cessit\u00e9 l&rsquo;engagement de deux patrouilles de gendarmerie, d&rsquo;une ambulance, du Service des<br \/>infrastructures (SIN) ainsi que d&rsquo;une d\u00e9panneuse du garage de service.<\/p>\n<p>\t<a href=\"https:\/\/www.jura.ch\/fr\/Autorites\/Administration\/DSJP\/POC\/Medias\/Communiques-de-presse-de-la-Police.html\" class=\"btn\" rel=\"nofollow noopener\" target=\"_blank\">\u00ab\u00a0\u00a0Retour<\/a>\t<\/p>\n","protected":false},"excerpt":{"rendered":"Date : 26.06.2026 15:22:00 &#13; &#13; &#13; &#13; &#13; &#13; &#13; &#13; &#13; &#13; &#13; &#13; Le vendredi&hellip;\n","protected":false},"author":2,"featured_media":193391,"comment_status":"","ping_status":"","sticky":false,"template":"","format":"standard","meta":{"footnotes":"","_share_on_mastodon":"0"},"categories":[8],"tags":[3779,3798,3780,3792,3778,3788,3797,121,3775,3794,119,3784,3787,122,3785,3795,118,3781,120,3786,3793,3789,3782,3776,3777,3783,75,23,3796,3791,3790],"class_list":["post-193390","post","type-post","status-publish","format-standard","has-post-thumbnail","category-sports","tag-3779","tag-23-giugno","tag-23-juin","tag-23rd-of-june","tag-administration","tag-administrazion","tag-adminitrazione","tag-ajoie","tag-canton","tag-cantone","tag-delemont","tag-delsberg","tag-doubs","tag-franches-montagnes","tag-freiberge","tag-giura","tag-jura","tag-kanton","tag-porrentruy","tag-pruntrut","tag-repubblica-e-canton-giura","tag-republic","tag-republik-und-kanton-jura","tag-republique-et-canton","tag-saint-ursanne","tag-schweiz","tag-sports","tag-suisse","tag-svizzera","tag-switzerland","tag-website"],"share_on_mastodon":{"url":"https:\/\/pubeurope.com\/@ch_fr\/116817447445275735","error":""},"_links":{"self":[{"href":"https:\/\/www.europesays.com\/ch-fr\/wp-json\/wp\/v2\/posts\/193390","targetHints":{"allow":["GET"]}}],"collection":[{"href":"https:\/\/www.europesays.com\/ch-fr\/wp-json\/wp\/v2\/posts"}],"about":[{"href":"https:\/\/www.europesays.com\/ch-fr\/wp-json\/wp\/v2\/types\/post"}],"author":[{"embeddable":true,"href":"https:\/\/www.europesays.com\/ch-fr\/wp-json\/wp\/v2\/users\/2"}],"replies":[{"embeddable":true,"href":"https:\/\/www.europesays.com\/ch-fr\/wp-json\/wp\/v2\/comments?post=193390"}],"version-history":[{"count":0,"href":"https:\/\/www.europesays.com\/ch-fr\/wp-json\/wp\/v2\/posts\/193390\/revisions"}],"wp:featuredmedia":[{"embeddable":true,"href":"https:\/\/www.europesays.com\/ch-fr\/wp-json\/wp\/v2\/media\/193391"}],"wp:attachment":[{"href":"https:\/\/www.europesays.com\/ch-fr\/wp-json\/wp\/v2\/media?parent=193390"}],"wp:term":[{"taxonomy":"category","embeddable":true,"href":"https:\/\/www.europesays.com\/ch-fr\/wp-json\/wp\/v2\/categories?post=193390"},{"taxonomy":"post_tag","embeddable":true,"href":"https:\/\/www.europesays.com\/ch-fr\/wp-json\/wp\/v2\/tags?post=193390"}],"curies":[{"name":"wp","href":"https:\/\/api.w.org\/{rel}","templated":true}]}}