{"id":194070,"date":"2026-06-27T06:53:11","date_gmt":"2026-06-27T06:53:11","guid":{"rendered":"https:\/\/www.europesays.com\/ch-fr\/194070\/"},"modified":"2026-06-27T06:53:11","modified_gmt":"2026-06-27T06:53:11","slug":"deces-de-hans-meyer-ancien-president-de-la-bns","status":"publish","type":"post","link":"https:\/\/www.europesays.com\/ch-fr\/194070\/","title":{"rendered":"D\u00e9c\u00e8s de Hans Meyer, ancien pr\u00e9sident de la BNS"},"content":{"rendered":"\n<p>L&rsquo;ancien pr\u00e9sident de la Banque nationale suisse Hans Meyer est d\u00e9c\u00e9d\u00e9 le 17 juin \u00e0 l&rsquo;\u00e2ge de 90 ans.Il a pr\u00e9sid\u00e9 la BNS de 1996 \u00e0 2000, p\u00e9riode marqu\u00e9e par l&rsquo;introduction de l&rsquo;euro et la fin d&rsquo;une r\u00e9cession.Hans Meyer a instaur\u00e9 le concept de politique mon\u00e9taire qui reste appliqu\u00e9 aujourd&rsquo;hui par la banque centrale suisse.<\/p>\n<p>Ce r\u00e9sum\u00e9 a-t-il \u00e9t\u00e9 utile ?<\/p>\n<p>    \u2139\ufe0f R\u00e9sum\u00e9 propos\u00e9 par l&rsquo;IA et valid\u00e9 par nos journalistes. <a class=\"article-summary-info__link\" href=\"https:\/\/www.rts.ch\/entreprise\/2025\/article\/charte-sur-l-utilisation-de-l-ia-a-la-rts-29020587.html\" rel=\"nofollow noopener\" target=\"_blank\">En savoir plus<\/a>  <\/p>\n<p> Masquer  <\/p>\n","protected":false},"excerpt":{"rendered":"L&rsquo;ancien pr\u00e9sident de la Banque nationale suisse Hans Meyer est d\u00e9c\u00e9d\u00e9 le 17 juin \u00e0 l&rsquo;\u00e2ge de 90&hellip;\n","protected":false},"author":2,"featured_media":194071,"comment_status":"","ping_status":"","sticky":false,"template":"","format":"standard","meta":{"footnotes":"","_share_on_mastodon":"0"},"categories":[6],"tags":[3773,12280,45,44,17941,344,43,1797,7221,44775,1285,238,23,1803],"class_list":["post-194070","post","type-post","status-publish","format-standard","has-post-thumbnail","category-economie","tag-banque","tag-banque-nationale-suisse","tag-business","tag-economie","tag-economie-de-la-suisse","tag-economie-et-finances","tag-economy","tag-fin-de-vie-et-mort","tag-financial-service","tag-hans-meyer","tag-microeconomie","tag-societe","tag-suisse","tag-valeurs"],"share_on_mastodon":{"url":"https:\/\/pubeurope.com\/@ch_fr\/116820758215186599","error":""},"_links":{"self":[{"href":"https:\/\/www.europesays.com\/ch-fr\/wp-json\/wp\/v2\/posts\/194070","targetHints":{"allow":["GET"]}}],"collection":[{"href":"https:\/\/www.europesays.com\/ch-fr\/wp-json\/wp\/v2\/posts"}],"about":[{"href":"https:\/\/www.europesays.com\/ch-fr\/wp-json\/wp\/v2\/types\/post"}],"author":[{"embeddable":true,"href":"https:\/\/www.europesays.com\/ch-fr\/wp-json\/wp\/v2\/users\/2"}],"replies":[{"embeddable":true,"href":"https:\/\/www.europesays.com\/ch-fr\/wp-json\/wp\/v2\/comments?post=194070"}],"version-history":[{"count":0,"href":"https:\/\/www.europesays.com\/ch-fr\/wp-json\/wp\/v2\/posts\/194070\/revisions"}],"wp:featuredmedia":[{"embeddable":true,"href":"https:\/\/www.europesays.com\/ch-fr\/wp-json\/wp\/v2\/media\/194071"}],"wp:attachment":[{"href":"https:\/\/www.europesays.com\/ch-fr\/wp-json\/wp\/v2\/media?parent=194070"}],"wp:term":[{"taxonomy":"category","embeddable":true,"href":"https:\/\/www.europesays.com\/ch-fr\/wp-json\/wp\/v2\/categories?post=194070"},{"taxonomy":"post_tag","embeddable":true,"href":"https:\/\/www.europesays.com\/ch-fr\/wp-json\/wp\/v2\/tags?post=194070"}],"curies":[{"name":"wp","href":"https:\/\/api.w.org\/{rel}","templated":true}]}}