{"id":195488,"date":"2026-06-28T09:50:36","date_gmt":"2026-06-28T09:50:36","guid":{"rendered":"https:\/\/www.europesays.com\/ch-fr\/195488\/"},"modified":"2026-06-28T09:50:36","modified_gmt":"2026-06-28T09:50:36","slug":"holcim-affiche-ses-objectifs-durables-dans-un-pavillon","status":"publish","type":"post","link":"https:\/\/www.europesays.com\/ch-fr\/195488\/","title":{"rendered":"Holcim affiche ses objectifs durables dans un pavillon"},"content":{"rendered":"<p>\n                Teaserbild-Quelle: Allen + Crippa + Meier Architekten\n            <\/p>\n<p>Avec<br \/>\nla r\u00e9utilisation des mat\u00e9riaux et la r\u00e9cup\u00e9ration d\u2019\u00e9nergie, le futur centre<br \/>\ndes visiteurs du site de Siggenthal aura l\u2019avantage d\u2019appuyer les efforts en<br \/>\nfaveur du d\u00e9veloppement durable d\u00e9ploy\u00e9s par le cimentier. Le projet<br \/>\narchitectural transforme un hangar.<\/p>\n<p>        <img decoding=\"async\" src=\"https:\/\/www.europesays.com\/ch-fr\/wp-content\/uploads\/2026\/06\/31510_1.jpg\" alt=\"Pavillon Holcim\" class=\"img-responsive\"\/><\/p>\n<p class=\"font-size-14 mt-2 mb-0\">Cr\u00e9dit image: Allen + Crippa + Meier Architekten<\/p>\n<p class=\"font-size-14 mb-4\">La future construction dialoguera en harmonie avec l\u2019usine de production attenante. <\/p>\n<p>Le cimentier<br \/>\nHolcim ne perd aucune occasion d\u2019affirmer ses efforts de lutte contre le r\u00e9chauffement<br \/>\nclimatique. Et cela jusque sur ses propres de sites de production. Celui de<br \/>\nSiggenthal va donc \u00eatre dot\u00e9 d\u2019un nouveau centre pour ses visiteurs, sous la forme<br \/>\nde la transformation d\u2019un ancien hangar en harmonie avec ses b\u00e2timents.<\/p>\n<p>Flexibilit\u00e9<br \/>\nconstructive<br \/>Les architectes laur\u00e9ats du concours lanc\u00e9 par le groupe pr\u00e9sentent donc un<br \/>\nfutur b\u00e2timent qui \u00e9pouse la vocation industrielle du complexe de production.<br \/>\nMais ils ont aussi r\u00e9fl\u00e9chi \u00e0 le doter d\u2019espaces modulables et flexibles, dans<br \/>\nl\u2019esprit du lieu. Avec comme pr\u00e9occupation constante de montrer au public les<br \/>\nmeilleurs standards de la construction durable.<\/p>\n<p>Le<br \/>\ncarbone remplace l\u2019acier<br \/>Le futur \u00ab\u00a0Holcim Lab\u00a0\u00bb r\u00e9utilisera la structure existante d\u2019un hangar<br \/>\npour limiter l\u2019\u00e9nergie grise. Le recours \u00e0 des plaques de b\u00e9ton pr\u00e9contrainte<br \/>\nau carbone pour les dalles et le toit permettra de r\u00e9duire le volume des mat\u00e9riaux<br \/>\nn\u00e9cessaires d\u2019environ 75%. Le carbone remplacera l\u2019acier. Le b\u00e2timent sera<br \/>\naussi chauff\u00e9 avec la chaleur r\u00e9siduelle des installations de l\u2019usine. <\/p>\n<p>Une<br \/>\nfois construit, le volume accueillera riverains, classes d\u2019\u00e9cole, partenaires<br \/>\net professionnels d\u00e9sireux de s\u2019informer sur les efforts du groupe en mati\u00e8re<br \/>\nde d\u00e9veloppement durable. Les travaux doivent commencer l\u2019an prochain. <\/p>\n","protected":false},"excerpt":{"rendered":"Teaserbild-Quelle: Allen + Crippa + Meier Architekten Avec la r\u00e9utilisation des mat\u00e9riaux et la r\u00e9cup\u00e9ration d\u2019\u00e9nergie, le futur&hellip;\n","protected":false},"author":2,"featured_media":195489,"comment_status":"","ping_status":"","sticky":false,"template":"","format":"standard","meta":{"footnotes":"","_share_on_mastodon":"0"},"categories":[6],"tags":[8523,45,2224,172,4750,44,43,355,1163,7751,8522,9429,23,708,1169],"class_list":["post-195488","post","type-post","status-publish","format-standard","has-post-thumbnail","category-economie","tag-architecture-et-construction","tag-business","tag-constructions-nouvelles","tag-culture","tag-developpement","tag-economie","tag-economy","tag-environnement","tag-gef_news","tag-projets","tag-rub_architecture","tag-societes","tag-suisse","tag-technique-du-batiment","tag-transformations"],"share_on_mastodon":{"url":"https:\/\/pubeurope.com\/@ch_fr\/116827116544237158","error":""},"_links":{"self":[{"href":"https:\/\/www.europesays.com\/ch-fr\/wp-json\/wp\/v2\/posts\/195488","targetHints":{"allow":["GET"]}}],"collection":[{"href":"https:\/\/www.europesays.com\/ch-fr\/wp-json\/wp\/v2\/posts"}],"about":[{"href":"https:\/\/www.europesays.com\/ch-fr\/wp-json\/wp\/v2\/types\/post"}],"author":[{"embeddable":true,"href":"https:\/\/www.europesays.com\/ch-fr\/wp-json\/wp\/v2\/users\/2"}],"replies":[{"embeddable":true,"href":"https:\/\/www.europesays.com\/ch-fr\/wp-json\/wp\/v2\/comments?post=195488"}],"version-history":[{"count":0,"href":"https:\/\/www.europesays.com\/ch-fr\/wp-json\/wp\/v2\/posts\/195488\/revisions"}],"wp:featuredmedia":[{"embeddable":true,"href":"https:\/\/www.europesays.com\/ch-fr\/wp-json\/wp\/v2\/media\/195489"}],"wp:attachment":[{"href":"https:\/\/www.europesays.com\/ch-fr\/wp-json\/wp\/v2\/media?parent=195488"}],"wp:term":[{"taxonomy":"category","embeddable":true,"href":"https:\/\/www.europesays.com\/ch-fr\/wp-json\/wp\/v2\/categories?post=195488"},{"taxonomy":"post_tag","embeddable":true,"href":"https:\/\/www.europesays.com\/ch-fr\/wp-json\/wp\/v2\/tags?post=195488"}],"curies":[{"name":"wp","href":"https:\/\/api.w.org\/{rel}","templated":true}]}}