{"id":196273,"date":"2026-06-29T00:38:15","date_gmt":"2026-06-29T00:38:15","guid":{"rendered":"https:\/\/www.europesays.com\/ch-fr\/196273\/"},"modified":"2026-06-29T00:38:15","modified_gmt":"2026-06-29T00:38:15","slug":"la-suisse-decroche-deux-medailles-en-coupe-du-monde-daviron-a-lucerne","status":"publish","type":"post","link":"https:\/\/www.europesays.com\/ch-fr\/196273\/","title":{"rendered":"La Suisse d\u00e9croche deux m\u00e9dailles en Coupe du monde d\u2019aviron \u00e0 Lucerne"},"content":{"rendered":"<p>Triomphe \u00e0 domicile<\/p>\n<p><img loading=\"lazy\" alt=\"Jonah Plock\u00a0 et Patrick Brunner c\u00e9l\u00e8brent leur m\u00e9daille de bronze en deux sans barreur lors de la Coupe du monde d\u2019aviron au Rotsee, \u00e0 Lucerne.\" width=\"1900\" height=\"1267\" decoding=\"async\" data-nimg=\"1\" style=\"color:transparent\"   src=\"https:\/\/www.europesays.com\/ch-fr\/wp-content\/uploads\/2026\/06\/df449e44-696d-4f1e-931c-32a2d06e1b35.jpg\"\/><\/p>\n<p class=\"text-dark-gray text-small mt-2\">Jonah Plock\u00a0 et Patrick Brunner c\u00e9l\u00e8brent leur m\u00e9daille de bronze en deux sans barreur lors de la Coupe du monde d\u2019aviron au Rotsee, \u00e0 Lucerne.<\/p>\n<p class=\"text-gray text-smaller mt-1\">KEYSTONE<\/p>\n<p class=\"c-stacked-spacing a-paragraph a-paragraph--lead text-h4 leading-26 md:leading-28 text-navy p-4 pb-8 md:px-0 md:pt-8\" data-t-name=\"Paragraph\">Les \u00e9quipages suisses ont brill\u00e9 en Coupe du monde \u00e0 Lucerne dimanche. Sur les cinq bateaux engag\u00e9s, deux d&rsquo;entre eux ont obtenu une m\u00e9daille.<\/p>\n<p><img alt=\"Keystone-ATS\" loading=\"lazy\" width=\"40\" height=\"40\" decoding=\"async\" data-nimg=\"1\" class=\"h-full w-full rounded-full object-cover\" style=\"color:transparent\"  src=\"https:\/\/bluewin-prod-sc-images.imgix.net\/2026\/04\/07\/587e954f-f16e-4287-aa35-2044c2550028.heif?w=96&amp;auto=format&amp;s=98034066b6bd6ea59d6a7b700c2d15ff\"\/><\/p>\n<p class=\"author-names text-navy text-small\">Keystone-ATS<\/p>\n<p><img alt=\"\" aria-hidden=\"true\" loading=\"lazy\" width=\"12\" height=\"12\" decoding=\"async\" data-nimg=\"1\" class=\"mr-1 h-3 w-3\" style=\"color:transparent\"  src=\"https:\/\/www.bluewin.ch\/_next\/static\/media\/021-clock.24ldz2iukf4_m.svg?w=32\"\/>28.06.2026, 16:40<\/p>\n<p class=\"c-paragraph text-standard wrap-break-word text-dark-gray font-thesans w-full\">En deux sans barreur masculin, Jonah Plock et de Patrick Brunner ont r\u00e9ussi \u00e0 bousculer la hi\u00e9rarchie, eux qui n&rsquo;avaient r\u00e9alis\u00e9 que le 5e temps des demi-finales. Deuxi\u00e8mes apr\u00e8s 1500 m, le St-Gallois et le Lucernois ont obtenu le bronze, 0\u00a0\u00bb25 devant la paire espagnole (4e) et \u00e0 3\u00a0\u00bb64 des vainqueurs australiens. Auteurs d&rsquo;une saison 2025 exceptionnelle avec deux podiums en Coupe du monde et une m\u00e9daille de bronze aux Mondiaux, ils repartent de Lucerne avec leur premier r\u00e9sultat probant de 2026.<\/p>\n<p class=\"c-paragraph text-standard wrap-break-word text-dark-gray font-thesans w-full\">En para-aviron, la Tessinoise Caire Ghiringhelli a cueilli sa 2e victoire en Coupe du monde, apr\u00e8s celle acquise en 2025 d\u00e9j\u00e0 sur le Rotsee. Sur son skiff, elle a devanc\u00e9 sa poursuivante su\u00e9doise Ebba Einarsson de pr\u00e8s de 20 secondes.<\/p>\n<p>Prochaine \u00e9tape: les Championnats d&rsquo;Europe \u00e0 Varese<\/p>\n<p class=\"c-paragraph text-standard wrap-break-word text-dark-gray font-thesans w-full\">D\u00e9ception en revanche pour le quatre de couple f\u00e9minin, avec notamment la Genevoise C\u00e9lia Dupr\u00e9 \u00e0 bord. L&rsquo;\u00e9quipage, qui avait r\u00e9alis\u00e9 le 3e temps des demi-finales, a termin\u00e9 5e en finale, \u00e0 plus de quatre secondes de la troisi\u00e8me place.<\/p>\n<p class=\"c-paragraph text-standard wrap-break-word text-dark-gray font-thesans w-full\">Pas d&rsquo;exploits non plus pour les athl\u00e8tes suisses en skiff, o\u00f9 Aurelia-Maxima Janzen a conclu la finale f\u00e9minine \u00e0 la 6e et derni\u00e8re position, tandis que Kai Sch\u00e4tzle s&rsquo;est class\u00e9 au 5e rang chez les messieurs. Les rameurs et rameuses \u00e0 croix blanche ont d\u00e9sormais le regard tourn\u00e9 vers Varese, o\u00f9 se d\u00e9rouleront les prochains Championnats d&rsquo;Europe (du 31 juillet au 2 ao\u00fbt).<\/p>\n","protected":false},"excerpt":{"rendered":"Triomphe \u00e0 domicile Jonah Plock\u00a0 et Patrick Brunner c\u00e9l\u00e8brent leur m\u00e9daille de bronze en deux sans barreur lors&hellip;\n","protected":false},"author":2,"featured_media":196274,"comment_status":"","ping_status":"","sticky":false,"template":"","format":"standard","meta":{"footnotes":"","_share_on_mastodon":"0"},"categories":[8],"tags":[15897,75,23],"class_list":["post-196273","post","type-post","status-publish","format-standard","has-post-thumbnail","category-sports","tag-aviron","tag-sports","tag-suisse"],"share_on_mastodon":{"url":"https:\/\/pubeurope.com\/@ch_fr\/116830608211491747","error":""},"_links":{"self":[{"href":"https:\/\/www.europesays.com\/ch-fr\/wp-json\/wp\/v2\/posts\/196273","targetHints":{"allow":["GET"]}}],"collection":[{"href":"https:\/\/www.europesays.com\/ch-fr\/wp-json\/wp\/v2\/posts"}],"about":[{"href":"https:\/\/www.europesays.com\/ch-fr\/wp-json\/wp\/v2\/types\/post"}],"author":[{"embeddable":true,"href":"https:\/\/www.europesays.com\/ch-fr\/wp-json\/wp\/v2\/users\/2"}],"replies":[{"embeddable":true,"href":"https:\/\/www.europesays.com\/ch-fr\/wp-json\/wp\/v2\/comments?post=196273"}],"version-history":[{"count":0,"href":"https:\/\/www.europesays.com\/ch-fr\/wp-json\/wp\/v2\/posts\/196273\/revisions"}],"wp:featuredmedia":[{"embeddable":true,"href":"https:\/\/www.europesays.com\/ch-fr\/wp-json\/wp\/v2\/media\/196274"}],"wp:attachment":[{"href":"https:\/\/www.europesays.com\/ch-fr\/wp-json\/wp\/v2\/media?parent=196273"}],"wp:term":[{"taxonomy":"category","embeddable":true,"href":"https:\/\/www.europesays.com\/ch-fr\/wp-json\/wp\/v2\/categories?post=196273"},{"taxonomy":"post_tag","embeddable":true,"href":"https:\/\/www.europesays.com\/ch-fr\/wp-json\/wp\/v2\/tags?post=196273"}],"curies":[{"name":"wp","href":"https:\/\/api.w.org\/{rel}","templated":true}]}}