{"id":196947,"date":"2026-06-29T12:41:14","date_gmt":"2026-06-29T12:41:14","guid":{"rendered":"https:\/\/www.europesays.com\/ch-fr\/196947\/"},"modified":"2026-06-29T12:41:14","modified_gmt":"2026-06-29T12:41:14","slug":"national-league-hughes-a-berne-loeffel-rejoint-lausanne","status":"publish","type":"post","link":"https:\/\/www.europesays.com\/ch-fr\/196947\/","title":{"rendered":"National League: Hughes \u00e0 Berne, Loeffel rejoint Lausanne"},"content":{"rendered":"<p>C&rsquo;\u00e9tait dans l&rsquo;air depuis de longues semaines, c&rsquo;est d\u00e9sormais officiel: Connor Hugues (29 ans) quitte Lausanne pour Berne, o\u00f9 il a sign\u00e9 un contrat de 5 ans. En \u00e9change du portier international suisse, les Vaudois ont engag\u00e9 le d\u00e9fenseur Romain Loeffel (35 ans), qui quitte les Ours apr\u00e8s 4 ans dans la capitale.<\/p>\n<p>V\u00e9ritable pilier de National League, Romain Loeffel a disput\u00e9 866 rencontres dans l&rsquo;\u00e9lite du hockey suisse au sein de quatre \u00e9quipes: Fribourg-Gott\u00e9ron, Gen\u00e8ve-Servette, Lugano et Berne. Le Neuch\u00e2telois d\u00e9butera donc sa 19e saison avec le maillot d&rsquo;un troisi\u00e8me club romand. Le Chaux-de-Fonnier a sign\u00e9 \u00e0 Malley pour 2 ans.<\/p>\n<p>D\u00e9fenseur offensif reconnu, Romain Loeffel a inscrit 428 points (dont 120 buts) en National League. Il occupe la 5e place du classement des compteurs parmi les d\u00e9fenseurs dans l\u2019histoire de la ligue. Le num\u00e9ro 58 est \u00e9galement un habitu\u00e9 de la s\u00e9lection helv\u00e9tique avec 164 rencontres et 69 points. Il a disput\u00e9 six Mondiaux pour une m\u00e9daille d&rsquo;argent en 2024.<\/p>\n<p>Hughes remplace Reideborn devant les filets bernois<\/p>\n<p>De son c\u00f4t\u00e9, Connor Hughes rejoint Berne, avec qui il a sign\u00e9 un contrat de 5 ans. Pass\u00e9 par Ambri et Fribourg, avec qui il s&rsquo;est r\u00e9v\u00e9l\u00e9 en 2023-2024, le Canado-Suisse de 29 ans a largement contribu\u00e9 \u00e0 l&rsquo;\u00e9pop\u00e9e lausannoise de 2024, lors de laquelle les Vaudois ont disput\u00e9 la premi\u00e8re finale de leur histoire (d\u00e9faite au match VII face \u00e0 Zurich).<\/p>\n<p>Parti un an tenter sa chance dans l&rsquo;organisation des Canadiens de Montr\u00e9al, il a retrouv\u00e9 Lausanne la saison derni\u00e8re. En concurrence avec Kevin Pasche, il avait finalement perdu sa place de titulaire en playoffs. Connor Hughes sera le portier no1 dans la capitale, le Su\u00e9dois Adam Reideborn quittant les Ours dans le m\u00eame temps. Il sera accompagn\u00e9 par Sandro Zurkirchen (36 ans).<\/p>\n<p class=\"sources\">comm\/btro<\/p>\n","protected":false},"excerpt":{"rendered":"C&rsquo;\u00e9tait dans l&rsquo;air depuis de longues semaines, c&rsquo;est d\u00e9sormais officiel: Connor Hugues (29 ans) quitte Lausanne pour Berne,&hellip;\n","protected":false},"author":2,"featured_media":196948,"comment_status":"","ping_status":"","sticky":false,"template":"","format":"standard","meta":{"footnotes":"","_share_on_mastodon":"0"},"categories":[19],"tags":[2507,25884,2511,7220,855,2515,2250,2517,493,1371,1372,219,177,1373,28070,45327,186,23,1375],"class_list":["post-196947","post","type-post","status-publish","format-standard","has-post-thumbnail","category-lausanne","tag-adam-reideborn","tag-canadiens-de-montreal","tag-connor-hughes-q12364379053","tag-contrat","tag-cp-berne","tag-ehc-kloten","tag-geneve-servette-hockey-club","tag-hc-lugano","tag-hockey","tag-hockey-club-ambri-piotta","tag-hockey-club-fribourg-gotteron","tag-hockey-sur-glace","tag-lausanne","tag-lausanne-hockey-club","tag-romain-loeffel","tag-sandro-zurkirchen","tag-sport","tag-suisse","tag-zurcher-schlittschuh-club-lions"],"share_on_mastodon":{"url":"https:\/\/pubeurope.com\/@ch_fr\/116833451087996566","error":""},"_links":{"self":[{"href":"https:\/\/www.europesays.com\/ch-fr\/wp-json\/wp\/v2\/posts\/196947","targetHints":{"allow":["GET"]}}],"collection":[{"href":"https:\/\/www.europesays.com\/ch-fr\/wp-json\/wp\/v2\/posts"}],"about":[{"href":"https:\/\/www.europesays.com\/ch-fr\/wp-json\/wp\/v2\/types\/post"}],"author":[{"embeddable":true,"href":"https:\/\/www.europesays.com\/ch-fr\/wp-json\/wp\/v2\/users\/2"}],"replies":[{"embeddable":true,"href":"https:\/\/www.europesays.com\/ch-fr\/wp-json\/wp\/v2\/comments?post=196947"}],"version-history":[{"count":0,"href":"https:\/\/www.europesays.com\/ch-fr\/wp-json\/wp\/v2\/posts\/196947\/revisions"}],"wp:featuredmedia":[{"embeddable":true,"href":"https:\/\/www.europesays.com\/ch-fr\/wp-json\/wp\/v2\/media\/196948"}],"wp:attachment":[{"href":"https:\/\/www.europesays.com\/ch-fr\/wp-json\/wp\/v2\/media?parent=196947"}],"wp:term":[{"taxonomy":"category","embeddable":true,"href":"https:\/\/www.europesays.com\/ch-fr\/wp-json\/wp\/v2\/categories?post=196947"},{"taxonomy":"post_tag","embeddable":true,"href":"https:\/\/www.europesays.com\/ch-fr\/wp-json\/wp\/v2\/tags?post=196947"}],"curies":[{"name":"wp","href":"https:\/\/api.w.org\/{rel}","templated":true}]}}