{"id":198027,"date":"2026-06-30T05:32:14","date_gmt":"2026-06-30T05:32:14","guid":{"rendered":"https:\/\/www.europesays.com\/ch-fr\/198027\/"},"modified":"2026-06-30T05:32:14","modified_gmt":"2026-06-30T05:32:14","slug":"un-voleur-de-voiture-toujours-dans-la-nature-deux-auteurs-dun-cambriolage-a-chietres-ont-ete-arretes-a-geneve-et-sion","status":"publish","type":"post","link":"https:\/\/www.europesays.com\/ch-fr\/198027\/","title":{"rendered":"Un voleur de voiture toujours dans la nature. Deux auteurs d\u2019un cambriolage \u00e0 Chi\u00e8tres ont \u00e9t\u00e9 arr\u00eat\u00e9s \u00e0 Gen\u00e8ve et Sion"},"content":{"rendered":"<p class=\"paragraph-1-base\">T\u00f4t le matin du dimanche 21 juin, une voiture et une moto ont \u00e9t\u00e9 vol\u00e9es dans un garage de Chi\u00e8tres. Les deux v\u00e9hicules de luxe ont \u00e9t\u00e9 retrouv\u00e9s le jour m\u00eame et le lendemain par la police cantonale fribourgeoise. Quant aux auteurs pr\u00e9sum\u00e9s du larcin, deux d\u2019entre eux, des ressortissants fran\u00e7ais de 21 et 24\u00a0ans ont \u00e9t\u00e9 pinc\u00e9s les jours suivants \u00e0 Gen\u00e8ve et Sion.<\/p>\n","protected":false},"excerpt":{"rendered":"T\u00f4t le matin du dimanche 21 juin, une voiture et une moto ont \u00e9t\u00e9 vol\u00e9es dans un garage&hellip;\n","protected":false},"author":2,"featured_media":198028,"comment_status":"","ping_status":"","sticky":false,"template":"","format":"standard","meta":{"footnotes":"","_share_on_mastodon":"0"},"categories":[17],"tags":[14943,14944,170,169,9845,23],"class_list":["post-198027","post","type-post","status-publish","format-standard","has-post-thumbnail","category-geneve","tag-chietres","tag-district-du-lac","tag-geneva","tag-geneve","tag-police-cantonale-fribourgeoise","tag-suisse"],"share_on_mastodon":{"url":"https:\/\/pubeurope.com\/@ch_fr\/116837426282042461","error":""},"_links":{"self":[{"href":"https:\/\/www.europesays.com\/ch-fr\/wp-json\/wp\/v2\/posts\/198027","targetHints":{"allow":["GET"]}}],"collection":[{"href":"https:\/\/www.europesays.com\/ch-fr\/wp-json\/wp\/v2\/posts"}],"about":[{"href":"https:\/\/www.europesays.com\/ch-fr\/wp-json\/wp\/v2\/types\/post"}],"author":[{"embeddable":true,"href":"https:\/\/www.europesays.com\/ch-fr\/wp-json\/wp\/v2\/users\/2"}],"replies":[{"embeddable":true,"href":"https:\/\/www.europesays.com\/ch-fr\/wp-json\/wp\/v2\/comments?post=198027"}],"version-history":[{"count":0,"href":"https:\/\/www.europesays.com\/ch-fr\/wp-json\/wp\/v2\/posts\/198027\/revisions"}],"wp:featuredmedia":[{"embeddable":true,"href":"https:\/\/www.europesays.com\/ch-fr\/wp-json\/wp\/v2\/media\/198028"}],"wp:attachment":[{"href":"https:\/\/www.europesays.com\/ch-fr\/wp-json\/wp\/v2\/media?parent=198027"}],"wp:term":[{"taxonomy":"category","embeddable":true,"href":"https:\/\/www.europesays.com\/ch-fr\/wp-json\/wp\/v2\/categories?post=198027"},{"taxonomy":"post_tag","embeddable":true,"href":"https:\/\/www.europesays.com\/ch-fr\/wp-json\/wp\/v2\/tags?post=198027"}],"curies":[{"name":"wp","href":"https:\/\/api.w.org\/{rel}","templated":true}]}}