{"id":198182,"date":"2026-06-30T07:46:11","date_gmt":"2026-06-30T07:46:11","guid":{"rendered":"https:\/\/www.europesays.com\/ch-fr\/198182\/"},"modified":"2026-06-30T07:46:11","modified_gmt":"2026-06-30T07:46:11","slug":"nhl-le-gardien-bernois-akira-schmid-transfere-aux-florida-panthers","status":"publish","type":"post","link":"https:\/\/www.europesays.com\/ch-fr\/198182\/","title":{"rendered":"NHL : Le gardien bernois Akira Schmid transf\u00e9r\u00e9 aux Florida Panthers"},"content":{"rendered":"<p>Akira Schmid change de club au sein de la NHL. Le gardien bernois de 26 ans rejoint les Florida Panthers en \u00e9change d&rsquo;un choix de draft de Las Vegas.<\/p>\n<p>Schmid jouait depuis 2024 pour les Golden Knights. Originaire de l&rsquo;Emmental, il ne figurait plus dans l&rsquo;effectif lors des playoffs, au cours desquels les Knights se sont hiss\u00e9s jusqu&rsquo;en finale. Il a disput\u00e9 34 matches et a affich\u00e9 un pourcentage d&rsquo;arr\u00eats de 89,3% en 25\/26.<\/p>\n<p>De 2021 \u00e0 2024, Schmid \u00e9tait sous contrat avec New Jersey. Rep\u00each\u00e9 par les Devils au 5e tour en 2018, il a d&rsquo;abord disput\u00e9 trois saisons dans les ligues mineures en Am\u00e9rique du Nord.<\/p>\n<p class=\"sources\">sda\/efas<\/p>\n","protected":false},"excerpt":{"rendered":"Akira Schmid change de club au sein de la NHL. Le gardien bernois de 26 ans rejoint les&hellip;\n","protected":false},"author":2,"featured_media":198183,"comment_status":"","ping_status":"","sticky":false,"template":"","format":"standard","meta":{"footnotes":"","_share_on_mastodon":"0"},"categories":[8],"tags":[5538,996,493,219,437,45559,186,75,23,37896],"class_list":["post-198182","post","type-post","status-publish","format-standard","has-post-thumbnail","category-sports","tag-akira-schmid","tag-club","tag-hockey","tag-hockey-sur-glace","tag-nhl","tag-panthers-de-la-floride","tag-sport","tag-sports","tag-suisse","tag-vegas-golden-knights"],"share_on_mastodon":{"url":"https:\/\/pubeurope.com\/@ch_fr\/116837953481180969","error":""},"_links":{"self":[{"href":"https:\/\/www.europesays.com\/ch-fr\/wp-json\/wp\/v2\/posts\/198182","targetHints":{"allow":["GET"]}}],"collection":[{"href":"https:\/\/www.europesays.com\/ch-fr\/wp-json\/wp\/v2\/posts"}],"about":[{"href":"https:\/\/www.europesays.com\/ch-fr\/wp-json\/wp\/v2\/types\/post"}],"author":[{"embeddable":true,"href":"https:\/\/www.europesays.com\/ch-fr\/wp-json\/wp\/v2\/users\/2"}],"replies":[{"embeddable":true,"href":"https:\/\/www.europesays.com\/ch-fr\/wp-json\/wp\/v2\/comments?post=198182"}],"version-history":[{"count":0,"href":"https:\/\/www.europesays.com\/ch-fr\/wp-json\/wp\/v2\/posts\/198182\/revisions"}],"wp:featuredmedia":[{"embeddable":true,"href":"https:\/\/www.europesays.com\/ch-fr\/wp-json\/wp\/v2\/media\/198183"}],"wp:attachment":[{"href":"https:\/\/www.europesays.com\/ch-fr\/wp-json\/wp\/v2\/media?parent=198182"}],"wp:term":[{"taxonomy":"category","embeddable":true,"href":"https:\/\/www.europesays.com\/ch-fr\/wp-json\/wp\/v2\/categories?post=198182"},{"taxonomy":"post_tag","embeddable":true,"href":"https:\/\/www.europesays.com\/ch-fr\/wp-json\/wp\/v2\/tags?post=198182"}],"curies":[{"name":"wp","href":"https:\/\/api.w.org\/{rel}","templated":true}]}}