{"id":199335,"date":"2026-06-30T21:47:20","date_gmt":"2026-06-30T21:47:20","guid":{"rendered":"https:\/\/www.europesays.com\/ch-fr\/199335\/"},"modified":"2026-06-30T21:47:20","modified_gmt":"2026-06-30T21:47:20","slug":"le-cycliste-a-ete-renverse-par-un-camion-un-homme-de-85-ans-est-decede-entre-rossens-et-le-bry-mardi-matin","status":"publish","type":"post","link":"https:\/\/www.europesays.com\/ch-fr\/199335\/","title":{"rendered":"Le cycliste a \u00e9t\u00e9 renvers\u00e9 par un camion. Un homme de 85\u00a0ans est d\u00e9c\u00e9d\u00e9 entre Rossens et Le Bry mardi matin"},"content":{"rendered":"<p class=\"paragraph-1-base\">Un accident tragique s\u2019est produit ce mardi matin \u00e0 Rossens. Vers 10h20, un cycliste de 85\u00a0ans qui venait depuis la route du Mont a \u00e9t\u00e9 fauch\u00e9 par un camion conduit par un homme de 52\u00a0ans. \u00abMalgr\u00e9 l\u2019intervention rapide de tierces personnes, des ambulanciers et du personnel sanitaire de la Rega, le cycliste est d\u00e9c\u00e9d\u00e9 sur place\u00bb, d\u00e9taille la police cantonale dans un communiqu\u00e9.<\/p>\n","protected":false},"excerpt":{"rendered":"Un accident tragique s\u2019est produit ce mardi matin \u00e0 Rossens. Vers 10h20, un cycliste de 85\u00a0ans qui venait&hellip;\n","protected":false},"author":2,"featured_media":199336,"comment_status":"","ping_status":"","sticky":false,"template":"","format":"standard","meta":{"footnotes":"","_share_on_mastodon":"0"},"categories":[4],"tags":[17449,22,318,21,306,9845,15066,23],"class_list":["post-199335","post","type-post","status-publish","format-standard","has-post-thumbnail","category-actualites","tag-accident-mortel","tag-actualites","tag-enquete","tag-news","tag-police","tag-police-cantonale-fribourgeoise","tag-sarine","tag-suisse"],"share_on_mastodon":{"url":"https:\/\/pubeurope.com\/@ch_fr\/116841260317031563","error":""},"_links":{"self":[{"href":"https:\/\/www.europesays.com\/ch-fr\/wp-json\/wp\/v2\/posts\/199335","targetHints":{"allow":["GET"]}}],"collection":[{"href":"https:\/\/www.europesays.com\/ch-fr\/wp-json\/wp\/v2\/posts"}],"about":[{"href":"https:\/\/www.europesays.com\/ch-fr\/wp-json\/wp\/v2\/types\/post"}],"author":[{"embeddable":true,"href":"https:\/\/www.europesays.com\/ch-fr\/wp-json\/wp\/v2\/users\/2"}],"replies":[{"embeddable":true,"href":"https:\/\/www.europesays.com\/ch-fr\/wp-json\/wp\/v2\/comments?post=199335"}],"version-history":[{"count":0,"href":"https:\/\/www.europesays.com\/ch-fr\/wp-json\/wp\/v2\/posts\/199335\/revisions"}],"wp:featuredmedia":[{"embeddable":true,"href":"https:\/\/www.europesays.com\/ch-fr\/wp-json\/wp\/v2\/media\/199336"}],"wp:attachment":[{"href":"https:\/\/www.europesays.com\/ch-fr\/wp-json\/wp\/v2\/media?parent=199335"}],"wp:term":[{"taxonomy":"category","embeddable":true,"href":"https:\/\/www.europesays.com\/ch-fr\/wp-json\/wp\/v2\/categories?post=199335"},{"taxonomy":"post_tag","embeddable":true,"href":"https:\/\/www.europesays.com\/ch-fr\/wp-json\/wp\/v2\/tags?post=199335"}],"curies":[{"name":"wp","href":"https:\/\/api.w.org\/{rel}","templated":true}]}}