{"id":199709,"date":"2026-07-01T06:00:30","date_gmt":"2026-07-01T06:00:30","guid":{"rendered":"https:\/\/www.europesays.com\/ch-fr\/199709\/"},"modified":"2026-07-01T06:00:30","modified_gmt":"2026-07-01T06:00:30","slug":"iron-maiden-a-lyon-un-rappel-integral-un-retour-dinfinite-dreams-et-une-soiree-deja-legendaire-au-groupama-stadium","status":"publish","type":"post","link":"https:\/\/www.europesays.com\/ch-fr\/199709\/","title":{"rendered":"Iron Maiden \u00e0 Lyon : un rappel int\u00e9gral, un retour d\u2019\u201cInfinite Dreams\u201d et une soir\u00e9e d\u00e9j\u00e0 l\u00e9gendaire au Groupama Stadium"},"content":{"rendered":"<p itemprop=\"description\">La tourn\u00e9e Run For Your Lives continue d\u2019\u00e9crire sa propre mythologie. \u00c0 Lyon, au Groupama Stadium, Iron Maiden a offert bien plus qu\u2019un concert anniversaire pour ses 50 ans de carri\u00e8re : une v\u00e9ritable d\u00e9claration d\u2019intention, entre m\u00e9moire, puissance et communion.<\/p>\n<p class=\"PDq2pG_selectionAnchorContainer\"><a href=\"https:\/\/virginradio.fr\/news\/rock\/9245\/iron-maiden-fans-francais-preparez-vous-a-laisser-vos-telephones-a-la-maison\" target=\"_blank\" rel=\"noopener nofollow\">La tourn\u00e9e Run For Your Lives <\/a>continue d\u2019\u00e9crire sa propre mythologie. \u00c0 Lyon, au Groupama Stadium, Iron Maiden a offert bien plus qu\u2019un concert anniversaire pour ses 50 ans de carri\u00e8re : une v\u00e9ritable d\u00e9claration d\u2019intention, entre m\u00e9moire, puissance et communion.<\/p>\n<p><a href=\"https:\/\/virginradio.fr\/news\/metal\/9255\/iron-maiden-une-coupure-de-courant-interrompt-le-concert-de-paris-pendant-pres-d-une-heure\" target=\"_blank\" rel=\"noopener nofollow\">Dans une soir\u00e9e d\u00e9j\u00e0 marqu\u00e9e par une tension particuli\u00e8re apr\u00e8s le concert \u00e9court\u00e9 de Paris \u00e0 cause d&rsquo;une coupure de courant,<\/a> le groupe britannique a fait un choix fort : jouer l\u2019int\u00e9gralit\u00e9 de son rappel \u00e0 Lyon.<\/p>\n<p>\u201cInfinite Dreams\u201d de retour apr\u00e8s 38 ans<\/p>\n<p>Moment suspendu de la soir\u00e9e : \u201cInfinite Dreams\u201d, interpr\u00e9t\u00e9 pour la premi\u00e8re fois depuis 38 ans en live, a pris des allures d\u2019\u00e9v\u00e9nement dans l\u2019\u00e9v\u00e9nement. Rare, presque inattendu, le morceau a rappel\u00e9 \u00e0 quel point le catalogue du groupe reste une mine de tr\u00e9sors encore activables sur sc\u00e8ne.<\/p>\n<p>Bruce Dickinson, toujours monumental malgr\u00e9 la chaleur<\/p>\n<p>Dans une atmosph\u00e8re \u00e9touffante, <a href=\"https:\/\/virginradio.fr\/news\/rock\/9131\/insolite-bruce-dickinson-debarque-en-char-d-assaut-avant-le-concert-d-iron-maiden\" target=\"_blank\" rel=\"noopener nofollow\">Bruce Dickinson<\/a> a une nouvelle fois impressionn\u00e9 par son engagement physique et sc\u00e9nique. S\u2019il a d\u00fb composer avec quelques limites vocales, sa pr\u00e9sence reste intacte, port\u00e9e par une \u00e9nergie qui continue de tenir t\u00eate au temps et aux conditions extr\u00eames des stades d\u2019\u00e9t\u00e9.<\/p>\n<p>Anthrax en ouverture, droit au riff<\/p>\n<p>La soir\u00e9e avait \u00e9t\u00e9 lanc\u00e9e avec efficacit\u00e9 par Anthrax, venus d\u00e9fendre notamment \u201cIt\u2019s For The Kids\u201d, extrait de leur prochain album Cursum Perficio. Une entr\u00e9e en mati\u00e8re sans d\u00e9tour, fid\u00e8le \u00e0 leur approche directe du thrash metal, centr\u00e9e sur le riff et l\u2019impact imm\u00e9diat.<\/p>\n<p>Une tourn\u00e9e qui d\u00e9passe le simple best-of<\/p>\n<p>Avec Run For Your Lives, Iron Maiden refuse de r\u00e9duire son h\u00e9ritage \u00e0 une simple succession de classiques. Le groupe n\u2019a plus besoin de prouver son importance, mais continue de d\u00e9montrer son utilit\u00e9 artistique, en donnant au heavy metal une dimension narrative toujours aussi ambitieuse.<\/p>\n<p>Cette utilit\u00e9 est aussi collective : voir un stade entier chanter \u201cFear Of The Dark\u201d ou \u201cRun To The Hills\u201d rappelle que cette musique reste un langage partag\u00e9, transmis et r\u00e9activ\u00e9 g\u00e9n\u00e9ration apr\u00e8s g\u00e9n\u00e9ration.<\/p>\n<p>Th\u00e9\u00e2tre, m\u00e9moire et communion<\/p>\n<p>Si Anthrax avait ouvert la soir\u00e9e en allant droit au riff, <a href=\"https:\/\/virginradio.fr\/news\/rock\/9028\/iron-maiden-bruce-dickinson-annonce-la-parution-d-une-bd-the-mandrake-project-year-two\" target=\"_blank\" rel=\"noopener nofollow\">Iron Maiden<\/a> l\u2019a prolong\u00e9e dans un registre plus vaste, entre th\u00e9\u00e2tre, m\u00e9moire et communion. Une mont\u00e9e en intensit\u00e9 pens\u00e9e comme un r\u00e9cit, o\u00f9 chaque morceau agit comme une pi\u00e8ce d\u2019un ensemble plus large.<\/p>\n<p>En quittant la sc\u00e8ne, les musiciens ont laiss\u00e9 entendre qu\u2019ils reviendraient \u00e0 Lyon. Rien n\u2019est confirm\u00e9, mais la porte est ouverte.<\/p>\n<p data-is-last-node=\"\" data-is-only-node=\"\">\u00a0<\/p>\n<p>&#13;<br \/>\n&#13;<\/p>\n","protected":false},"excerpt":{"rendered":"La tourn\u00e9e Run For Your Lives continue d\u2019\u00e9crire sa propre mythologie. \u00c0 Lyon, au Groupama Stadium, Iron Maiden&hellip;\n","protected":false},"author":2,"featured_media":199710,"comment_status":"","ping_status":"","sticky":false,"template":"","format":"standard","meta":{"footnotes":"","_share_on_mastodon":"0"},"categories":[12],"tags":[694,22,384,3035,113,3030,3027,1570,112,3032,1430,696,3033,3031,3038,3029,140,141,3036,3037,3039,1091,117,3034,3040,673,3028,23,3024,3026,3025],"class_list":["post-199709","post","type-post","status-publish","format-standard","has-post-thumbnail","category-musique","tag-actu","tag-actualites","tag-cinema","tag-dab","tag-divertissement","tag-ecoute","tag-electro","tag-emission","tag-entertainment","tag-equipe","tag-fm","tag-info","tag-information","tag-infos","tag-interviews-rock","tag-journal","tag-music","tag-musique","tag-musique-rock","tag-nouveautes-rock","tag-playlists-rock","tag-podcast","tag-radio","tag-radio-en-ligne","tag-radio-rock","tag-rock","tag-station","tag-suisse","tag-virgin","tag-virgin-radio","tag-virginradio"],"share_on_mastodon":{"url":"https:\/\/pubeurope.com\/@ch_fr\/116843198896537594","error":""},"_links":{"self":[{"href":"https:\/\/www.europesays.com\/ch-fr\/wp-json\/wp\/v2\/posts\/199709","targetHints":{"allow":["GET"]}}],"collection":[{"href":"https:\/\/www.europesays.com\/ch-fr\/wp-json\/wp\/v2\/posts"}],"about":[{"href":"https:\/\/www.europesays.com\/ch-fr\/wp-json\/wp\/v2\/types\/post"}],"author":[{"embeddable":true,"href":"https:\/\/www.europesays.com\/ch-fr\/wp-json\/wp\/v2\/users\/2"}],"replies":[{"embeddable":true,"href":"https:\/\/www.europesays.com\/ch-fr\/wp-json\/wp\/v2\/comments?post=199709"}],"version-history":[{"count":0,"href":"https:\/\/www.europesays.com\/ch-fr\/wp-json\/wp\/v2\/posts\/199709\/revisions"}],"wp:featuredmedia":[{"embeddable":true,"href":"https:\/\/www.europesays.com\/ch-fr\/wp-json\/wp\/v2\/media\/199710"}],"wp:attachment":[{"href":"https:\/\/www.europesays.com\/ch-fr\/wp-json\/wp\/v2\/media?parent=199709"}],"wp:term":[{"taxonomy":"category","embeddable":true,"href":"https:\/\/www.europesays.com\/ch-fr\/wp-json\/wp\/v2\/categories?post=199709"},{"taxonomy":"post_tag","embeddable":true,"href":"https:\/\/www.europesays.com\/ch-fr\/wp-json\/wp\/v2\/tags?post=199709"}],"curies":[{"name":"wp","href":"https:\/\/api.w.org\/{rel}","templated":true}]}}