{"id":199821,"date":"2026-07-01T07:54:12","date_gmt":"2026-07-01T07:54:12","guid":{"rendered":"https:\/\/www.europesays.com\/ch-fr\/199821\/"},"modified":"2026-07-01T07:54:12","modified_gmt":"2026-07-01T07:54:12","slug":"festival-daix-2026-parcours-initiatiques-jeunesse-et-enfance-en-majeste","status":"publish","type":"post","link":"https:\/\/www.europesays.com\/ch-fr\/199821\/","title":{"rendered":"Festival d&rsquo;Aix 2026 : parcours initiatiques, jeunesse et enfance en majest\u00e9"},"content":{"rendered":"<p>La nuit tomb\u00e9e, sous l\u2019\u0153il plein d\u2019autorit\u00e9 du Roi Ren\u00e9, des violons fi\u00e9vreux ont fait transpirer tout le cours Mirabeau, lundi 29\u00a0juin 2026. <a href=\"https:\/\/www.laprovence.com\/article\/culture-loisirs\/13836414446447\/festival-d-aix-la-distribution-de-la-flute-enchantee-investit-gratuitement-le-cours-mirabeau-ce-lundi\" target=\"_blank\" rel=\"nofollow noopener\">Le grand concert gratuit Parade [s] du Festival d\u2019Aix<\/a> a cl\u00f4tur\u00e9 de la plus belle des fa\u00e7ons Aix en juin et lanc\u00e9 le d\u00e9but du festival de juillet.<\/p>\n<p>Par ces temp\u00e9ratures caniculaires, le chef argentin Leonardo Garc\u00eda-Alarc\u00f3n et son ensemble Cappella Mediterranea ont choisi d\u2019abord de rendre hommage \u00e0 l\u2019\u00e9t\u00e9 en reprenant <a href=\"https:\/\/www.youtube.com\/watch?v=IaP0P8YDIsQ&amp;list=RDIaP0P8YDIsQ&amp;start_radio=1&amp;pp=ygUZcGlhenpvbGxhIHZlcmFubyBwb3J0ZcOxb6AHAQ%3D%3D\" target=\"_blank\" rel=\"nofollow noopener\">le Verano Porte\u00f1o du ma\u00eetre du tango Astor Piazzolla<\/a>, puis <a href=\"https:\/\/www.youtube.com\/watch?v=g65oWFMSoK0&amp;list=RDg65oWFMSoK0&amp;start_radio=1\" target=\"_blank\" rel=\"nofollow noopener\">L\u2019\u00c9t\u00e9<\/a> de Vivaldi, chef-d\u2019\u0153uvre \u00e0 la fra\u00eecheur imp\u00e9rissable.<\/p>\n<p>En dialogue fougueux avec l\u2019orchestre, le violon solo v\u00e9n\u00e9zuelien Pablo Agudo L\u00f3pez s\u2019est brillamment illustr\u00e9. \u00c0 23\u00a0ans seulement, le violoniste aux longs cheveux boucl\u00e9s et au jeu remarquablement d\u00e9tach\u00e9 et incisif a offert un spectacle hallucinant. Le jeune virtuose a \u00e9galement offert un moment suspendu avec El Pajarillo, pi\u00e8ce embl\u00e9matique du r\u00e9pertoire v\u00e9n\u00e9zu\u00e9lien, <a href=\"https:\/\/www.laprovence.com\/article\/france-monde\/68449429270242\/double-seisme-au-venezuela-plus-de-58-000-batiments-abimes-ou-detruits-selon-des-donnees-satellite\" target=\"_blank\" rel=\"nofollow noopener\">en hommage \u00e0 son peuple<\/a>. Un autre hommage a ensuite \u00e9t\u00e9 rendu \u00e0 la journaliste Edmonde Charles-Roux, dix ans apr\u00e8s sa disparition en\u00a02016, soutien fid\u00e8le du Festival pendant des d\u00e9cennies.<\/p>\n<p>Rejoints par le Choeur de chambre de Namur, les solistes de&#8230;<\/p>\n","protected":false},"excerpt":{"rendered":"La nuit tomb\u00e9e, sous l\u2019\u0153il plein d\u2019autorit\u00e9 du Roi Ren\u00e9, des violons fi\u00e9vreux ont fait transpirer tout le&hellip;\n","protected":false},"author":2,"featured_media":199822,"comment_status":"","ping_status":"","sticky":false,"template":"","format":"standard","meta":{"footnotes":"","_share_on_mastodon":"0"},"categories":[10],"tags":[449,172,11835,113,3754,112,650,45889,4828,6785,23],"class_list":["post-199821","post","type-post","status-publish","format-standard","has-post-thumbnail","category-divertissement","tag-449","tag-culture","tag-daix","tag-divertissement","tag-enfance","tag-entertainment","tag-festival","tag-initiatiques","tag-jeunesse","tag-parcours","tag-suisse"],"share_on_mastodon":{"url":"https:\/\/pubeurope.com\/@ch_fr\/116843647080035476","error":""},"_links":{"self":[{"href":"https:\/\/www.europesays.com\/ch-fr\/wp-json\/wp\/v2\/posts\/199821","targetHints":{"allow":["GET"]}}],"collection":[{"href":"https:\/\/www.europesays.com\/ch-fr\/wp-json\/wp\/v2\/posts"}],"about":[{"href":"https:\/\/www.europesays.com\/ch-fr\/wp-json\/wp\/v2\/types\/post"}],"author":[{"embeddable":true,"href":"https:\/\/www.europesays.com\/ch-fr\/wp-json\/wp\/v2\/users\/2"}],"replies":[{"embeddable":true,"href":"https:\/\/www.europesays.com\/ch-fr\/wp-json\/wp\/v2\/comments?post=199821"}],"version-history":[{"count":0,"href":"https:\/\/www.europesays.com\/ch-fr\/wp-json\/wp\/v2\/posts\/199821\/revisions"}],"wp:featuredmedia":[{"embeddable":true,"href":"https:\/\/www.europesays.com\/ch-fr\/wp-json\/wp\/v2\/media\/199822"}],"wp:attachment":[{"href":"https:\/\/www.europesays.com\/ch-fr\/wp-json\/wp\/v2\/media?parent=199821"}],"wp:term":[{"taxonomy":"category","embeddable":true,"href":"https:\/\/www.europesays.com\/ch-fr\/wp-json\/wp\/v2\/categories?post=199821"},{"taxonomy":"post_tag","embeddable":true,"href":"https:\/\/www.europesays.com\/ch-fr\/wp-json\/wp\/v2\/tags?post=199821"}],"curies":[{"name":"wp","href":"https:\/\/api.w.org\/{rel}","templated":true}]}}