{"id":201593,"date":"2026-07-02T12:10:23","date_gmt":"2026-07-02T12:10:23","guid":{"rendered":"https:\/\/www.europesays.com\/ch-fr\/201593\/"},"modified":"2026-07-02T12:10:23","modified_gmt":"2026-07-02T12:10:23","slug":"football-quelle-est-lequipe-de-suisse-ideale-des-archives-rts","status":"publish","type":"post","link":"https:\/\/www.europesays.com\/ch-fr\/201593\/","title":{"rendered":"Football : quelle est l&rsquo;\u00e9quipe de Suisse id\u00e9ale des archives RTS ?"},"content":{"rendered":"<p>On ne doute pas du talent de Manzambi, Embolo, Kobel, Akanji ou Xhaka qui d\u00e9fendent actuellement les couleurs suisses lors de la Coupe du monde de football. Dans un esprit ludique, fa\u00e7on album Panini, nous avons eu envie de composer une autre Nati id\u00e9ale, s\u00e9lectionn\u00e9e parmi les talents suisses des 60 derni\u00e8res ann\u00e9es.<\/p>\n<p>Pr\u00e9sent\u00e9e comme un album Panini interactif\u202f: passez la souris sur les cartes pour en savoir plus. <\/p>\n<p>\u00c0 vous d\u2019essayer !<\/p>\n<p>Les attaquants       <img decoding=\"async\" src=\"https:\/\/www.europesays.com\/ch-fr\/wp-content\/uploads\/2026\/07\/z4wm6x-28570320.image.jpeg\"\/>   <\/p>\n<p class=\"flip-card-title\">Attaquant<\/p>\n<p>Xherdan Shaqiri a \u00e9t\u00e9 un pilier de la Nati avec 125 s\u00e9lections et 32 buts, participant \u00e0 4 Coupes du monde et 3 Euros. Joueur d\u00e9cisif, il s\u2019est distingu\u00e9 par ses buts importants, devenant l\u2019un des meilleurs joueurs de l\u2019histoire de la Nati.<\/p>\n<p>       <img decoding=\"async\" src=\"https:\/\/www.europesays.com\/ch-fr\/wp-content\/uploads\/2026\/07\/fmwckf-27443059.image.jpeg\"\/>   <\/p>\n<p class=\"flip-card-title\">Attaquant<\/p>\n<p>Alexander Frei d\u00e9tient le record de buts avec l\u2019\u00e9quipe nationale, soit 42 en 84 matches. Il est le prototype m\u00eame du renard des surfaces et devient le meilleur buteur de la Ligue 1 fran\u00e7aise avec le Stade rennais en 2005.<\/p>\n<p>       <img decoding=\"async\" src=\"https:\/\/www.europesays.com\/ch-fr\/wp-content\/uploads\/2026\/07\/bj4syw-27443103.image.jpeg\"\/>   <\/p>\n<p class=\"flip-card-title\">Attaquant<\/p>\n<p>Le Neuch\u00e2telois Charles Antenen surnomm\u00e9 Kiki, a \u00e9t\u00e9 un attaquant prolifique avec l\u2019\u00e9quipe de Suisse : 22 buts en 56 matches. Il a particip\u00e9 \u00e0 3 phases finales de Coupe du monde, en 1950, 1954 et 1962.<\/p>\n<p>Et \u00e0 la pointe de l&rsquo;attaque, Xherdan Shaqiri, figure incontournable de la Nati. Un portrait \u00e0 travers sept r\u00e9alisations marquantes inscrites lors de la Coupe du monde 2014, de l\u2019Euro 2016, du Mondial 2018 et de l\u2019Euro 2020.<\/p>\n<p>   <img decoding=\"async\" class=\"embed-responsive-item\" loading=\"lazy\" src=\"https:\/\/www.europesays.com\/ch-fr\/wp-content\/uploads\/2026\/07\/erzrpe-29286348.image.jpeg\" alt=\"Les buts de Xherdan Shaqiri\"\/>    Les buts de Xherdan Shaqiri \/ Football \/ 2 min. \/ le 2 juillet 2021 Les milieux de terrain       <img decoding=\"async\" src=\"https:\/\/www.europesays.com\/ch-fr\/wp-content\/uploads\/2026\/07\/6q2zyn-27442760.image.jpeg\"\/>   <\/p>\n<p class=\"flip-card-title\">Milieu de terrain<\/p>\n<p>Meneur de jeu remarquable, le Valaisan Umberto Barberis, adroit techniquement et souvent buteur, fait partie de la fabuleuse \u00e9quipe du Servette de 1979. 54 capes et 7 buts avec l\u2019\u00e9quipe de Suisse.<\/p>\n<p>       <img decoding=\"async\" src=\"https:\/\/www.europesays.com\/ch-fr\/wp-content\/uploads\/2026\/07\/j4k9fd-27442482.image.png\"\/>   <\/p>\n<p class=\"flip-card-title\">Milieu de terrain<\/p>\n<p>Un des joueurs les plus cap\u00e9s de l\u2019\u00e9quipe de Suisse : 118 s\u00e9lections et 15 buts sous le maillot national. Le grand Zurichois Heinz Hermann est un meneur de jeu \u00e9l\u00e9gant et travailleur.<\/p>\n<p>       <img decoding=\"async\" src=\"https:\/\/www.europesays.com\/ch-fr\/wp-content\/uploads\/2026\/07\/llp7vd-27442178.image.png\"\/>   <\/p>\n<p class=\"flip-card-title\">Milieu de terrain<\/p>\n<p>K\u00f6bi Kuhn incarne la cr\u00e9ativit\u00e9 et l\u2019\u00e9l\u00e9gance du milieu de terrain suisse des ann\u00e9es 1960 et 1970. Sa science du jeu lui permettra de diriger avec succ\u00e8s la Nati, en tant que s\u00e9lectionneur, de 2001 \u00e0 2008.<\/p>\n<p>Avant de devenir l\u2019entra\u00eeneur de la Nati, K\u00f6bi Kuhn a \u00e9volu\u00e9 en tant que milieu de terrain au sein de l\u2019\u00e9quipe nationale suisse de football. Fort de cette exp\u00e9rience sur le terrain, il revient sur sa carri\u00e8re internationale et sur les moments marquants de son parcours avec la s\u00e9lection.<\/p>\n<p>   <img decoding=\"async\" class=\"embed-responsive-item\" loading=\"lazy\" src=\"https:\/\/www.europesays.com\/ch-fr\/wp-content\/uploads\/2026\/07\/js5b2b-29286316.image.jpeg\" alt=\"K\u00f6bi Kuhn et la Nati\"\/>    K\u00f6bi Kuhn et la Nati \/ Passion sport \/ 5 min. \/ le 29 octobre 2003 Les d\u00e9fenseurs       <img decoding=\"async\" src=\"https:\/\/www.europesays.com\/ch-fr\/wp-content\/uploads\/2026\/07\/nh0889-27442327.image.jpeg\"\/>   <\/p>\n<p class=\"flip-card-title\">D\u00e9fenseur<\/p>\n<p>Consid\u00e9r\u00e9 comme l\u2019un des meilleurs d\u00e9fenseurs de Ligue 1 fran\u00e7aise lors de ses 6 saisons avec l\u2019Olympique lyonnais, le Genevois Patrick M\u00fcller est un leader naturel, toujours calme et pos\u00e9.<\/p>\n<p>       <img decoding=\"async\" src=\"https:\/\/www.europesays.com\/ch-fr\/wp-content\/uploads\/2026\/07\/bg4f04-27442751.image.jpeg\"\/>   <\/p>\n<p class=\"flip-card-title\">Lib\u00e9ro<\/p>\n<p>Le Vaudois Gabet Chapuisat a jou\u00e9 34 matches en \u00e9quipe de Suisse entre 1969 et 1979. Connu pour son temp\u00e9rament, il est d\u2019abord un lib\u00e9ro de talent dont la technique fait merveille \u00e0 la relance.<\/p>\n<p>       <img decoding=\"async\" src=\"https:\/\/www.europesays.com\/ch-fr\/wp-content\/uploads\/2026\/07\/ni46bu-27442517.image.jpeg\"\/>   <\/p>\n<p class=\"flip-card-title\">D\u00e9fenseur central<\/p>\n<p>D\u00e9fenseur central solide et rigoureux, Alain Geiger a port\u00e9 \u00e0 112 reprises le maillot de la Nati, souvent comme capitaine. Il a \u00e9t\u00e9 le pilier de la d\u00e9fense suisse lors de la belle phase finale de 1994 aux USA.<\/p>\n<p>       <img decoding=\"async\" src=\"https:\/\/www.europesays.com\/ch-fr\/wp-content\/uploads\/2026\/07\/gfgl1a-27443104.image.jpeg\"\/>   <\/p>\n<p class=\"flip-card-title\">D\u00e9fenseur<\/p>\n<p>Lat\u00e9ral droit incisif et rapide, le Lausannois Marc Hottiger a \u00e9t\u00e9 rep\u00e9r\u00e9 lors de la coupe du monde de 1994 par Kevin Keegan qui le fait venir \u00e0 Newcastle. Une r\u00e9f\u00e9rence.<\/p>\n<p>Ce reportage de l&rsquo;\u00e9mission Cam\u00e9ra-Sport sur l&rsquo;\u00e9quipe suisse de football a \u00e9t\u00e9 tourn\u00e9 en 1971 au centre d&rsquo;entra\u00eenement de Macolin. La Nati est alors entra\u00een\u00e9e par Louis Maurer et compte dans ses rangs des joueurs embl\u00e9matiques comme Gabet Chapuisat, Karl Odermatt ou K\u00f6bi Kuhn.<\/p>\n<p>   <img decoding=\"async\" class=\"embed-responsive-item\" loading=\"lazy\" src=\"https:\/\/www.europesays.com\/ch-fr\/wp-content\/uploads\/2026\/07\/us9yka-26187676.image.png\" alt=\"Portrait collectif de la Nati en 1971, entra\u00een\u00e9 alors par Louis Maurer.\"\/>    L&rsquo;\u00e9quipe de Suisse de football \/ Cam\u00e9ra-sport \/ 17 min. \/ le 28 mai 1971 Le gardien         <img decoding=\"async\" src=\"https:\/\/www.europesays.com\/ch-fr\/wp-content\/uploads\/2026\/07\/c6zujb-27692512.image.jpeg\"\/>   <\/p>\n<p class=\"flip-card-title\">Gardien<\/p>\n<p>Yann Sommer a d\u00e9fendu les buts suisses pendant plus de 10 ans, totalisant 94 s\u00e9lections et disputant 3 phases finales de coupe du monde en 2014, 2018 et 2022.<\/p>\n<p>On se souvient notamment de Yann Sommer quand il arr\u00eate le tir aux buts de Kylian Mbapp\u00e9 en 2021 en 8e de finale de l\u2019Euro 2021. Mais c\u2019est aussi en coupe du monde qu\u2019il marque les esprits.<\/p>\n<p>En 2014, il est d\u00e9j\u00e0 une figure tr\u00e8s appr\u00e9ci\u00e9e du football suisse et il prend du galon : en remplacement du gardien de la Nati Diego Benaglio qui se retire, le jeune portier devient le d\u00e9fenseur num\u00e9ro 1 des cages helv\u00e9tiques. Portrait d&rsquo;un joueur talenteux et dont la personnalit\u00e9 a su gagner la sympathie des fans de foot : Yann Sommer, le copain des Suisses&#8230;<\/p>\n<p>   <img decoding=\"async\" class=\"embed-responsive-item\" loading=\"lazy\" src=\"https:\/\/www.europesays.com\/ch-fr\/wp-content\/uploads\/2026\/07\/lsga4l-28603802.image.jpeg\" alt=\"Yann Sommer, l'ami des Suisses\"\/>    Yann Sommer, num\u00e9ro 1 \/ 19h30 \/ 1 min. \/ le 3 septembre 2014 Nati version \u00ab\u00a0Murat Yakin\u00a0\u00bb ou version \u00ab\u00a0archives\u00a0\u00bb, un seul mot d&rsquo;ordre pour la suite de ce Mundial : <\/p>\n<p class=\"q-text\">Hop Suisse !!!!!<\/p>\n<p class=\"sources\">Salom\u00e9 Breguet pour Les archives de la RTS<\/p>\n","protected":false},"excerpt":{"rendered":"On ne doute pas du talent de Manzambi, Embolo, Kobel, Akanji ou Xhaka qui d\u00e9fendent actuellement les couleurs&hellip;\n","protected":false},"author":2,"featured_media":201594,"comment_status":"","ping_status":"","sticky":false,"template":"","format":"standard","meta":{"footnotes":"","_share_on_mastodon":"0"},"categories":[8],"tags":[647,8194,1009,5438,10565,998,182,5494,46196,46197,5496,186,75,23,1224,8059],"class_list":["post-201593","post","type-post","status-publish","format-standard","has-post-thumbnail","category-sports","tag-album","tag-archives","tag-competition-sportive","tag-couleur","tag-coupe-du-monde-de-football","tag-equipe-suisse-masculine-de-football","tag-football","tag-grands-formats","tag-kobi-kuhn","tag-panini","tag-rts-archives","tag-sport","tag-sports","tag-suisse","tag-victoire","tag-yann-sommer"],"share_on_mastodon":{"url":"https:\/\/pubeurope.com\/@ch_fr\/116850316653329728","error":""},"_links":{"self":[{"href":"https:\/\/www.europesays.com\/ch-fr\/wp-json\/wp\/v2\/posts\/201593","targetHints":{"allow":["GET"]}}],"collection":[{"href":"https:\/\/www.europesays.com\/ch-fr\/wp-json\/wp\/v2\/posts"}],"about":[{"href":"https:\/\/www.europesays.com\/ch-fr\/wp-json\/wp\/v2\/types\/post"}],"author":[{"embeddable":true,"href":"https:\/\/www.europesays.com\/ch-fr\/wp-json\/wp\/v2\/users\/2"}],"replies":[{"embeddable":true,"href":"https:\/\/www.europesays.com\/ch-fr\/wp-json\/wp\/v2\/comments?post=201593"}],"version-history":[{"count":0,"href":"https:\/\/www.europesays.com\/ch-fr\/wp-json\/wp\/v2\/posts\/201593\/revisions"}],"wp:featuredmedia":[{"embeddable":true,"href":"https:\/\/www.europesays.com\/ch-fr\/wp-json\/wp\/v2\/media\/201594"}],"wp:attachment":[{"href":"https:\/\/www.europesays.com\/ch-fr\/wp-json\/wp\/v2\/media?parent=201593"}],"wp:term":[{"taxonomy":"category","embeddable":true,"href":"https:\/\/www.europesays.com\/ch-fr\/wp-json\/wp\/v2\/categories?post=201593"},{"taxonomy":"post_tag","embeddable":true,"href":"https:\/\/www.europesays.com\/ch-fr\/wp-json\/wp\/v2\/tags?post=201593"}],"curies":[{"name":"wp","href":"https:\/\/api.w.org\/{rel}","templated":true}]}}