{"id":203133,"date":"2026-07-03T12:51:13","date_gmt":"2026-07-03T12:51:13","guid":{"rendered":"https:\/\/www.europesays.com\/ch-fr\/203133\/"},"modified":"2026-07-03T12:51:13","modified_gmt":"2026-07-03T12:51:13","slug":"attentat-de-monaco-une-femme-deguisee-en-homme-recherchee","status":"publish","type":"post","link":"https:\/\/www.europesays.com\/ch-fr\/203133\/","title":{"rendered":"Attentat de Monaco : une femme d\u00e9guis\u00e9e en homme recherch\u00e9e"},"content":{"rendered":"<p>Interpol recherche une femme qui se serait fait passer pour un homme afin de commettre l&rsquo;attentat \u00e0 la bombe qui a \u00e9branl\u00e9 Monaco lundi. Un homme d&rsquo;affaires d&rsquo;origine ukrainienne, son \u00e9pouse et leur fils ont \u00e9t\u00e9 bless\u00e9s.<\/p>\n<p>La suspecte, une Ukrainienne, dont le \u00ab\u00a0dernier domicile connu\u00a0\u00bb est en Allemagne, a pris la fuite via la France puis l&rsquo;Italie dans une voiture de location, a pr\u00e9cis\u00e9 vendredi le procureur adjoint de la principaut\u00e9 Morgan Raymond.<\/p>\n<p>Lundi soir, une personne a d\u00e9pos\u00e9 un colis \u00e0 l&rsquo;entr\u00e9e d&rsquo;un petit immeuble de la principaut\u00e9 de Monaco, dans un quartier directement frontalier du territoire fran\u00e7ais. Peu apr\u00e8s, un engin explosif s&rsquo;est d\u00e9clench\u00e9 au moment o\u00f9 rentraient trois habitants de l&rsquo;immeuble, un couple et un adolescent de 13 ans, qui ont \u00e9t\u00e9 gri\u00e8vement bless\u00e9s.<\/p>\n<p>&gt;&gt; A relire\u00a0: <a href=\"https:\/\/www.rts.ch\/info\/monde\/2026\/article\/monaco-l-oligarque-vadim-ermolaev-blesse-par-un-colis-piege-29290177.html\" data-item-id=\"richtext_link\" rel=\"nofollow noopener\" target=\"_blank\">Un oligarque ukrainien et sa famille bless\u00e9s dans une explosion \u00e0 Monaco<\/a><\/p>\n<p>Une photo de vid\u00e9osurveillance suppos\u00e9e montrer un suspect de l&rsquo;attaque a circul\u00e9. On y voit une personne que la plupart des gens ont pris pour un homme, le visage en grande partie dissimul\u00e9 par un bob noir, portant un pantalon clair et un haut noir.<\/p>\n<p>Mais une \u00ab\u00a0exploitation plus large de la vid\u00e9osurveillance urbaine\u00a0\u00bb et le t\u00e9moignage d&rsquo;une personne entr\u00e9e en contact avec la suspecte ont permis d'\u00a0\u00bborienter les recherches vers une personne de sexe f\u00e9minin\u00a0\u00bb, qui aurait effectu\u00e9 plusieurs rep\u00e9rages les jours pr\u00e9c\u00e9dents l&rsquo;explosion et \u00ab\u00a0qui se serait grim\u00e9e en homme\u00a0\u00bb, a pr\u00e9cis\u00e9 Morgan Raymond.<\/p>\n<p>Le d\u00e9roulement de l&rsquo;attaque semble n\u00e9anmoins \u00ab\u00a0indiquer que la personne ayant pos\u00e9 l&rsquo;engin explosif n&rsquo;a pas agi seule\u00a0\u00bb, a pr\u00e9cis\u00e9 le magistrat.<\/p>\n<p>L&rsquo;\u00e9pouse toujours entre la vie et la mort<\/p>\n<p>Les autorit\u00e9s mon\u00e9gasques se refusent toujours \u00e0 confirmer l&rsquo;identit\u00e9 des victimes, mais, selon des sources concordantes, l&rsquo;attaque a vis\u00e9 Vadim Ermolaev, 58 ans, richissime homme d&rsquo;affaires originaire d&rsquo;Ukraine et d\u00e9sormais de nationalit\u00e9 chypriote, ainsi que sa compagne et son fils.<\/p>\n<p>Ce dernier a \u00e9t\u00e9 admis en urgence relative \u00e0 l&rsquo;h\u00f4pital pour enfants Lenval de Nice, tandis que les deux adultes, dont le pronostic vital \u00e9tait engag\u00e9, ont \u00e9t\u00e9 conduits au CHU de Nice. Mercredi, l&rsquo;homme n&rsquo;\u00e9tait plus entre la vie et la mort mais l&rsquo;\u00e9tat de la femme n&rsquo;\u00e9tait pas stabilis\u00e9.<\/p>\n<p>R\u00e9sidant \u00e0 Monaco depuis au moins 2021, Vadim Ermolaev fait l&rsquo;objet depuis d\u00e9cembre 2023 de sanctions en Ukraine pour ses activit\u00e9s commerciales en Crim\u00e9e, annex\u00e9e par la Russie.<\/p>\n<p class=\"sources\">ats\/ami<\/p>\n","protected":false},"excerpt":{"rendered":"Interpol recherche une femme qui se serait fait passer pour un homme afin de commettre l&rsquo;attentat \u00e0 la&hellip;\n","protected":false},"author":2,"featured_media":203134,"comment_status":"","ping_status":"","sticky":false,"template":"","format":"standard","meta":{"footnotes":"","_share_on_mastodon":"0"},"categories":[4],"tags":[10943,22,502,2926,13823,5326,1384,503,1795,504,12896,1385,23097,4165,421,21,23,20941,247,46449],"class_list":["post-203133","post","type-post","status-publish","format-standard","has-post-thumbnail","category-actualites","tag-acte-de-terrorisme","tag-actualites","tag-agression","tag-attaque","tag-attaque-terroriste","tag-bombe","tag-conflit","tag-criminalite","tag-deces","tag-droit-et-justice","tag-epouse","tag-guerre-et-paix","tag-interpol","tag-monaco","tag-monde","tag-news","tag-suisse","tag-suspect","tag-ukraine","tag-vadym-yermolaiev"],"share_on_mastodon":{"url":"https:\/\/pubeurope.com\/@ch_fr\/116856139632654168","error":""},"_links":{"self":[{"href":"https:\/\/www.europesays.com\/ch-fr\/wp-json\/wp\/v2\/posts\/203133","targetHints":{"allow":["GET"]}}],"collection":[{"href":"https:\/\/www.europesays.com\/ch-fr\/wp-json\/wp\/v2\/posts"}],"about":[{"href":"https:\/\/www.europesays.com\/ch-fr\/wp-json\/wp\/v2\/types\/post"}],"author":[{"embeddable":true,"href":"https:\/\/www.europesays.com\/ch-fr\/wp-json\/wp\/v2\/users\/2"}],"replies":[{"embeddable":true,"href":"https:\/\/www.europesays.com\/ch-fr\/wp-json\/wp\/v2\/comments?post=203133"}],"version-history":[{"count":0,"href":"https:\/\/www.europesays.com\/ch-fr\/wp-json\/wp\/v2\/posts\/203133\/revisions"}],"wp:featuredmedia":[{"embeddable":true,"href":"https:\/\/www.europesays.com\/ch-fr\/wp-json\/wp\/v2\/media\/203134"}],"wp:attachment":[{"href":"https:\/\/www.europesays.com\/ch-fr\/wp-json\/wp\/v2\/media?parent=203133"}],"wp:term":[{"taxonomy":"category","embeddable":true,"href":"https:\/\/www.europesays.com\/ch-fr\/wp-json\/wp\/v2\/categories?post=203133"},{"taxonomy":"post_tag","embeddable":true,"href":"https:\/\/www.europesays.com\/ch-fr\/wp-json\/wp\/v2\/tags?post=203133"}],"curies":[{"name":"wp","href":"https:\/\/api.w.org\/{rel}","templated":true}]}}