{"id":204397,"date":"2026-07-04T10:43:17","date_gmt":"2026-07-04T10:43:17","guid":{"rendered":"https:\/\/www.europesays.com\/ch-fr\/204397\/"},"modified":"2026-07-04T10:43:17","modified_gmt":"2026-07-04T10:43:17","slug":"la-comtesse-de-monte-cristo-audrey-fleurot-sa-mise-au-point-sur-le-film-avec-pierre-niney","status":"publish","type":"post","link":"https:\/\/www.europesays.com\/ch-fr\/204397\/","title":{"rendered":"\u00ab\u00a0La comtesse de Monte-Cristo\u00a0\u00bb : Audrey Fleurot, sa mise au point sur le film avec Pierre Niney"},"content":{"rendered":"<p>        R\u00e9sum\u00e9<\/p>\n<p>Audrey Fleurot pr\u00e9cise que la mini-s\u00e9rie La comtesse de Monte-Cristo adopte un point de vue in\u00e9dit, explorant de nouveaux lieux et moments du c\u00e9l\u00e8bre r\u00e9cit d&rsquo;Alexandre Dumas.<\/p>\n<p>          Sommaire<\/p>\n<p><img loading=\"lazy\" width=\"150\" height=\"150\" src=\"data:image\/svg+xml,%3Csvg%20xmlns=\" http:=\"\" alt=\"\" decoding=\"async\" data-lazy-src=\"https:\/\/www.europesays.com\/ch-fr\/wp-content\/uploads\/2026\/07\/BESTIMAGE_00524099_000010-1-scaled-aspect-ratio-225-300-150x150.jpg\"\/><img loading=\"lazy\" width=\"150\" height=\"150\" src=\"https:\/\/www.europesays.com\/ch-fr\/wp-content\/uploads\/2026\/07\/BESTIMAGE_00524099_000010-1-scaled-aspect-ratio-225-300-150x150.jpg\" alt=\"\" decoding=\"async\"\/><\/p>\n<p>\n        Couverture compl\u00e8te sur<\/p>\n<p>          Audrey Fleurot\n      <\/p>\n<p>        Audrey Fleurot est une actrice fran\u00e7aise n\u00e9e le 6 juillet 1977 \u00e0 Mantes-la-Jolie. Elle est surtout connue pour ses r\u00f4les marquants dans des s\u00e9ries t\u00e9l\u00e9vis\u00e9es et des films qui ont conquis un large public. Elle se fait conna\u00eetre en 2005 avec son interpr\u00e9tation de la flamboyante Lady du Lac dans la s\u00e9rie culte Kaamelott. Elle gagne en popularit\u00e9 gr\u00e2ce \u00e0 son r\u00f4le d\u2019Hortense Larcher dans Un village fran\u00e7ais et surtout celui de Jos\u00e9phine Karlsson, une avocate ambitieuse et sans scrupules, dans Engrenages.<\/p>\n<p>Au cin\u00e9ma, elle s&rsquo;illustre dans des com\u00e9dies \u00e0 succ\u00e8s comme Intouchables (2011), o\u00f9 elle joue Magalie, la secr\u00e9taire espi\u00e8gle, et Le Sens de la f\u00eate (2017), confirmant son talent pour les r\u00f4les \u00e0 la fois dr\u00f4les et touchants. Audrey Fleurot se distingue par son charisme, sa chevelure flamboyante et sa capacit\u00e9 \u00e0 incarner des personnages complexes et nuanc\u00e9s.<\/p>\n<p>En plus de son travail \u00e0 l&rsquo;\u00e9cran, elle est \u00e9galement active sur sc\u00e8ne, montrant une passion pour le th\u00e9\u00e2tre. Audrey Fleurot est devenue l&rsquo;une des figures incontournables du cin\u00e9ma et de la t\u00e9l\u00e9vision fran\u00e7aise, appr\u00e9ci\u00e9e pour son talent et sa personnalit\u00e9 unique.<\/p>\n<p>Alors qu&rsquo;elle est actuellement \u00e0 l&rsquo;affiche du film Les Parfait(s) : Arnaques en famille, <a href=\"https:\/\/www.public.fr\/tag\/audrey-fleurot\" id=\"714\" rel=\"nofollow noopener\" target=\"_blank\">Audrey Fleurot<\/a> encha\u00eene les projets. Entre le tournage de la mini-s\u00e9rie Chercheurs d&rsquo;or pour TF1 et la pr\u00e9paration de La comtesse de Monte-Cristo, la com\u00e9dienne ne manque pas d&rsquo;actualit\u00e9. Interrog\u00e9e par T\u00e9l\u00e9-Loisirs, elle est revenue sur cette ambitieuse adaptation inspir\u00e9e du c\u00e9l\u00e8bre roman d&rsquo;Alexandre Dumas et a tenu \u00e0 clarifier un point important concernant <a href=\"https:\/\/www.public.fr\/2-millions-jackpot-pour-pierre-niney-grace-au-succes-du-film-le-comte-de-monte-cristo\" id=\"2478397\" rel=\"nofollow noopener\" target=\"_blank\">le film port\u00e9 par Pierre Niney.<\/a><\/p>\n<p>Un projet lanc\u00e9 avant le succ\u00e8s du film avec Pierre Niney<\/p>\n<p>Si le public pourrait \u00eatre tent\u00e9 de comparer les deux \u0153uvres, Audrey Fleurot assure que la s\u00e9rie n&rsquo;a pas \u00e9t\u00e9 imagin\u00e9e dans le sillage du long-m\u00e9trage avec Pierre Niney.<\/p>\n<p>\u00ab\u00a0Quand TF1 me l&rsquo;a propos\u00e9, le film avec Pierre Niney n&rsquo;\u00e9tait pas sorti, et tant mieux d&rsquo;ailleurs parce que je pense que \u00e7a aurait s\u00fbrement \u00e9t\u00e9 inhibant\u00a0\u00bb, explique l&rsquo;actrice \u00e0 T\u00e9l\u00e9-Loisirs.<\/p>\n<p>Une pr\u00e9cision qui permet de lever toute ambigu\u00eft\u00e9 : La comtesse de Monte-Cristo est un projet d\u00e9velopp\u00e9 ind\u00e9pendamment du succ\u00e8s de l&rsquo;adaptation cin\u00e9matographique.<\/p>\n<p>Une nouvelle lecture du c\u00e9l\u00e8bre roman<\/p>\n<p>Pour Audrey Fleurot, il n&rsquo;\u00e9tait pas question de proposer une simple version f\u00e9minine du chef-d&rsquo;\u0153uvre d&rsquo;Alexandre Dumas. \u00ab\u00a0Je ne voulais pas f\u00e9miniser pour f\u00e9miniser. Il fallait trouver l&rsquo;angle pour l\u00e9gitimer l&rsquo;id\u00e9e\u00a0\u00bb, confie-t-elle.<\/p>\n<p>La s\u00e9rie adoptera ainsi un point de vue in\u00e9dit en pla\u00e7ant au c\u0153ur du r\u00e9cit Mercedes, la fianc\u00e9e d&rsquo;Edmond Dant\u00e8s. \u00ab\u00a0En racontant l&rsquo;histoire du point de vue de Mercedes, la fianc\u00e9e d&rsquo;Edmond Dant\u00e8s, nous faisons d&rsquo;ailleurs un pas de c\u00f4t\u00e9. Ce nouveau prisme permet de mettre en sc\u00e8ne plein de moments jamais adapt\u00e9s \u00e0 l&rsquo;\u00e9cran\u00a0\u00bb, explique la com\u00e9dienne.<\/p>\n<p>Des d\u00e9cors in\u00e9dits et une dimension plus romanesque<\/p>\n<p>Cette nouvelle approche permettra \u00e9galement d&rsquo;explorer des lieux rarement montr\u00e9s dans les pr\u00e9c\u00e9dentes adaptations.<\/p>\n<p>\u00ab\u00a0Dans les autres adaptations, l&rsquo;histoire est souvent condens\u00e9e entre Marseille et Paris. Ici, on va \u00e0 Rome, en Turquie\u2026 Il y a un c\u00f4t\u00e9 Les Mille et Une Nuits\u00a0\u00bb, d\u00e9voile Audrey Fleurot. Une promesse qui laisse entrevoir une fresque ambitieuse, m\u00ealant aventure, d\u00e9paysement et romance.<\/p>\n<p>      Mentionn\u00e9s dans cet article<\/p>\n<p>      Sur le m\u00eame sujet<\/p>\n","protected":false},"excerpt":{"rendered":"R\u00e9sum\u00e9 Audrey Fleurot pr\u00e9cise que la mini-s\u00e9rie La comtesse de Monte-Cristo adopte un point de vue in\u00e9dit, explorant&hellip;\n","protected":false},"author":2,"featured_media":204398,"comment_status":"","ping_status":"","sticky":false,"template":"","format":"standard","meta":{"footnotes":"","_share_on_mastodon":"0"},"categories":[15],"tags":[31647,158,157,113,112,159,2086,9340,23],"class_list":["post-204397","post","type-post","status-publish","format-standard","has-post-thumbnail","category-people","tag-audrey-fleurot","tag-celebrities","tag-celebrity","tag-divertissement","tag-entertainment","tag-people","tag-pierre-niney","tag-serie-televisee","tag-suisse"],"share_on_mastodon":{"url":"https:\/\/pubeurope.com\/@ch_fr\/116861298765509178","error":""},"_links":{"self":[{"href":"https:\/\/www.europesays.com\/ch-fr\/wp-json\/wp\/v2\/posts\/204397","targetHints":{"allow":["GET"]}}],"collection":[{"href":"https:\/\/www.europesays.com\/ch-fr\/wp-json\/wp\/v2\/posts"}],"about":[{"href":"https:\/\/www.europesays.com\/ch-fr\/wp-json\/wp\/v2\/types\/post"}],"author":[{"embeddable":true,"href":"https:\/\/www.europesays.com\/ch-fr\/wp-json\/wp\/v2\/users\/2"}],"replies":[{"embeddable":true,"href":"https:\/\/www.europesays.com\/ch-fr\/wp-json\/wp\/v2\/comments?post=204397"}],"version-history":[{"count":0,"href":"https:\/\/www.europesays.com\/ch-fr\/wp-json\/wp\/v2\/posts\/204397\/revisions"}],"wp:featuredmedia":[{"embeddable":true,"href":"https:\/\/www.europesays.com\/ch-fr\/wp-json\/wp\/v2\/media\/204398"}],"wp:attachment":[{"href":"https:\/\/www.europesays.com\/ch-fr\/wp-json\/wp\/v2\/media?parent=204397"}],"wp:term":[{"taxonomy":"category","embeddable":true,"href":"https:\/\/www.europesays.com\/ch-fr\/wp-json\/wp\/v2\/categories?post=204397"},{"taxonomy":"post_tag","embeddable":true,"href":"https:\/\/www.europesays.com\/ch-fr\/wp-json\/wp\/v2\/tags?post=204397"}],"curies":[{"name":"wp","href":"https:\/\/api.w.org\/{rel}","templated":true}]}}