{"id":205051,"date":"2026-07-04T21:10:08","date_gmt":"2026-07-04T21:10:08","guid":{"rendered":"https:\/\/www.europesays.com\/ch-fr\/205051\/"},"modified":"2026-07-04T21:10:08","modified_gmt":"2026-07-04T21:10:08","slug":"macbook-air-m2-a-800-e-ce-site-le-propose-a-prix-dechire-pendant-les-soldes","status":"publish","type":"post","link":"https:\/\/www.europesays.com\/ch-fr\/205051\/","title":{"rendered":"MacBook Air M2 \u00e0 -800\u00a0\u20ac\u00a0: ce site le propose \u00e0 prix d\u00e9chir\u00e9 pendant les soldes"},"content":{"rendered":"<p>Le MacBook Air M2\u00a0est un ordinateur portable \u00e9quip\u00e9 d\u2019un \u00e9cran Liquid Retina de 13,6 pouces. Avec une d\u00e9finition native de 2\u00a0560\u00a0pixels par 1\u00a0664\u00a0pixels, cette dalle garantit un affichage pr\u00e9cis, tandis que la technologie True Tone ajuste la colorim\u00e9trie en fonction de l\u2019\u00e9clairage environnant pour un confort visuel optimal. L\u2019un de ses grands atouts r\u00e9side aussi sur la puce M2, confectionn\u00e9e directement par Apple. Elle se compose d\u2019un processeur \u00e0 huit c\u0153urs et un moteur neuronal \u00e0 seize c\u0153urs. De plus, les 8\u00a0Go de m\u00e9moire vive particuli\u00e8rement bien optimis\u00e9 rendent ce MacBook Air M2\u00a0&#8211; -800 euros parfait pour le codage, le montage vid\u00e9o ou la retouche d\u2019images. On retrouve \u00e9galement un SSD, qui permet un d\u00e9marrage imm\u00e9diat ainsi que des copies et transferts de fichiers tr\u00e8s rapides. Notons aussi que l\u2019absence de ventilateur permet un fonctionnement totalement silencieux, avec une conception qui \u00e9vite la surchauffe. Ce MacBook Air \u00e0 -800 euros b\u00e9n\u00e9ficie d\u2019une autonomie pouvant atteindre 18\u00a0heures.<\/p>\n<p><a href=\"https:\/\/tidd.ly\/4xL1jHa\" rel=\"nofollow,sponsored noopener\" target=\"_blank\">Cliquez ici pour profiter de l\u2019offre sur le MacBook Air M2.<\/a><\/p>\n<p>Soldes smartphone\u00a0: ces <a href=\"https:\/\/tidd.ly\/4oUV5jZ\" rel=\"nofollow,sponsored noopener\" target=\"_blank\">offres flash \u00e0 saisir en urgence avant ce soir<\/a><\/p>\n<p>Samsung Galaxy S25\u00a0Ultra AI \u00e0 <a href=\"https:\/\/tidd.ly\/4gDq1mF\" rel=\"nofollow,sponsored noopener\" target=\"_blank\">684\u20ac46 au lieu de 1299\u20ac99<\/a><\/p>\n<p>iPhone 16\u00a0128Go <a href=\"https:\/\/tidd.ly\/4lEqViI\" rel=\"nofollow,sponsored noopener\" target=\"_blank\">\u00e0 759\u20ac99 au lieu de 969\u20ac99<\/a><\/p>\n<p>Samsung Galaxy S23\u00a0Ultra <a href=\"https:\/\/tidd.ly\/3SmyDnO\" rel=\"nofollow,sponsored noopener\" target=\"_blank\">\u00e0 319\u20ac99 au lieu de 1419\u20ac99<\/a><\/p>\n<p>Smartphone Xiaomi Redmi Note 15\u00a05G <a href=\"https:\/\/tidd.ly\/43TCoU8\" rel=\"nofollow,sponsored noopener\" target=\"_blank\">\u00e0 194\u20ac99 au lieu de 209\u20ac94<\/a><\/p>\n<p>Google Pixel 9a <a href=\"https:\/\/tidd.ly\/4es7c4A\" rel=\"nofollow,sponsored noopener\" target=\"_blank\">\u00e0 449\u20ac au lieu de 499\u20ac99<\/a><\/p>\n<p>Apple AirPods 4 <a href=\"https:\/\/tidd.ly\/4qqM2Ya\" rel=\"nofollow,sponsored noopener\" target=\"_blank\">\u00e0 109\u20ac au lieu de 139\u20ac<\/a><\/p>\n<p>Cdiscount \u00e0 volont\u00e9\u00a0: <a href=\"https:\/\/tidd.ly\/3Wjq7VK\" rel=\"nofollow,sponsored noopener\" target=\"_blank\">vos 6\u00a0jours d\u2019essai gratuit ici<\/a>\u00a0(livraison express et gratuite)<\/p>\n<p>        D\u00e9couvrez le tr\u00e8s performant MacBook Air M2\u00a0chez Back Market, le meilleur de la tech reconditionn\u00e9e<\/p>\n<p>Notons qu\u2019il s\u2019agit d\u2019un produit reconditionn\u00e9\u00a0: il n\u2019est donc pas neuf, mais a \u00e9t\u00e9 restaur\u00e9 et v\u00e9rifi\u00e9 par des professionnels, pour un \u00e9tat final proche du neuf. Le MacBook Air M2\u00a0est actuellement disponible en r\u00e9duction sur la plateforme sp\u00e9cialis\u00e9e Back Market. Ce mod\u00e8le reconditionn\u00e9, \u00e9valu\u00e9 en parfait \u00e9tat esth\u00e9tique et fonctionnel, est propos\u00e9 dans son coloris Minuit. Dot\u00e9 d\u2019un espace de stockage SSD de 256\u00a0Go, cet ordinateur est affich\u00e9 au tarif de 685 euros, soit une \u00e9conomie de 814 euros par rapport \u00e0 son prix de vente \u00e0 l\u2019\u00e9tat neuf, initialement fix\u00e9 \u00e0 1 499 euros. Back Market propose aussi de nombreux avantages, \u00e0 commencer par une livraison standard effectu\u00e9e sans aucun frais suppl\u00e9mentaire \u00e0 domicile. Il y a aussi une garantie d\u2019une dur\u00e9e de douze mois. Les acheteurs b\u00e9n\u00e9ficient \u00e9galement d\u2019une politique de retours gratuits pendant un mois. L\u2019enseigne met \u00e9galement \u00e0 disposition une option de paiement fractionn\u00e9 en trois ou quatre \u00e9ch\u00e9ances bancaires. Enfin, en optant pour un forfait mobile B &amp; You de Bouygues, vous pouvez avoir une remise allant jusqu\u2019\u00e0 180 euros.<\/p>\n<p><a href=\"https:\/\/tidd.ly\/4xL1jHa\" rel=\"nofollow,sponsored noopener\" target=\"_blank\">Cliquez ici pour profiter de l\u2019offre sur le MacBook Air M2.<\/a><\/p>\n","protected":false},"excerpt":{"rendered":"Le MacBook Air M2\u00a0est un ordinateur portable \u00e9quip\u00e9 d\u2019un \u00e9cran Liquid Retina de 13,6 pouces. Avec une d\u00e9finition&hellip;\n","protected":false},"author":2,"featured_media":205052,"comment_status":"","ping_status":"","sticky":false,"template":"","format":"standard","meta":{"footnotes":"","_share_on_mastodon":"0"},"categories":[7],"tags":[12711,61,57,59,58,7345,26179,23,60,62,11087],"class_list":["post-205051","post","type-post","status-publish","format-standard","has-post-thumbnail","category-sciences-et-technologies","tag-back-market","tag-science","tag-science-and-technology","tag-sciences","tag-sciences-et-technologies","tag-shopping","tag-soldes","tag-suisse","tag-technologies","tag-technology","tag-vie-quotidienne"],"share_on_mastodon":{"url":"https:\/\/pubeurope.com\/@ch_fr\/116863764125830007","error":""},"_links":{"self":[{"href":"https:\/\/www.europesays.com\/ch-fr\/wp-json\/wp\/v2\/posts\/205051","targetHints":{"allow":["GET"]}}],"collection":[{"href":"https:\/\/www.europesays.com\/ch-fr\/wp-json\/wp\/v2\/posts"}],"about":[{"href":"https:\/\/www.europesays.com\/ch-fr\/wp-json\/wp\/v2\/types\/post"}],"author":[{"embeddable":true,"href":"https:\/\/www.europesays.com\/ch-fr\/wp-json\/wp\/v2\/users\/2"}],"replies":[{"embeddable":true,"href":"https:\/\/www.europesays.com\/ch-fr\/wp-json\/wp\/v2\/comments?post=205051"}],"version-history":[{"count":0,"href":"https:\/\/www.europesays.com\/ch-fr\/wp-json\/wp\/v2\/posts\/205051\/revisions"}],"wp:featuredmedia":[{"embeddable":true,"href":"https:\/\/www.europesays.com\/ch-fr\/wp-json\/wp\/v2\/media\/205052"}],"wp:attachment":[{"href":"https:\/\/www.europesays.com\/ch-fr\/wp-json\/wp\/v2\/media?parent=205051"}],"wp:term":[{"taxonomy":"category","embeddable":true,"href":"https:\/\/www.europesays.com\/ch-fr\/wp-json\/wp\/v2\/categories?post=205051"},{"taxonomy":"post_tag","embeddable":true,"href":"https:\/\/www.europesays.com\/ch-fr\/wp-json\/wp\/v2\/tags?post=205051"}],"curies":[{"name":"wp","href":"https:\/\/api.w.org\/{rel}","templated":true}]}}