{"id":205245,"date":"2026-07-05T02:31:11","date_gmt":"2026-07-05T02:31:11","guid":{"rendered":"https:\/\/www.europesays.com\/ch-fr\/205245\/"},"modified":"2026-07-05T02:31:11","modified_gmt":"2026-07-05T02:31:11","slug":"julie-trepanier-est-enceinte-de-son-premier-enfant","status":"publish","type":"post","link":"https:\/\/www.europesays.com\/ch-fr\/205245\/","title":{"rendered":"Julie Tr\u00e9panier est enceinte de son premier enfant"},"content":{"rendered":"<p class=\"c-paragraph\">La cigogne est en route!<\/p>\n<p class=\"c-paragraph\">Eh oui, une belle nouvelle marque l\u2019\u00e9t\u00e9 de <a href=\"https:\/\/www.noovomoi.ca\/en-vedette\/5-couples-en-devenir-dans-nos-series-preferees.html\" target=\"_blank\" rel=\"nofollow noopener\" title=\"https:\/\/www.noovomoi.ca\/en-vedette\/5-couples-en-devenir-dans-nos-series-preferees.html\">Julie Tr\u00e9panier<\/a>: la com\u00e9dienne attend son tout premier enfant!<\/p>\n<p class=\"c-paragraph\">L\u2019actrice, bien connue pour son r\u00f4le dans <a href=\"https:\/\/www.noovomoi.ca\/en-vedette\/stars-indefendable-message-fans-video.html\" target=\"_blank\" rel=\"nofollow noopener\" title=\"https:\/\/www.noovomoi.ca\/en-vedette\/stars-indefendable-message-fans-video.html\">Ind\u00e9fendable<\/a>, a d\u00e9voil\u00e9 sa grossesse lors de son passage \u00e0 Sucr\u00e9 sal\u00e9 cette semaine.<\/p>\n<p class=\"c-paragraph\">C\u2019est avec une joli ventre rebondi que la com\u00e9dienne est arriv\u00e9e sur le plateau, confirmant qu\u2019elle donnera naissance \u00e0 un petit gar\u00e7on en octobre prochain!<\/p>\n<p class=\"c-paragraph\">Fait cocasse: sa grossesse dans la vraie vie co\u00efncide avec celle de son personnage, Kim Nolin, dans la populaire quotidienne&#8230; Et ce n\u2019est pas un hasard! Julie a expliqu\u00e9 que cette possibilit\u00e9 avait \u00e9t\u00e9 discut\u00e9e bien avant. Sachant qu\u2019elle et son conjoint envisageaient de fonder une famille, elle avait abord\u00e9 le sujet avec l\u2019autrice de la s\u00e9rie, Isabelle Chevrier. Elle lui avait alors demand\u00e9 ce que l\u2019avenir r\u00e9servait au couple form\u00e9 par Kim et Max dans l\u2019histoire, en glissant qu\u2019il \u00e9tait possible qu\u2019elle vive elle-m\u00eame cette \u00e9tape dans sa vie personnelle au m\u00eame moment.<\/p>\n<p class=\"c-paragraph\">Concilier grossesse et tournage n\u2019est pas toujours simple, surtout dans une s\u00e9rie dramatique aussi intense qu\u2019Ind\u00e9fendable. Questionn\u00e9e par M\u00e9lanie Maynard, Julie s\u2019est confi\u00e9e avec beaucoup de sinc\u00e9rit\u00e9 sur cette p\u00e9riode remplie d\u2019\u00e9motions!<\/p>\n<p class=\"c-paragraph\">Elle a racont\u00e9 que les premi\u00e8res semaines de tournage ont \u00e9t\u00e9 particuli\u00e8rement intenses sur le plan \u00e9motionnel. Entre les hormones et les sc\u00e8nes dramatiques, les larmes \u00e9taient souvent au rendez-vous! Selon ses confidences, d\u00e8s que les cam\u00e9ras arr\u00eataient de tourner, l\u2019\u00e9motion prenait toute la place. Une p\u00e9riode exigeante, mais aussi lib\u00e9ratrice \u00e0 sa fa\u00e7on. <\/p>\n<p class=\"c-paragraph\">Les t\u00e9l\u00e9spectateurs de Ind\u00e9fendable savent que l\u2019histoire de Kim et Max traverse actuellement des moments extr\u00eamement stressants. Rappelons que Maxime est r\u00e9cemment tomb\u00e9 d\u2019une structure de b\u00e9ton en tentant de prot\u00e9ger Kim et leur futur b\u00e9b\u00e9 d\u2019un assaillant. Son sort demeure encore incertain, ce qui ajoute \u00e9norm\u00e9ment de tension \u00e0 l\u2019intrigue.<\/p>\n<p class=\"c-paragraph\">Julie Tr\u00e9panier a \u00e9galement r\u00e9v\u00e9l\u00e9 qu\u2019elle avait choisi d\u2019\u00eatre accompagn\u00e9e par une sage-femme pour cette premi\u00e8re grossesse! Un choix de plus en plus populaire chez les futures mamans qui souhaitent vivre cette exp\u00e9rience dans un cadre plus personnalis\u00e9 et humain.<\/p>\n<p class=\"c-paragraph\">On lui souhaite une fin de grossesse remplie de douceur et de s\u00e9r\u00e9nit\u00e9!<\/p>\n<p><img decoding=\"async\" data-chromatic=\"ignore\" alt=\"\" class=\"c-image\" loading=\"lazy\" src=\"https:\/\/www.europesays.com\/ch-fr\/wp-content\/uploads\/2026\/07\/KKX25IIXCZDWNM2KNPPXEVEFOM.JPG\"  width=\"800\" height=\"1245\"\/>Julie Tr\u00e9panier Julie Tr\u00e9panier (Utilisateur\/IG Julie Tr\u00e9panier) Articles connexes<\/p>\n","protected":false},"excerpt":{"rendered":"La cigogne est en route! Eh oui, une belle nouvelle marque l\u2019\u00e9t\u00e9 de Julie Tr\u00e9panier: la com\u00e9dienne attend&hellip;\n","protected":false},"author":2,"featured_media":205246,"comment_status":"","ping_status":"","sticky":false,"template":"","format":"standard","meta":{"footnotes":"","_share_on_mastodon":"0"},"categories":[15],"tags":[158,157,113,112,12689,46922,159,23],"class_list":["post-205245","post","type-post","status-publish","format-standard","has-post-thumbnail","category-people","tag-celebrities","tag-celebrity","tag-divertissement","tag-entertainment","tag-indefendable","tag-julie-trepanier","tag-people","tag-suisse"],"share_on_mastodon":{"url":"https:\/\/pubeurope.com\/@ch_fr\/116865026433834009","error":""},"_links":{"self":[{"href":"https:\/\/www.europesays.com\/ch-fr\/wp-json\/wp\/v2\/posts\/205245","targetHints":{"allow":["GET"]}}],"collection":[{"href":"https:\/\/www.europesays.com\/ch-fr\/wp-json\/wp\/v2\/posts"}],"about":[{"href":"https:\/\/www.europesays.com\/ch-fr\/wp-json\/wp\/v2\/types\/post"}],"author":[{"embeddable":true,"href":"https:\/\/www.europesays.com\/ch-fr\/wp-json\/wp\/v2\/users\/2"}],"replies":[{"embeddable":true,"href":"https:\/\/www.europesays.com\/ch-fr\/wp-json\/wp\/v2\/comments?post=205245"}],"version-history":[{"count":0,"href":"https:\/\/www.europesays.com\/ch-fr\/wp-json\/wp\/v2\/posts\/205245\/revisions"}],"wp:featuredmedia":[{"embeddable":true,"href":"https:\/\/www.europesays.com\/ch-fr\/wp-json\/wp\/v2\/media\/205246"}],"wp:attachment":[{"href":"https:\/\/www.europesays.com\/ch-fr\/wp-json\/wp\/v2\/media?parent=205245"}],"wp:term":[{"taxonomy":"category","embeddable":true,"href":"https:\/\/www.europesays.com\/ch-fr\/wp-json\/wp\/v2\/categories?post=205245"},{"taxonomy":"post_tag","embeddable":true,"href":"https:\/\/www.europesays.com\/ch-fr\/wp-json\/wp\/v2\/tags?post=205245"}],"curies":[{"name":"wp","href":"https:\/\/api.w.org\/{rel}","templated":true}]}}