{"id":207583,"date":"2026-07-06T21:33:15","date_gmt":"2026-07-06T21:33:15","guid":{"rendered":"https:\/\/www.europesays.com\/ch-fr\/207583\/"},"modified":"2026-07-06T21:33:15","modified_gmt":"2026-07-06T21:33:15","slug":"mondial-2026-lespagne-bat-le-portugal-et-va-en-quarts","status":"publish","type":"post","link":"https:\/\/www.europesays.com\/ch-fr\/207583\/","title":{"rendered":"Mondial 2026 : l&rsquo;Espagne bat le Portugal et va en quarts"},"content":{"rendered":"<p>Le derby ib\u00e9rique a souri \u00e0 l&rsquo;Espagne. En 8es de finale de la Coupe du monde, les Espagnols ont en effet pris le meilleur sur le Portugal gr\u00e2ce \u00e0 un but de Mikel Merino \u00e0 la 91e. En quarts de finale, ils affronteront le vainqueur du match Etats-Unis &#8211; Belgique (\u00e0 suivre d\u00e8s 02h00 sur RTS 2).<\/p>\n<p>Il a fallu un coup franc jou\u00e9 intelligemment et tr\u00e8s rapidement par les champions d&rsquo;Europe pour d\u00e9bloquer la situation et \u00e9viter un match partant en prolongations. Au terme d&rsquo;un superbe jeu \u00e0 une touche, c&rsquo;est Merino qui a marqu\u00e9 le but de la victoire. Cette r\u00e9ussite a fait le bonheur des Ib\u00e8res et le malheur de Cristiano Ronaldo qui a disput\u00e9 son dernier match lors d&rsquo;un Mondial.<\/p>\n<p>Les Espagnols ont \u00e9t\u00e9 les premiers \u00e0 se procurer une belle occasion par Mikel Oyarzabal \u00e0 la 8e, mais l&rsquo;attaquant de la Real Sociedad a manqu\u00e9 le but en tirant de peu \u00e0 droite du poteau. Les Ib\u00e8res ont \u00e0 nouveau alert\u00e9 le gardien portugais Diego Costa \u00e0 la 16e. Lamine Yamal a tent\u00e9 sa fameuse frappe enroul\u00e9e du gauche, mais le portier lusitanien a repouss\u00e9. Le ballon est retomb\u00e9 dans les pieds d&rsquo;Alex Baena qui a tir\u00e9 du droit et oblig\u00e9 Diogo Costa \u00e0 une nouvelle parade d\u00e9cisive, cette fois du bras droit en extension.<\/p>\n<p>Nuno Mendes voit son tir d\u00e9vi\u00e9 sur la transversale<\/p>\n<p>Les Espagnols ont continu\u00e9 \u00e0 pousser, mais le Portugal a r\u00e9pondu. Ronaldo a d\u2019ailleurs oblig\u00e9 Unai Sim\u00f3n \u00e0 un arr\u00eat spectaculaire \u00e0 la 37e sur une reprise dans la surface, apr\u00e8s un ballon mal repouss\u00e9. Le tournant aurait pu intervenir juste avant la pause, quand Nuno Mendes a trouv\u00e9 une position int\u00e9ressante \u00e0 l\u2019entr\u00e9e de la surface, mais son tir a \u00e9t\u00e9 d\u00e9vi\u00e9 sur la transversale par un d\u00e9fenseur espagnol.<\/p>\n<p>L&rsquo;entra\u00eeneur espagnol du Portugal, Roberto Martinez, a tent\u00e9 de dynamiser la rencontre en effectuant assez rapidement ses cinq changements, mais ce sont finalement les Espagnols qui ont eu le dernier mot.<\/p>\n<p> <img decoding=\"async\" src=\"https:\/\/www.europesays.com\/ch-fr\/wp-content\/uploads\/2026\/07\/ywuc9d-29296190.image.jpeg\" alt=\"Cristiano Ronaldo n'a pu retenir ses larmes au coup de sifflet final. [APL - Imago]\" title=\"Cristiano Ronaldo n'a pu retenir ses larmes au coup de sifflet final. [APL - Imago]\" loading=\"lazy\"\/>  Cristiano Ronaldo n&rsquo;a pu retenir ses larmes au coup de sifflet final. [APL &#8211; Imago] <\/p>\n<p>&gt;&gt; A lire aussi\u00a0: <a href=\"https:\/\/www.rts.ch\/sport\/football\/coupe-du-monde-de-la-fifa\/2026\/article\/mondial-2026-la-fifa-rejette-le-recours-de-la-belgique-sur-balogun-29296036.html\" data-item-id=\"richtext_link\" rel=\"nofollow noopener\" target=\"_blank\">La FIFA rejette le recours belge contre le rep\u00eachage de l&rsquo;attaquant am\u00e9ricain Balogun<\/a>, <a href=\"https:\/\/www.rts.ch\/sport\/football\/coupe-du-monde-de-la-fifa\/2026\/article\/mondial-2026-l-impact-de-chaque-joueur-de-l-equipe-de-suisse-decrypte-29295762.html\" data-item-id=\"richtext_link\" rel=\"nofollow noopener\" target=\"_blank\">Manzambi, Vargas, Rieder: le vrai poids de chaque joueur dans les succ\u00e8s de l&rsquo;\u00e9quipe de Suisse au Mondial<\/a>, <a href=\"https:\/\/www.rts.ch\/sport\/football\/coupe-du-monde-de-la-fifa\/2026\/article\/mondial-2026-la-suisse-veut-entrer-dans-l-histoire-face-a-la-colombie-mardi-29295696.html\" data-item-id=\"richtext_link\" rel=\"nofollow noopener\" target=\"_blank\">La Suisse r\u00eave de quart de finale et d&rsquo;entrer dans une nouvelle dimension mardi face \u00e0 la Colombie<\/a>, <a href=\"https:\/\/www.rts.ch\/sport\/football\/coupe-du-monde-de-la-fifa\/2026\/article\/de-mussolini-a-trump-l-histoire-des-ingerences-au-mondial-de-foot-29295500.html\" data-item-id=\"richtext_link\" rel=\"nofollow noopener\" target=\"_blank\">De Mussolini \u00e0 Trump, retour sur les ing\u00e9rences politiques au Mondial<\/a>, <a href=\"https:\/\/www.rts.ch\/sport\/football\/coupe-du-monde-de-la-fifa\/2026\/article\/mondial-2026-sepp-blatter-critique-la-fifa-apres-l-affaire-balogun-29295496.html\" data-item-id=\"richtext_link\" rel=\"nofollow noopener\" target=\"_blank\">\u00ab\u00a0O\u00f9 vas-tu, FIFA?\u00a0\u00bb, s&rsquo;interroge Sepp Blatter apr\u00e8s l&rsquo;affaire Balogun<\/a> et <a href=\"https:\/\/www.rts.ch\/sport\/football\/coupe-du-monde-de-la-fifa\/2026\/article\/mondial-2026-un-8e-de-finale-a-3-2-millions-de-francs-pour-la-suisse-29295381.html\" data-item-id=\"richtext_link\" rel=\"nofollow noopener\" target=\"_blank\">Un 8e de finale \u00e0 3,2 millions de francs pour la Suisse<\/a><\/p>\n<p class=\"sources\">ats\/pza<\/p>\n","protected":false},"excerpt":{"rendered":"Le derby ib\u00e9rique a souri \u00e0 l&rsquo;Espagne. En 8es de finale de la Coupe du monde, les Espagnols&hellip;\n","protected":false},"author":2,"featured_media":207584,"comment_status":"","ping_status":"","sticky":false,"template":"","format":"standard","meta":{"footnotes":"","_share_on_mastodon":"0"},"categories":[4],"tags":[22,1009,3194,46818,10565,39432,39538,35253,3283,21337,39539,182,47312,21,12131,47313,2253,186,23,2273],"class_list":["post-207583","post","type-post","status-publish","format-standard","has-post-thumbnail","category-actualites","tag-actualites","tag-competition-sportive","tag-coupe-du-monde","tag-coupe-du-monde-2026-phase-finale-huitiemes-de-finale","tag-coupe-du-monde-de-football","tag-coupe-du-monde-de-football-2026","tag-coupe-du-monde-de-la-fifa","tag-coupe-du-monde-fifa","tag-espagne","tag-espagnols","tag-fifa-2018","tag-football","tag-mikel-merino","tag-news","tag-portugal","tag-portugal-espagne","tag-quart-de-finale","tag-sport","tag-suisse","tag-vainqueur"],"share_on_mastodon":{"url":"https:\/\/pubeurope.com\/@ch_fr\/116875179041965359","error":""},"_links":{"self":[{"href":"https:\/\/www.europesays.com\/ch-fr\/wp-json\/wp\/v2\/posts\/207583","targetHints":{"allow":["GET"]}}],"collection":[{"href":"https:\/\/www.europesays.com\/ch-fr\/wp-json\/wp\/v2\/posts"}],"about":[{"href":"https:\/\/www.europesays.com\/ch-fr\/wp-json\/wp\/v2\/types\/post"}],"author":[{"embeddable":true,"href":"https:\/\/www.europesays.com\/ch-fr\/wp-json\/wp\/v2\/users\/2"}],"replies":[{"embeddable":true,"href":"https:\/\/www.europesays.com\/ch-fr\/wp-json\/wp\/v2\/comments?post=207583"}],"version-history":[{"count":0,"href":"https:\/\/www.europesays.com\/ch-fr\/wp-json\/wp\/v2\/posts\/207583\/revisions"}],"wp:featuredmedia":[{"embeddable":true,"href":"https:\/\/www.europesays.com\/ch-fr\/wp-json\/wp\/v2\/media\/207584"}],"wp:attachment":[{"href":"https:\/\/www.europesays.com\/ch-fr\/wp-json\/wp\/v2\/media?parent=207583"}],"wp:term":[{"taxonomy":"category","embeddable":true,"href":"https:\/\/www.europesays.com\/ch-fr\/wp-json\/wp\/v2\/categories?post=207583"},{"taxonomy":"post_tag","embeddable":true,"href":"https:\/\/www.europesays.com\/ch-fr\/wp-json\/wp\/v2\/tags?post=207583"}],"curies":[{"name":"wp","href":"https:\/\/api.w.org\/{rel}","templated":true}]}}