{"id":207749,"date":"2026-07-07T01:34:32","date_gmt":"2026-07-07T01:34:32","guid":{"rendered":"https:\/\/www.europesays.com\/ch-fr\/207749\/"},"modified":"2026-07-07T01:34:32","modified_gmt":"2026-07-07T01:34:32","slug":"le-chomage-en-baisse-a-4-3-en-juin-2026","status":"publish","type":"post","link":"https:\/\/www.europesays.com\/ch-fr\/207749\/","title":{"rendered":"Le ch\u00f4mage en baisse \u00e0 4.3% en juin 2026"},"content":{"rendered":"<p>Date : 06.07.2026 08:00:00 <\/p>\n<p>\u00a0<\/p>\n<p class=\"wysiwyg-h4\">A fin juin, 2\u2019642 demandeurs d\u2019emploi \u00e9taient inscrits aupr\u00e8s de l\u2019ORP du Jura, dont 1\u2019695 ch\u00f4meurs et 947 demandeurs d&#8217;emploi non ch\u00f4meurs.<\/p>\n<p>Cela repr\u00e9sente 50 ch\u00f4meurs en moins qu\u2019\u00e0 fin mai, ainsi qu\u2019un taux de ch\u00f4mage de 4.3%, en recule de 0.2pt. En variation annuelle, ce m\u00eame taux de ch\u00f4mage affiche une diminution de 0.7pt.<\/p>\n<p>L&rsquo;ensemble des demandeurs d\u2019emploi suivis \u00e0 l&rsquo;ORP a augment\u00e9 de 50 personnes en juin, et repr\u00e9sente pour sa part 6.7% de la population active domicili\u00e9e dans le Jura. Au total, l\u2019ORP a ouvert 282 dossiers et en a ferm\u00e9 236 durant le mois \u00e9coul\u00e9.<\/p>\n<p>Le taux de ch\u00f4mage se situe \u00e0 4.5% dans le district de Del\u00e9mont, 4.5% dans celui de Porrentruy, 2.5% dans celui des Franches-Montagnes et 5.7% dans celui de Moutier.<\/p>\n<p>Au plan national, le taux de ch\u00f4mage se situe \u00e0 2.9% en juin 2026, en diminution de 0.1pt par rapport \u00e0 mai 2026.<\/p>\n<p>Concernant les r\u00e9ductions de l\u2019horaire de travail (RHT), 101 entreprises jurassiennes \u00e9taient autoris\u00e9es \u00e0 y recourir en juin 2026, soit 10 de moins qu\u2019en mai 2026 (111), et 22 de moins qu\u2019il y a un an, en juin 2025 (123).<\/p>\n<p class=\"photo\">    &#13;<br \/>\n        &#13;<br \/>\n        &#13;<br \/>\n        &#13;<br \/>\n        <img decoding=\"async\" alt=\"Taux de ch\u00f4mage - juin 2026\" src=\"https:\/\/www.europesays.com\/ch-fr\/wp-content\/uploads\/2026\/07\/17771.png\"\/>&#13;<br \/>\n\t\t<a href=\"https:\/\/www.jura.ch\/Htdocs\/Images\/Pictures\/17771.png?puid=5a5cdd8c-5499-4c8b-93f4-73e3164df39b\" class=\"zoom\" rel=\"shadowbox nofollow noopener\" title=\"Zoom sur cette image \u00ab Taux de ch\u00f4mage - juin 2026 \u00bb (touche ESC pour fermer la fen\u00eatre)\" target=\"_blank\"><img decoding=\"async\" src=\"https:\/\/www.europesays.com\/ch-fr\/wp-content\/uploads\/2026\/07\/17771.png\" alt=\"Taux de ch\u00f4mage - juin 2026\"\/><\/a>&#13;<br \/>\n         &#13;<br \/>\n        &#13;<br \/>\n        &#13;<br \/>\n        &#13;<br \/>\n        Taux de ch\u00f4mage &#8211; juin 2026 &#13;<br \/>\n        &#13;<br \/>\n        &#13;\n    <\/p>\n<p class=\"photo\">    &#13;<br \/>\n        &#13;<br \/>\n        &#13;<br \/>\n        &#13;<br \/>\n        <img decoding=\"async\" alt=\"Ch\u00f4meurs selon l'activit\u00e9 \u00e9conomique - juin 2026\" src=\"https:\/\/www.europesays.com\/ch-fr\/wp-content\/uploads\/2026\/07\/17770.png\"\/>&#13;<br \/>\n\t\t<a href=\"https:\/\/www.jura.ch\/Htdocs\/Images\/Pictures\/17770.png?puid=eefd8a53-6f87-4d60-8e0b-3fa9dc4ef335\" class=\"zoom\" rel=\"shadowbox nofollow noopener\" title=\"Zoom sur cette image \u00ab Ch\u00f4meurs selon l&#039;activit\u00e9 \u00e9conomique - juin 2026 \u00bb (touche ESC pour fermer la fen\u00eatre)\" target=\"_blank\"><img decoding=\"async\" src=\"https:\/\/www.europesays.com\/ch-fr\/wp-content\/uploads\/2026\/07\/17770.png\" alt=\"Ch\u00f4meurs selon l'activit\u00e9 \u00e9conomique - juin 2026\"\/><\/a>&#13;<br \/>\n         &#13;<br \/>\n        &#13;<br \/>\n        &#13;<br \/>\n        &#13;<br \/>\n        Ch\u00f4meurs selon l&rsquo;activit\u00e9 \u00e9conomique &#8211; juin 2026 &#13;<br \/>\n        &#13;<br \/>\n        &#13;\n    <\/p>\n<p>\t<a href=\"https:\/\/www.jura.ch\/fr\/Autorites\/Administration\/CHA\/SIC\/Centre-medias\/Communiques-2026.html\" class=\"btn\" rel=\"nofollow noopener\" target=\"_blank\">\u00ab\u00a0\u00a0Retour<\/a>\t<\/p>\n","protected":false},"excerpt":{"rendered":"Date : 06.07.2026 08:00:00 \u00a0 A fin juin, 2\u2019642 demandeurs d\u2019emploi \u00e9taient inscrits aupr\u00e8s de l\u2019ORP du Jura,&hellip;\n","protected":false},"author":2,"featured_media":207750,"comment_status":"","ping_status":"","sticky":false,"template":"","format":"standard","meta":{"footnotes":"","_share_on_mastodon":"0"},"categories":[3],"tags":[3779,3798,3780,3792,3778,3788,3797,121,3775,3794,119,3784,3787,122,3785,3795,118,3781,120,3786,3793,3789,3782,3776,3777,3783,23,3796,3791,3790],"class_list":["post-207749","post","type-post","status-publish","format-standard","has-post-thumbnail","category-suisse","tag-3779","tag-23-giugno","tag-23-juin","tag-23rd-of-june","tag-administration","tag-administrazion","tag-adminitrazione","tag-ajoie","tag-canton","tag-cantone","tag-delemont","tag-delsberg","tag-doubs","tag-franches-montagnes","tag-freiberge","tag-giura","tag-jura","tag-kanton","tag-porrentruy","tag-pruntrut","tag-repubblica-e-canton-giura","tag-republic","tag-republik-und-kanton-jura","tag-republique-et-canton","tag-saint-ursanne","tag-schweiz","tag-suisse","tag-svizzera","tag-switzerland","tag-website"],"share_on_mastodon":{"url":"https:\/\/pubeurope.com\/@ch_fr\/116876127376867478","error":""},"_links":{"self":[{"href":"https:\/\/www.europesays.com\/ch-fr\/wp-json\/wp\/v2\/posts\/207749","targetHints":{"allow":["GET"]}}],"collection":[{"href":"https:\/\/www.europesays.com\/ch-fr\/wp-json\/wp\/v2\/posts"}],"about":[{"href":"https:\/\/www.europesays.com\/ch-fr\/wp-json\/wp\/v2\/types\/post"}],"author":[{"embeddable":true,"href":"https:\/\/www.europesays.com\/ch-fr\/wp-json\/wp\/v2\/users\/2"}],"replies":[{"embeddable":true,"href":"https:\/\/www.europesays.com\/ch-fr\/wp-json\/wp\/v2\/comments?post=207749"}],"version-history":[{"count":0,"href":"https:\/\/www.europesays.com\/ch-fr\/wp-json\/wp\/v2\/posts\/207749\/revisions"}],"wp:featuredmedia":[{"embeddable":true,"href":"https:\/\/www.europesays.com\/ch-fr\/wp-json\/wp\/v2\/media\/207750"}],"wp:attachment":[{"href":"https:\/\/www.europesays.com\/ch-fr\/wp-json\/wp\/v2\/media?parent=207749"}],"wp:term":[{"taxonomy":"category","embeddable":true,"href":"https:\/\/www.europesays.com\/ch-fr\/wp-json\/wp\/v2\/categories?post=207749"},{"taxonomy":"post_tag","embeddable":true,"href":"https:\/\/www.europesays.com\/ch-fr\/wp-json\/wp\/v2\/tags?post=207749"}],"curies":[{"name":"wp","href":"https:\/\/api.w.org\/{rel}","templated":true}]}}