{"id":209211,"date":"2026-07-08T04:28:53","date_gmt":"2026-07-08T04:28:53","guid":{"rendered":"https:\/\/www.europesays.com\/ch-fr\/209211\/"},"modified":"2026-07-08T04:28:53","modified_gmt":"2026-07-08T04:28:53","slug":"orage-retard-bagarre-a-bord-un-vol-geneve","status":"publish","type":"post","link":"https:\/\/www.europesays.com\/ch-fr\/209211\/","title":{"rendered":"Orage, retard, bagarre \u00e0 bord\u2026 Un vol Gen\u00e8ve"},"content":{"rendered":"<p>Les quelque 150 passagers du vol Easyjet EZS1359 entre <a href=\"https:\/\/www.20minutes.fr\/dossier\/geneve\" class=\"c-link c-link--is-underlined\" rel=\"nofollow noopener\" target=\"_blank\">Gen\u00e8ve<\/a> (Suisse) et <a href=\"https:\/\/www.20minutes.fr\/dossier\/ajaccio\" class=\"c-link c-link--is-underlined\" rel=\"nofollow noopener\" target=\"_blank\">Ajaccio<\/a> (Corse-du-Sud) ne s\u2019attendaient pas \u00e0 ce que leur voyage commence dans le chaos. C\u2019est pourtant ce qui s\u2019est pass\u00e9 le 1er\u00a0juillet dernier. Premi\u00e8re d\u00e9convenue\u00a0: Un embarquement effectu\u00e9 avec 45 minutes de retard. En cause, un violent orage au-dessus de l\u2019Italie ayant perturb\u00e9 le trafic a\u00e9rien, a expliqu\u00e9 un passager cit\u00e9 par <a href=\"https:\/\/www.20min.ch\/fr\/story\/vol-geneve-ajaccio-ils-ont-remonte-l-allee-centrale-sous-les-huees-et-les-cris-103596087\" target=\"_blank\" class=\"c-link c-link--is-underlined\" rel=\"nofollow noopener\">la version suisse de 20 Minutes<\/a>.<\/p>\n<p>Ces intemp\u00e9ries ont ensuite entra\u00een\u00e9 un retard annonc\u00e9 de trois heures, les couloirs a\u00e9riens \u00e9tant satur\u00e9s et un plan de vol alternatif devant \u00eatre suivi. En cabine, les voyageurs bloqu\u00e9s sur le tarmac ont finalement d\u00fb attendre cinq heures avant que <a href=\"https:\/\/www.20minutes.fr\/dossier\/pilote\" class=\"c-link c-link--is-underlined\" rel=\"nofollow noopener\" target=\"_blank\">le pilote<\/a> annonce enfin le d\u00e9collage prochain. C\u2019est le moment qu\u2019ont choisi trois passagers pour annoncer qu\u2019ils souhaitaient quitter <a href=\"https:\/\/www.20minutes.fr\/dossier\/avion\" class=\"c-link c-link--is-underlined\" rel=\"nofollow noopener\" target=\"_blank\">l\u2019avion<\/a> pour des raisons qui n\u2019ont pas \u00e9t\u00e9 pr\u00e9cis\u00e9es.<\/p>\n<p>Une d\u00e9cision qui passe mal<\/p>\n<p>Le commandant de bord avait pourtant indiqu\u00e9 que toute personne sortant de l\u2019appareil retarderait davantage le d\u00e9part. Les trois voyageurs ont \u00e9t\u00e9 la cible de hu\u00e9es et de sifflets en remontant l\u2019all\u00e9e vers la sortie. Arriv\u00e9s \u00e0 la porte de l\u2019avion, ils ont \u00e9t\u00e9 pris \u00e0 partie par plusieurs personnes qui ont essay\u00e9 de les retenir et <a href=\"https:\/\/www.20minutes.fr\/societe\/rixe\/\" class=\"c-link c-link--is-underlined\" rel=\"nofollow noopener\" target=\"_blank\">une rixe<\/a> a \u00e9clat\u00e9. Le vol dont l\u2019horaire de d\u00e9collage initial \u00e9tait 14 h a finalement \u00e9t\u00e9 annul\u00e9 vers 19 h 30.<\/p>\n<p>\u00ab\u00a0Les gens \u00e9taient vraiment en col\u00e8re, surtout <a href=\"https:\/\/www.20minutes.fr\/dossier\/corse\" class=\"c-link c-link--is-underlined\" rel=\"nofollow noopener\" target=\"_blank\">les Corses<\/a> qui rentraient chez eux et devaient travailler le lendemain\u00a0\u00bb, a t\u00e9moign\u00e9 le passager. Pour eux, la situation \u00e9tait d\u2019autant plus contrariante qu\u2019aucun vol n\u2019effectuait la m\u00eame liaison le lendemain. M\u00eame si <a href=\"https:\/\/www.20minutes.fr\/dossier\/easyjet\" class=\"c-link c-link--is-underlined\" rel=\"nofollow noopener\" target=\"_blank\">Easyjet<\/a> a affirm\u00e9 avoir \u00ab\u00a0fait tout son possible\u00a0\u00bb pour proposer des solutions, le t\u00e9moin a affirm\u00e9 que les voyageurs avaient d\u00fb se d\u00e9brouiller seuls.<\/p>\n","protected":false},"excerpt":{"rendered":"Les quelque 150 passagers du vol Easyjet EZS1359 entre Gen\u00e8ve (Suisse) et Ajaccio (Corse-du-Sud) ne s\u2019attendaient pas \u00e0&hellip;\n","protected":false},"author":2,"featured_media":209212,"comment_status":"","ping_status":"","sticky":false,"template":"","format":"standard","meta":{"footnotes":"","_share_on_mastodon":"0"},"categories":[17],"tags":[376,6478,1659,4400,6911,47548,47540,1748,170,169,421,23],"class_list":["post-209211","post","type-post","status-publish","format-standard","has-post-thumbnail","category-geneve","tag-actualite","tag-ajaccio","tag-avion","tag-bagarre","tag-corse","tag-corse-du-sud","tag-easyjet","tag-faits-divers","tag-geneva","tag-geneve","tag-monde","tag-suisse"],"share_on_mastodon":{"url":"https:\/\/pubeurope.com\/@ch_fr\/116882477241938492","error":""},"_links":{"self":[{"href":"https:\/\/www.europesays.com\/ch-fr\/wp-json\/wp\/v2\/posts\/209211","targetHints":{"allow":["GET"]}}],"collection":[{"href":"https:\/\/www.europesays.com\/ch-fr\/wp-json\/wp\/v2\/posts"}],"about":[{"href":"https:\/\/www.europesays.com\/ch-fr\/wp-json\/wp\/v2\/types\/post"}],"author":[{"embeddable":true,"href":"https:\/\/www.europesays.com\/ch-fr\/wp-json\/wp\/v2\/users\/2"}],"replies":[{"embeddable":true,"href":"https:\/\/www.europesays.com\/ch-fr\/wp-json\/wp\/v2\/comments?post=209211"}],"version-history":[{"count":0,"href":"https:\/\/www.europesays.com\/ch-fr\/wp-json\/wp\/v2\/posts\/209211\/revisions"}],"wp:featuredmedia":[{"embeddable":true,"href":"https:\/\/www.europesays.com\/ch-fr\/wp-json\/wp\/v2\/media\/209212"}],"wp:attachment":[{"href":"https:\/\/www.europesays.com\/ch-fr\/wp-json\/wp\/v2\/media?parent=209211"}],"wp:term":[{"taxonomy":"category","embeddable":true,"href":"https:\/\/www.europesays.com\/ch-fr\/wp-json\/wp\/v2\/categories?post=209211"},{"taxonomy":"post_tag","embeddable":true,"href":"https:\/\/www.europesays.com\/ch-fr\/wp-json\/wp\/v2\/tags?post=209211"}],"curies":[{"name":"wp","href":"https:\/\/api.w.org\/{rel}","templated":true}]}}