{"id":209507,"date":"2026-07-08T09:39:16","date_gmt":"2026-07-08T09:39:16","guid":{"rendered":"https:\/\/www.europesays.com\/ch-fr\/209507\/"},"modified":"2026-07-08T09:39:16","modified_gmt":"2026-07-08T09:39:16","slug":"omar-sy-en-negociation-pour-rejoindre-margot-robbie-et-bradley-cooper-dans-le-prequel-doceans-eleven","status":"publish","type":"post","link":"https:\/\/www.europesays.com\/ch-fr\/209507\/","title":{"rendered":"Omar Sy en n\u00e9gociation pour rejoindre Margot Robbie et Bradley Cooper dans le pr\u00e9quel d\u2019Ocean\u2019s Eleven"},"content":{"rendered":"<p>\n    Apr\u00e8s des apparitions dans X-Men, Tranformers et Jurassic World, l\u2019acteur fran\u00e7ais poursuit son chemin \u00e0 Hollywood avec un potentiel r\u00f4le dans un nouveau blockbuster.<\/p>\n<p class=\"fig-paragraph\">Verra-t-on un Fran\u00e7ais dans le blockbuster le plus attendu de 2027\u00a0? Selon\u00a0<a href=\"https:\/\/www.hollywoodreporter.com\/movies\/movie-news\/oceans-eleven-prequel-cast-vicky-krieps-george-mackay-omar-sy-1236636566\/\" target=\"_blank\" rel=\"nofollow noopener\" data-gtm-custom-categorie=\"navigation\" data-gtm-custom-action=\"crossclick\" data-gtm-custom-label=\"Contextuel\" data-gtm-event=\"customEventSPE\">Hollywood Reporter<\/a>,\u00a0<a href=\"http:\/\/www.lefigaro.fr\/culture\/un-lieu-de-vie-et-de-memoire-omar-sy-s-oppose-a-la-fermeture-de-la-maternite-de-trappes-ou-il-a-vu-le-jour-20260618\" data-fig-type=\"NewsFlash\" data-gtm-custom-categorie=\"navigation\" data-gtm-custom-action=\"crossclick\" data-gtm-custom-label=\"Contextuel\" data-gtm-event=\"customEventSPE\" data-fig-domain=\"LEFIGARO\" rel=\"nofollow noopener\" target=\"_blank\">Omar Sy<\/a>\u00a0pourrait rapidement int\u00e9grer la distribution du nouveau film de la franchise\u00a0<a href=\"http:\/\/www.lefigaro.fr\/cinema\/le-film-ocean-s-avec-margot-robbie-perd-son-realisateur-pour-cause-de-divergences-artistiques-20260305\" data-fig-type=\"Article\" data-gtm-custom-categorie=\"navigation\" data-gtm-custom-action=\"crossclick\" data-gtm-custom-label=\"Contextuel\" data-gtm-event=\"customEventSPE\" data-fig-domain=\"LEFIGARO\" rel=\"nofollow noopener\" target=\"_blank\">Ocean\u2019s Eleven<\/a>, sign\u00e9\u00a0<a href=\"http:\/\/www.lefigaro.fr\/cinema\/notre-critique-de-is-this-thing-on-une-comedie-du-remariage-touchante-et-juste-signee-bradley-cooper-20260224\" data-fig-type=\"Article\" data-gtm-custom-categorie=\"navigation\" data-gtm-custom-action=\"crossclick\" data-gtm-custom-label=\"Contextuel\" data-gtm-event=\"customEventSPE\" data-fig-domain=\"LEFIGARO\" rel=\"nofollow noopener\" target=\"_blank\">Bradley Cooper<\/a>\u00a0(A Star is Born, Is This Thing On\u00a0?). L\u2019acteur de 48 ans serait actuellement en n\u00e9gociations avec les studios<a href=\"http:\/\/www.lefigaro.fr\/cinema\/scenario-flottant-musique-inadaptee-le-flop-de-supergirl-au-box-office-etait-inevitable-20260708\" data-fig-type=\"NewsFlash\" data-gtm-custom-categorie=\"navigation\" data-gtm-custom-action=\"crossclick\" data-gtm-custom-label=\"Contextuel\" data-gtm-event=\"customEventSPE\" data-fig-domain=\"LEFIGARO\" rel=\"nofollow noopener\" target=\"_blank\">\u00a0Warner Bros.<\/a>\u00a0Si sa participation venait \u00e0 \u00eatre confirm\u00e9e, il jouerait pour la septi\u00e8me fois de sa carri\u00e8re dans un film hollywoodien, apr\u00e8s des apparitions dans les sagas X-Men, Transformers ou encore Jurassic World.<\/p>\n<p class=\"fig-paragraph\">La vedette d\u2019Intouchables devrait partager l\u2019affiche aux c\u00f4t\u00e9s de l\u2019actrice germano-luxembourgeoise\u00a0<a href=\"https:\/\/www.lefigaro.fr\/cinema\/viggo-mortensen-le-personnage-de-vicky-krieps-s-inspire-de-ma-mere-20240429\" data-fig-type=\"Article\" data-gtm-custom-categorie=\"navigation\" data-gtm-custom-action=\"crossclick\" data-gtm-custom-label=\"Contextuel\" data-gtm-event=\"customEventSPE\" data-fig-domain=\"LEFIGARO\" rel=\"nofollow noopener\" target=\"_blank\">Vicky Krieps<\/a>, brillante dans The Phantom Thread de\u00a0<a href=\"http:\/\/www.lefigaro.fr\/cinema\/ceremonie-oscars\/paul-thomas-anderson-sacre-aux-oscars-une-victoire-qui-coule-de-source-20260316\" data-fig-type=\"Article\" data-gtm-custom-categorie=\"navigation\" data-gtm-custom-action=\"crossclick\" data-gtm-custom-label=\"Contextuel\" data-gtm-event=\"customEventSPE\" data-fig-domain=\"LEFIGARO\" rel=\"nofollow noopener\" target=\"_blank\">Paul Thomas Anderson<\/a>, ainsi que le Britannique George Mackay (1917). Les deux com\u00e9diens ont, eux, \u00e9t\u00e9 officiellement annonc\u00e9s dans le casting, comme le r\u00e9v\u00e8le mardi la presse am\u00e9ricaine. Annonc\u00e9 il y a cinq ans, le film est pr\u00e9sent\u00e9 comme un pr\u00e9quel \u00e0 l\u2019\u00e9pisode de 2002, dans lequel\u00a0<a href=\"http:\/\/www.lefigaro.fr\/cinema\/george-clooney-recevra-un-lion-d-or-d-honneur-a-la-mostra-de-venise-20260706\" data-fig-type=\"NewsFlash\" data-gtm-custom-categorie=\"navigation\" data-gtm-custom-action=\"crossclick\" data-gtm-custom-label=\"Contextuel\" data-gtm-event=\"customEventSPE\" data-fig-domain=\"LEFIGARO\" rel=\"nofollow noopener\" target=\"_blank\">George Clooney<\/a>\u00a0pr\u00eatait ses traits \u00e0 un certain Danny Ocean, un cambrioleur r\u00e9cidiviste qui montait une fine \u00e9quipe pour braquer un casino de Las Vegas.<\/p>\n<p>                                            <a class=\"fig-a11y-skip\" href=\"#fig-a11y-skip-main-inarticle\" is=\"fig-a11y-skip\" data-trigger-mode=\"visible-once\"><br \/>\n    Passer la publicit\u00e9<br \/>\n<\/a>            <\/p>\n<p class=\"fig-paragraph\">Pour ce nouveau film, le r\u00f4le principal, celui du p\u00e8re de Danny Ocean, a \u00e9t\u00e9 confi\u00e9 \u00e0 Bradley Cooper. Il devait initialement revenir \u00e0\u00a0<a href=\"http:\/\/www.lefigaro.fr\/cinema\/chabadabada-apres-la-la-land-ryan-gosling-aimerait-tourner-pour-claude-lelouch-20260318\" data-fig-type=\"Article\" data-gtm-custom-categorie=\"navigation\" data-gtm-custom-action=\"crossclick\" data-gtm-custom-label=\"Contextuel\" data-gtm-event=\"customEventSPE\" data-fig-domain=\"LEFIGARO\" rel=\"nofollow noopener\" target=\"_blank\">Ryan Gosling<\/a>, mais Warner Bros. ne souhaitait pas le r\u00e9unir \u00e0 l\u2019\u00e9cran avec\u00a0<a href=\"http:\/\/www.lefigaro.fr\/cinema\/margot-robbie-devoile-l-intrigue-du-prequel-d-ocean-s-11-20260418\" data-fig-type=\"NewsFlash\" data-gtm-custom-categorie=\"navigation\" data-gtm-custom-action=\"crossclick\" data-gtm-custom-label=\"Contextuel\" data-gtm-event=\"customEventSPE\" data-fig-domain=\"LEFIGARO\" rel=\"nofollow noopener\" target=\"_blank\">Margot Robbie<\/a>, car les deux com\u00e9diens ont form\u00e9 un couple qui a d\u00e9j\u00e0 marqu\u00e9 les esprits dans le film\u00a0<a href=\"http:\/\/www.lefigaro.fr\/vox\/societe\/projection-du-film-barbie-annulee-a-noisy-le-sec-jusqu-ou-ira-la-soumission-face-a-l-islamisme-20250813\" data-fig-type=\"Article\" data-gtm-custom-categorie=\"navigation\" data-gtm-custom-action=\"crossclick\" data-gtm-custom-label=\"Contextuel\" data-gtm-event=\"customEventSPE\" data-fig-domain=\"LEFIGARO\" rel=\"nofollow noopener\" target=\"_blank\">Barbie\u00a0<\/a> en 2024. L\u2019affiche int\u00e8gre \u00e9galement Wagner Moura (L\u2019Agent secret), Josh Gad (La Belle et la b\u00eate), ainsi que Monica Barbaro (Un parfait inconnu).<\/p>\n<p>                                            Retour en 1962 au Grand Prix de Monaco<\/p>\n<p class=\"fig-paragraph\">Quelques d\u00e9tails de l\u2019intrigue ont d\u00e9j\u00e0 fuit\u00e9 lors de la derni\u00e8re CinemaCon de Las Vegas. Margot Robbie y a r\u00e9v\u00e9l\u00e9 que le sc\u00e9nario se d\u00e9roule sur fond du Grand Prix de Monaco en 1962 et qu\u2019il se concentrera sur les parents de Danny Ocean, les \u00ab\u00a0deux g\u00e9nies qui lui ont tout appris\u00a0\u00bb. \u00ab\u00a0Vous les verrez \u00e0 leur apog\u00e9e\u00a0\u00bb, a-t-elle d\u00e9clar\u00e9. Bradley Cooper a, lui, expliqu\u00e9 que la course automobile \u00ab\u00a0servira de toile de fond \u00e0 un braquage qui aura lieu sur le yacht d\u2019un c\u00e9l\u00e8bre magnat du transport maritime\u00a0\u00bb, citant les films d\u2019Alfred Hitchcock comme ses principales inspirations. La sortie est, pour l\u2019instant, annonc\u00e9e en 2027.<\/p>\n<p class=\"fig-body-link\">\n            \u00c0 lire aussi<br \/>\n        <a class=\"fig-body-link__link\" href=\"http:\/\/www.lefigaro.fr\/cinema\/notre-critique-de-a-big-bold-beautiful-journey-margot-robbie-et-colin-farrell-naufrages-d-un-road-trip-sans-etincelle-20250930\" target=\"_blank\" data-fig-type=\"Article\" rel=\"noopener nofollow\" data-gtm-custom-categorie=\"navigation\" data-gtm-custom-action=\"crossclick\" data-gtm-custom-label=\"Contextuel\" data-gtm-event=\"customEventSPE\" data-fig-domain=\"LEFIGARO\"><br \/>\n                Notre critique de A Big Bold Beautiful Journey\u00a0: Margot Robbie et Colin Farrell naufrag\u00e9s d\u2019un road-trip sans \u00e9tincelle<br \/>\n    <\/a>\n<\/p>\n<p class=\"fig-paragraph\">Warner travaille, en parall\u00e8le, sur un autre film de la franchise Ocean\u2019s Eleven\u00a0:\u00a0la suite de la trilogie. Elle est en cours de d\u00e9veloppement et devrait r\u00e9unir \u00e0 nouveau \u00e0 l\u2019\u00e9cran George Clooney, Julia Roberts, Brad Pitt, Matt Damon et Don Cheadle. Une belle \u00e9quipe de braqueurs qui, plus d\u2019une vingtaine d\u2019ann\u00e9es apr\u00e8s ses premiers casses, aura s\u00fbrement de beaux restes.<\/p>\n","protected":false},"excerpt":{"rendered":"Apr\u00e8s des apparitions dans X-Men, Tranformers et Jurassic World, l\u2019acteur fran\u00e7ais poursuit son chemin \u00e0 Hollywood avec un&hellip;\n","protected":false},"author":2,"featured_media":209508,"comment_status":"","ping_status":"","sticky":false,"template":"","format":"standard","meta":{"footnotes":"","_share_on_mastodon":"0"},"categories":[15],"tags":[12201,158,157,113,112,390,40326,159,23],"class_list":["post-209507","post","type-post","status-publish","format-standard","has-post-thumbnail","category-people","tag-bradley-cooper","tag-celebrities","tag-celebrity","tag-divertissement","tag-entertainment","tag-margot-robbie","tag-omar-sy","tag-people","tag-suisse"],"share_on_mastodon":{"url":"https:\/\/pubeurope.com\/@ch_fr\/116883696630828275","error":""},"_links":{"self":[{"href":"https:\/\/www.europesays.com\/ch-fr\/wp-json\/wp\/v2\/posts\/209507","targetHints":{"allow":["GET"]}}],"collection":[{"href":"https:\/\/www.europesays.com\/ch-fr\/wp-json\/wp\/v2\/posts"}],"about":[{"href":"https:\/\/www.europesays.com\/ch-fr\/wp-json\/wp\/v2\/types\/post"}],"author":[{"embeddable":true,"href":"https:\/\/www.europesays.com\/ch-fr\/wp-json\/wp\/v2\/users\/2"}],"replies":[{"embeddable":true,"href":"https:\/\/www.europesays.com\/ch-fr\/wp-json\/wp\/v2\/comments?post=209507"}],"version-history":[{"count":0,"href":"https:\/\/www.europesays.com\/ch-fr\/wp-json\/wp\/v2\/posts\/209507\/revisions"}],"wp:featuredmedia":[{"embeddable":true,"href":"https:\/\/www.europesays.com\/ch-fr\/wp-json\/wp\/v2\/media\/209508"}],"wp:attachment":[{"href":"https:\/\/www.europesays.com\/ch-fr\/wp-json\/wp\/v2\/media?parent=209507"}],"wp:term":[{"taxonomy":"category","embeddable":true,"href":"https:\/\/www.europesays.com\/ch-fr\/wp-json\/wp\/v2\/categories?post=209507"},{"taxonomy":"post_tag","embeddable":true,"href":"https:\/\/www.europesays.com\/ch-fr\/wp-json\/wp\/v2\/tags?post=209507"}],"curies":[{"name":"wp","href":"https:\/\/api.w.org\/{rel}","templated":true}]}}