{"id":210249,"date":"2026-07-08T19:16:12","date_gmt":"2026-07-08T19:16:12","guid":{"rendered":"https:\/\/www.europesays.com\/ch-fr\/210249\/"},"modified":"2026-07-08T19:16:12","modified_gmt":"2026-07-08T19:16:12","slug":"pourquoi-zendaya-portait-elle-un-masque-tour-eiffel-pour-lavant-premiere-de-lodyssee-a-paris","status":"publish","type":"post","link":"https:\/\/www.europesays.com\/ch-fr\/210249\/","title":{"rendered":"Pourquoi Zendaya portait-elle un \u00ab\u00a0masque tour Eiffel\u00a0\u00bb pour l\u2019avant-premi\u00e8re de \u00ab\u00a0L\u2019Odyss\u00e9e\u00a0\u00bb \u00e0 Paris\u00a0?"},"content":{"rendered":"<p>Elle est l\u2019\u00e9l\u00e9gance incarn\u00e9e\u00a0: <a href=\"https:\/\/www.20minutes.fr\/arts-stars\/people\/zendaya\/\" class=\"c-link c-link--is-underlined\" rel=\"nofollow noopener\" target=\"_blank\">Zendaya<\/a> a marqu\u00e9 les esprits, \u00e0 Paris, lors de la promotion de <a href=\"https:\/\/www.20minutes.fr\/arts-stars\/cinema\/4233344-20260707-odyssee-pourquoi-costumes-casting-film-christopher-nolan-font-deja-polemique\" class=\"c-link c-link--is-underlined\" rel=\"nofollow noopener\" target=\"_blank\">L\u2019Odyss\u00e9e<\/a>, en transformant le Trocad\u00e9ro en un vaste podium face \u00e0 la tour Eiffel, rapporte <a href=\"https:\/\/www.huffingtonpost.fr\/culture\/article\/pour-l-odyssee-il-n-y-a-qu-a-paris-que-zendaya-pouvait-porter-ce-masque-impressionnant_285425.html\" target=\"_blank\" class=\"c-link c-link--is-underlined\" rel=\"nofollow noopener\">Le HuffPost<\/a>. L\u2019actrice y a en effet pr\u00e9sent\u00e9, mardi 7\u00a0juillet 2026, un look alliant <a href=\"https:\/\/www.20minutes.fr\/dossier\/haute_couture\" class=\"c-link c-link--is-underlined\" rel=\"nofollow noopener\" target=\"_blank\">haute couture<\/a> et clin d\u2019\u0153il au personnage qu\u2019elle incarne dans le film de <a href=\"https:\/\/www.20minutes.fr\/cinema\/christopher_nolan\/\" class=\"c-link c-link--is-underlined\" rel=\"nofollow noopener\" target=\"_blank\">Christopher Nolan<\/a>.<\/p>\n<p>V\u00eatue d\u2019une cr\u00e9ation Givenchy datant de\u00a01997 et sign\u00e9e <a href=\"https:\/\/www.20minutes.fr\/dossier\/alexander_mcqueen\" class=\"c-link c-link--is-underlined\" rel=\"nofollow noopener\" target=\"_blank\">Alexander McQueen<\/a>, elle a opt\u00e9 pour une silhouette sculpturale avec des \u00e9paules marqu\u00e9es et des manches amovibles. Cependant, c\u2019est sa coiffe dor\u00e9e qui a v\u00e9ritablement attir\u00e9 l\u2019attention. Car cette cr\u00e9ation sign\u00e9e <a href=\"https:\/\/www.20minutes.fr\/culture\/810036-20111021-philip-treacy-les-marques-luxe-aujourd-hui-toutes-comme-mcdonald-s-tous-coins-rue\" class=\"c-link c-link--is-underlined\" rel=\"nofollow noopener\" target=\"_blank\">Philip Treacy<\/a> rappelle sans \u00e9quivoque\u2026 la <a href=\"https:\/\/www.20minutes.fr\/dossier\/tour_eiffel\" class=\"c-link c-link--is-underlined\" rel=\"nofollow noopener\" target=\"_blank\">Dame de fer<\/a>.<\/p>\n<p class=\"mb-m@xs text-l@xs\">En cliquant sur\u00ab J\u2019accepte \u00bb, vous acceptez le d\u00e9p\u00f4t de cookies par des services externes et aurez ainsi acc\u00e8s aux contenus de nos partenaires.<\/p>\n<p class=\"mb-xl@xs text-s@xs\">Plus d\u2019informations sur la page<a href=\"https:\/\/www.20minutes.fr\/gestion-cookies\" class=\"mx-xxs@xs color-ultramarine\" rel=\"nofollow noopener\" target=\"_blank\">Politique de gestion des cookies<\/a><\/p>\n<p>J\u2019accepteUne actrice qui ne rigole pas avec la promo<\/p>\n<p>D\u00e9licatement ajour\u00e9, l\u2019incroyable masque couvrait presque enti\u00e8rement son visage, ne laissant para\u00eetre que ses yeux et sa bouche. Une image forte con\u00e7ue pour correspondre au personnage d\u2019Ath\u00e9na, la d\u00e9esse qu\u2019elle interpr\u00e8te \u00e0 l\u2019\u00e9cran, et illustrant sa strat\u00e9gie raffin\u00e9e de \u00ab\u00a0<a href=\"https:\/\/www.20minutes.fr\/tempo\/4217053-20260408-method-dressing-devenu-meilleur-outil-promotion-films-bandes-annonces\" class=\"c-link c-link--is-underlined\" rel=\"nofollow noopener\" target=\"_blank\">method dressing<\/a>\u00a0\u00bb.<\/p>\n<p><a href=\"https:\/\/www.20minutes.fr\/arts-stars\/people\/zendaya\/\" class=\"c-link c-btn c-btn--primary\" rel=\"nofollow noopener\" target=\"_blank\">Toute l&rsquo;actualit\u00e9 de Zendaya<\/a><\/p>\n<p>Le HuffPost appelle que la veille, \u00e0 <a href=\"https:\/\/www.20minutes.fr\/dossier\/londres\" class=\"c-link c-link--is-underlined\" rel=\"nofollow noopener\" target=\"_blank\">Londres<\/a>, Zendaya avait d\u00e9j\u00e0 fait sensation avec une robe <a href=\"https:\/\/www.20minutes.fr\/mode\/1277262-20140121-20140121-video-fashion-week-defile-schiaparelli\" class=\"c-link c-link--is-underlined\" rel=\"nofollow noopener\" target=\"_blank\">Schiaparelli<\/a> au bustier en silicone moul\u00e9. Entre pi\u00e8ces d\u2019archives iconiques et cr\u00e9ations in\u00e9dites, chaque apparition de l\u2019actrice est d\u00e9sormais orchestr\u00e9e comme un \u00e9v\u00e9nement&#8230; \u00e9clipsant presque <a href=\"https:\/\/www.20minutes.fr\/arts-stars\/people\/4130797-20241224-prochain-film-christopher-nolan-adaptation-odyssee-homere\" class=\"c-link c-link--is-underlined\" rel=\"nofollow noopener\" target=\"_blank\">ses partenaires<\/a>, pourtant tout aussi prestigieux.<\/p>\n","protected":false},"excerpt":{"rendered":"Elle est l\u2019\u00e9l\u00e9gance incarn\u00e9e\u00a0: Zendaya a marqu\u00e9 les esprits, \u00e0 Paris, lors de la promotion de L\u2019Odyss\u00e9e, en&hellip;\n","protected":false},"author":2,"featured_media":210250,"comment_status":"","ping_status":"","sticky":false,"template":"","format":"standard","meta":{"footnotes":"","_share_on_mastodon":"0"},"categories":[15],"tags":[2687,47654,158,157,113,112,139,159,2980,23,14490,8092,4620],"class_list":["post-210249","post","type-post","status-publish","format-standard","has-post-thumbnail","category-people","tag-actrice","tag-alexander-mcqueen","tag-celebrities","tag-celebrity","tag-divertissement","tag-entertainment","tag-film","tag-people","tag-style","tag-suisse","tag-tendance-mode","tag-tour-eiffel","tag-zendaya"],"share_on_mastodon":{"url":"https:\/\/pubeurope.com\/@ch_fr\/116885965092313638","error":""},"_links":{"self":[{"href":"https:\/\/www.europesays.com\/ch-fr\/wp-json\/wp\/v2\/posts\/210249","targetHints":{"allow":["GET"]}}],"collection":[{"href":"https:\/\/www.europesays.com\/ch-fr\/wp-json\/wp\/v2\/posts"}],"about":[{"href":"https:\/\/www.europesays.com\/ch-fr\/wp-json\/wp\/v2\/types\/post"}],"author":[{"embeddable":true,"href":"https:\/\/www.europesays.com\/ch-fr\/wp-json\/wp\/v2\/users\/2"}],"replies":[{"embeddable":true,"href":"https:\/\/www.europesays.com\/ch-fr\/wp-json\/wp\/v2\/comments?post=210249"}],"version-history":[{"count":0,"href":"https:\/\/www.europesays.com\/ch-fr\/wp-json\/wp\/v2\/posts\/210249\/revisions"}],"wp:featuredmedia":[{"embeddable":true,"href":"https:\/\/www.europesays.com\/ch-fr\/wp-json\/wp\/v2\/media\/210250"}],"wp:attachment":[{"href":"https:\/\/www.europesays.com\/ch-fr\/wp-json\/wp\/v2\/media?parent=210249"}],"wp:term":[{"taxonomy":"category","embeddable":true,"href":"https:\/\/www.europesays.com\/ch-fr\/wp-json\/wp\/v2\/categories?post=210249"},{"taxonomy":"post_tag","embeddable":true,"href":"https:\/\/www.europesays.com\/ch-fr\/wp-json\/wp\/v2\/tags?post=210249"}],"curies":[{"name":"wp","href":"https:\/\/api.w.org\/{rel}","templated":true}]}}