{"id":211253,"date":"2026-07-09T13:06:06","date_gmt":"2026-07-09T13:06:06","guid":{"rendered":"https:\/\/www.europesays.com\/ch-fr\/211253\/"},"modified":"2026-07-09T13:06:06","modified_gmt":"2026-07-09T13:06:06","slug":"lassociation-des-peintres-du-bessin-expose-ses-talents-a-thaon","status":"publish","type":"post","link":"https:\/\/www.europesays.com\/ch-fr\/211253\/","title":{"rendered":"L\u2019association des Peintres du Bessin expose ses talents \u00e0 Thaon"},"content":{"rendered":"<p>Depuis quarante-cinq ans, l\u2019association des Peintres du Bessin fait rayonner la cr\u00e9ation artistique locale bien au-del\u00e0 de Bayeux. Forte d\u2019une trentaine de membres, elle multiplie les rendez-vous dans le territoire afin de pr\u00e9senter son travail au plus pr\u00e8s des habitants. Nous aimons aller \u00e0 la rencontre du public, souligne la pr\u00e9sidente Th\u00e9r\u00e8se Cambron.<\/p>\n<p>Lire aussi\u00a0:  <a href=\"https:\/\/www.ouest-france.fr\/societe\/prison\/un-rapport-accablant-denonce-des-violences-systemiques-et-traitements-inhumains-a-la-prison-de-conde-sur-sarthe-6f9d9f74-7b70-11f1-b6b9-5740d58e7caf\" target=\"_blank\" rel=\"nofollow noopener\">Un rapport accablant d\u00e9nonce des \u00ab\u00a0violences syst\u00e9miques\u00a0\u00bb et \u00ab\u00a0traitements inhumains\u00a0\u00bb \u00e0 la prison de Cond\u00e9-sur-Sarthe<\/a><\/p>\n<p>L\u2019association pose ses chevalets \u00e0 Thaon\u00a0(Calvados) gr\u00e2ce \u00e0 une rencontre. Christelle Bir\u00e9e a ouvert la porte, et nous l\u2019avons franchie avec enthousiasme, confient les membres de l\u2019association. L\u2019artiste, qui a d\u00e9j\u00e0 expos\u00e9 \u00e0 plusieurs reprises dans ce lieu qu\u2019elle qualifie de magnifique, a souhait\u00e9 faire d\u00e9couvrir cet espace au collectif.<\/p>\n<p>        Treize artistes r\u00e9unis dans un m\u00eame lieu<\/p>\n<p>Du 10 au 15\u00a0juillet, l\u2019Espace culturel Michel-Fr\u00e9rot accueillera ainsi une exposition collective r\u00e9unissant treize artistes aux univers vari\u00e9s. Une diversit\u00e9 qui constitue l\u2019une des marques de fabrique des Peintres du Bessin. Parmi eux, Isabelle Aublet, Th\u00e9r\u00e8se Cambron, Jean-Claude Castel et Jean-Hilaire Izabelle pr\u00e9senteront des \u0153uvres contemporaines, parfois abstraites, o\u00f9 la couleur tient une place centrale. La couleur, c\u2019est notre terrain de jeu, glisse l\u2019un des exposants. La c\u00e9ramiste Christelle Bir\u00e9e exposera ses cr\u00e9ations aux c\u00f4t\u00e9s des sculptures en papier m\u00e2ch\u00e9 de Nathalie Maroquesne.<\/p>\n<p>                        <img decoding=\"async\" class=\"su-media\" title=\"Un aper\u00e7u des \u0153uvres qui seront expos\u00e9es \u00e0 partir du 10 juillet \u00e0 l\u2019Espace culturel Michel-Fr\u00e9rot, \u00e0 Thaon (Calvados), dont celles de la c\u00e9ramiste Christelle Bir\u00e9e.\" src=\"data:image\/png;base64,iVBORw0KGgoAAAANSUhEUgAAABAAAAAJCAYAAAA7KqwyAAAAGXRFWHRTb2Z0d2FyZQBBZG9iZSBJbWFnZVJlYWR5ccllPAAAABhJREFUeNpi\/P\/\/PwMlgHHUgFEDgAAgwAD+lBrvy+NcxAAAAABJRU5ErkJggg==\" data-oflazyload=\"{&quot;srcset&quot;:&quot;https:\/\/media.ouest-france.fr\/v1\/pictures\/MjAyNjA3NDNlMjllNGRlYzU3Zjg0N2YwMGZiZGI2ZTg2MWNlMDg?width=320&amp;focuspoint=50%2C25&amp;cropresize=1&amp;client_id=bpeditorial&amp;sign=4ea79ea58329b3aedd29b83386e026a14726a3ba0e3d5eb255e9b924ec14db06 280w, https:\/\/media.ouest-france.fr\/v1\/pictures\/MjAyNjA3NDNlMjllNGRlYzU3Zjg0N2YwMGZiZGI2ZTg2MWNlMDg?width=375&amp;focuspoint=50%2C25&amp;cropresize=1&amp;client_id=bpeditorial&amp;sign=843deb8e9a7faa9360f298704952cf1ed2f65e71dc0ed9d78dba26b365d2435b 360w, https:\/\/media.ouest-france.fr\/v1\/pictures\/MjAyNjA3NDNlMjllNGRlYzU3Zjg0N2YwMGZiZGI2ZTg2MWNlMDg?width=480&amp;focuspoint=50%2C25&amp;cropresize=1&amp;client_id=bpeditorial&amp;sign=a451898d6dec8d0b3bf0a15627fb0cb7831e990791f8493a76fc9b1b2f6bbfaf 480w, https:\/\/media.ouest-france.fr\/v1\/pictures\/MjAyNjA3NDNlMjllNGRlYzU3Zjg0N2YwMGZiZGI2ZTg2MWNlMDg?width=630&amp;focuspoint=50%2C25&amp;cropresize=1&amp;client_id=bpeditorial&amp;sign=b34e6476b3d94a4affe8fab9cd647d9c0ab59c59a3f78cef076540c657307d4c 630w, https:\/\/media.ouest-france.fr\/v1\/pictures\/MjAyNjA3NDNlMjllNGRlYzU3Zjg0N2YwMGZiZGI2ZTg2MWNlMDg?width=940&amp;focuspoint=50%2C25&amp;cropresize=1&amp;client_id=bpeditorial&amp;sign=301993fae66e9c16cb6b748118be0703ab2769e329ee362ad34747d0d676f65c 940w, https:\/\/media.ouest-france.fr\/v1\/pictures\/MjAyNjA3NDNlMjllNGRlYzU3Zjg0N2YwMGZiZGI2ZTg2MWNlMDg?width=1260&amp;focuspoint=50%2C25&amp;cropresize=1&amp;client_id=bpeditorial&amp;sign=523902aeaf7f562f3395b758c127b9bd3ecd91527406ed313f2006dbe4a48cfb 1260w&quot; }\"\/><\/p>\n<p>                    Un aper\u00e7u des \u0153uvres qui seront expos\u00e9es \u00e0 partir du 10 juillet \u00e0 l\u2019Espace culturel Michel-Fr\u00e9rot, \u00e0 Thaon (Calvados), dont celles de la c\u00e9ramiste Christelle Bir\u00e9e. | OUEST-FRANCE<br \/>\n                    Voir en plein \u00e9cran<\/p>\n<p>                    <img decoding=\"async\" class=\"media\" title=\"Un aper\u00e7u des \u0153uvres qui seront expos\u00e9es \u00e0 partir du 10 juillet \u00e0 l\u2019Espace culturel Michel-Fr\u00e9rot, \u00e0 Thaon (Calvados), dont celles de la c\u00e9ramiste Christelle Bir\u00e9e.\" data-oflazyload=\"{&quot;srcset&quot;:&quot;https:\/\/media.ouest-france.fr\/v1\/pictures\/MjAyNjA3NDNlMjllNGRlYzU3Zjg0N2YwMGZiZGI2ZTg2MWNlMDg?width=320&amp;focuspoint=50%2C25&amp;cropresize=1&amp;client_id=bpeditorial&amp;sign=4ea79ea58329b3aedd29b83386e026a14726a3ba0e3d5eb255e9b924ec14db06 280w, https:\/\/media.ouest-france.fr\/v1\/pictures\/MjAyNjA3NDNlMjllNGRlYzU3Zjg0N2YwMGZiZGI2ZTg2MWNlMDg?width=375&amp;focuspoint=50%2C25&amp;cropresize=1&amp;client_id=bpeditorial&amp;sign=843deb8e9a7faa9360f298704952cf1ed2f65e71dc0ed9d78dba26b365d2435b 360w, https:\/\/media.ouest-france.fr\/v1\/pictures\/MjAyNjA3NDNlMjllNGRlYzU3Zjg0N2YwMGZiZGI2ZTg2MWNlMDg?width=480&amp;focuspoint=50%2C25&amp;cropresize=1&amp;client_id=bpeditorial&amp;sign=a451898d6dec8d0b3bf0a15627fb0cb7831e990791f8493a76fc9b1b2f6bbfaf 480w, https:\/\/media.ouest-france.fr\/v1\/pictures\/MjAyNjA3NDNlMjllNGRlYzU3Zjg0N2YwMGZiZGI2ZTg2MWNlMDg?width=630&amp;focuspoint=50%2C25&amp;cropresize=1&amp;client_id=bpeditorial&amp;sign=b34e6476b3d94a4affe8fab9cd647d9c0ab59c59a3f78cef076540c657307d4c 630w, https:\/\/media.ouest-france.fr\/v1\/pictures\/MjAyNjA3NDNlMjllNGRlYzU3Zjg0N2YwMGZiZGI2ZTg2MWNlMDg?width=940&amp;focuspoint=50%2C25&amp;cropresize=1&amp;client_id=bpeditorial&amp;sign=301993fae66e9c16cb6b748118be0703ab2769e329ee362ad34747d0d676f65c 940w, https:\/\/media.ouest-france.fr\/v1\/pictures\/MjAyNjA3NDNlMjllNGRlYzU3Zjg0N2YwMGZiZGI2ZTg2MWNlMDg?width=1260&amp;focuspoint=50%2C25&amp;cropresize=1&amp;client_id=bpeditorial&amp;sign=523902aeaf7f562f3395b758c127b9bd3ecd91527406ed313f2006dbe4a48cfb 1260w&quot; }\"\/><br \/>\n                    Un aper\u00e7u des \u0153uvres qui seront expos\u00e9es \u00e0 partir du 10 juillet \u00e0 l\u2019Espace culturel Michel-Fr\u00e9rot, \u00e0 Thaon (Calvados), dont celles de la c\u00e9ramiste Christelle Bir\u00e9e. | OUEST-FRANCE<\/p>\n<p>Lire aussi\u00a0: <a href=\"https:\/\/www.ouest-france.fr\/culture\/patrimoine\/monument-prefere-des-francais-la-basilique-sainte-therese-de-lisieux-represente-la-normandie-au-concours-televise-b7e1c63c-7b72-11f1-b6b9-5740d58e7caf\" target=\"_blank\" rel=\"nofollow noopener\">Monument pr\u00e9f\u00e9r\u00e9 des Fran\u00e7ais\u00a0: la basilique Sainte-Th\u00e9r\u00e8se de Lisieux repr\u00e9sente la Normandie au concours t\u00e9l\u00e9vis\u00e9<\/a><\/p>\n<p>Le public pourra \u00e9galement d\u00e9couvrir les \u0153uvres figuratives de Marie-Odile Constantin, Cosane, Nicole Desdouet, Bernard Fanzini, Liliane H\u00e9lie, Francisco Martinez et Mireille Rieutort. Huiles, acryliques, pastels, aquarelles et gravures composeront un ensemble riche et \u00e9clectique. Chacun apporte sa patte, c\u2019est notre richesse, r\u00e9sume l\u2019association.<\/p>\n<p>Le vernissage, temps fort de cette semaine artistique, se d\u00e9roulera samedi 11\u00a0juillet \u00e0 18\u00a0h. Nous esp\u00e9rons vous voir nombreux, conclut l\u2019\u00e9quipe.<\/p>\n<p>Pratique. Entr\u00e9e libre, du 10 au 15\u00a0juillet \u00e0 l\u2019Espace culturel Michel-Fr\u00e9rot. Ouverture vendredi de 14\u00a0h \u00e0 18\u00a0h, puis de 10\u00a0h\u00a030 \u00e0 18\u00a0h les autres jours.<\/p>\n","protected":false},"excerpt":{"rendered":"Depuis quarante-cinq ans, l\u2019association des Peintres du Bessin fait rayonner la cr\u00e9ation artistique locale bien au-del\u00e0 de Bayeux.&hellip;\n","protected":false},"author":2,"featured_media":211254,"comment_status":"","ping_status":"","sticky":false,"template":"","format":"standard","meta":{"footnotes":"","_share_on_mastodon":"0"},"categories":[14],"tags":[155,156,113,112,811,23,47835],"class_list":["post-211253","post","type-post","status-publish","format-standard","has-post-thumbnail","category-arts-et-design","tag-arts-and-design","tag-arts-et-design","tag-divertissement","tag-entertainment","tag-expositions","tag-suisse","tag-thaon"],"share_on_mastodon":{"url":"https:\/\/pubeurope.com\/@ch_fr\/116890172502647196","error":""},"_links":{"self":[{"href":"https:\/\/www.europesays.com\/ch-fr\/wp-json\/wp\/v2\/posts\/211253","targetHints":{"allow":["GET"]}}],"collection":[{"href":"https:\/\/www.europesays.com\/ch-fr\/wp-json\/wp\/v2\/posts"}],"about":[{"href":"https:\/\/www.europesays.com\/ch-fr\/wp-json\/wp\/v2\/types\/post"}],"author":[{"embeddable":true,"href":"https:\/\/www.europesays.com\/ch-fr\/wp-json\/wp\/v2\/users\/2"}],"replies":[{"embeddable":true,"href":"https:\/\/www.europesays.com\/ch-fr\/wp-json\/wp\/v2\/comments?post=211253"}],"version-history":[{"count":0,"href":"https:\/\/www.europesays.com\/ch-fr\/wp-json\/wp\/v2\/posts\/211253\/revisions"}],"wp:featuredmedia":[{"embeddable":true,"href":"https:\/\/www.europesays.com\/ch-fr\/wp-json\/wp\/v2\/media\/211254"}],"wp:attachment":[{"href":"https:\/\/www.europesays.com\/ch-fr\/wp-json\/wp\/v2\/media?parent=211253"}],"wp:term":[{"taxonomy":"category","embeddable":true,"href":"https:\/\/www.europesays.com\/ch-fr\/wp-json\/wp\/v2\/categories?post=211253"},{"taxonomy":"post_tag","embeddable":true,"href":"https:\/\/www.europesays.com\/ch-fr\/wp-json\/wp\/v2\/tags?post=211253"}],"curies":[{"name":"wp","href":"https:\/\/api.w.org\/{rel}","templated":true}]}}