{"id":211552,"date":"2026-07-09T16:50:10","date_gmt":"2026-07-09T16:50:10","guid":{"rendered":"https:\/\/www.europesays.com\/ch-fr\/211552\/"},"modified":"2026-07-09T16:50:10","modified_gmt":"2026-07-09T16:50:10","slug":"ladjoint-au-maire-daix-jean-christophe-grossi-reunit-les-commercants-autour-de-lexposition-de-paul-mccartney","status":"publish","type":"post","link":"https:\/\/www.europesays.com\/ch-fr\/211552\/","title":{"rendered":"L\u2019adjoint au maire d\u2019Aix Jean-Christophe Grossi r\u00e9unit les commer\u00e7ants autour de l\u2019exposition de Paul McCartney"},"content":{"rendered":"<p>Entre leurs mains, le Guide pratique des commer\u00e7ants aixois. \u00ab\u00a0C\u2019est un quatre pages, une sorte de\u2019qui fait quoi\u2019qu\u2019on leur distribue \u00e0 l\u2019issue de la visite\u00a0\u00bb, souligne l\u2019adjoint au maire d\u2019Aix en charge des commerces,<a href=\"https:\/\/www.laprovence.com\/article\/region\/7741078275948815\/aix-en-provence-lhomme-qui-habille-les-notables-de-lancienne-capitale-de-provence\" target=\"_self\" rel=\"nofollow noopener\"> Jean-Christophe Grossi.<\/a><\/p>\n<p>L\u2019\u00e9lu, qui a retrouv\u00e9 le conseil municipal en mars dernier apr\u00e8s un peu plus d\u2019un mandat d\u2019absence, a convi\u00e9 tous les commer\u00e7ants aixois ce mercredi 8\u00a0juillet \u00e0 19h, entre les murs du mus\u00e9e Granet. Une initiative qui fait notamment \u00e9cho \u00e0 certaines remontrances datant de\u00a02025, \u00ab\u00a0lorsqu\u2019on avait voulu \u00eatre r\u00e9uni pour <a href=\"https:\/\/www.laprovence.com\/article\/culture-loisirs\/83157190411235\/cezanne-au-jas-de-bouffan-l-expo-inedite-des-oeuvres-du-maitre-aixois-ce-quen-pensent-les-lecteurs-de-la-provence\" target=\"_self\" rel=\"nofollow noopener\">l\u2019expo Cezanne<\/a> \u00e0 Granet, ne serait-ce que pour pouvoir en parler apr\u00e8s avec les touristes, les clients\u2026 Mais \u00e7a n\u2019avait pas \u00e9t\u00e9 fait\u00a0\u00bb, regrette cette vendeuse du centre-ville.<\/p>\n<p>\u00ab\u00a0Do you know mus\u00e9e Granet\u00a0\u00bb<\/p>\n<p>Cette fois, nul grand ma\u00eetre du pinceau, mais <a href=\"https:\/\/www.laprovence.com\/article\/culture-loisirs\/27262012839456\/eyes-of-the-storm-au-musee-granet-a-aix-les-yeux-de-paul-mccartney-au-coeur-de-la-beatlemania\" target=\"_self\" rel=\"nofollow noopener\">l\u2019une des plus grandes ic\u00f4nes mondiales du rock, expos\u00e9 pour ses clich\u00e9s<\/a>. \u00ab\u00a0Les commer\u00e7ants sont pour moi des leaders d\u2019opinion. Et quand un touriste va entrer pour dire\u2019do you know mus\u00e9e Granet\u00a0?&rsquo;, ils pourront r\u00e9pondre\u00a0: &lsquo;Oui, et il y a une belle exposition photo de Paul McCartney en ce moment\u00a0!'\u00a0\u00bb, souligne Jean-Christophe Grossi, venu pr\u00e9senter \u00ab\u00a0le programme des actions que nous allons mener&#8230;<\/p>\n","protected":false},"excerpt":{"rendered":"Entre leurs mains, le Guide pratique des commer\u00e7ants aixois. \u00ab\u00a0C\u2019est un quatre pages, une sorte de\u2019qui fait quoi\u2019qu\u2019on&hellip;\n","protected":false},"author":2,"featured_media":211553,"comment_status":"","ping_status":"","sticky":false,"template":"","format":"standard","meta":{"footnotes":"","_share_on_mastodon":"0"},"categories":[15],"tags":[449,158,157,11835,113,112,47876,47875,47874,473,2949,159,92,44925,23],"class_list":["post-211552","post","type-post","status-publish","format-standard","has-post-thumbnail","category-people","tag-449","tag-celebrities","tag-celebrity","tag-daix","tag-divertissement","tag-entertainment","tag-grossi","tag-jean-christophe","tag-ladjoint","tag-les","tag-maire","tag-people","tag-politique","tag-reunit","tag-suisse"],"share_on_mastodon":{"url":"https:\/\/pubeurope.com\/@ch_fr\/116891053174953699","error":""},"_links":{"self":[{"href":"https:\/\/www.europesays.com\/ch-fr\/wp-json\/wp\/v2\/posts\/211552","targetHints":{"allow":["GET"]}}],"collection":[{"href":"https:\/\/www.europesays.com\/ch-fr\/wp-json\/wp\/v2\/posts"}],"about":[{"href":"https:\/\/www.europesays.com\/ch-fr\/wp-json\/wp\/v2\/types\/post"}],"author":[{"embeddable":true,"href":"https:\/\/www.europesays.com\/ch-fr\/wp-json\/wp\/v2\/users\/2"}],"replies":[{"embeddable":true,"href":"https:\/\/www.europesays.com\/ch-fr\/wp-json\/wp\/v2\/comments?post=211552"}],"version-history":[{"count":0,"href":"https:\/\/www.europesays.com\/ch-fr\/wp-json\/wp\/v2\/posts\/211552\/revisions"}],"wp:featuredmedia":[{"embeddable":true,"href":"https:\/\/www.europesays.com\/ch-fr\/wp-json\/wp\/v2\/media\/211553"}],"wp:attachment":[{"href":"https:\/\/www.europesays.com\/ch-fr\/wp-json\/wp\/v2\/media?parent=211552"}],"wp:term":[{"taxonomy":"category","embeddable":true,"href":"https:\/\/www.europesays.com\/ch-fr\/wp-json\/wp\/v2\/categories?post=211552"},{"taxonomy":"post_tag","embeddable":true,"href":"https:\/\/www.europesays.com\/ch-fr\/wp-json\/wp\/v2\/tags?post=211552"}],"curies":[{"name":"wp","href":"https:\/\/api.w.org\/{rel}","templated":true}]}}